{"id":6422,"date":"2025-07-03T13:05:19","date_gmt":"2025-07-03T12:05:19","guid":{"rendered":"https:\/\/www.dmoz.fr\/tendances\/qui-est-le-pere-des-fils-de\/"},"modified":"2025-07-03T13:05:19","modified_gmt":"2025-07-03T12:05:19","slug":"qui-est-le-pere-des-fils-de","status":"publish","type":"post","link":"https:\/\/www.dmoz.fr\/tendances\/qui-est-le-pere-des-fils-de\/","title":{"rendered":"Qui est le p\u00e8re des fils de : d\u00e9couvrez l\u2019histoire fascinante derri\u00e8re ce myst\u00e8re"},"content":{"rendered":"<p><\/p>\n<div id='video-container' data-video-id='OKnVA3sB6vQ' style='width:100%; height:auto; max-width:587px; position: relative;'>\n<div class='image-video-plugin' style='background:url(\"https:\/\/img.youtube.com\/vi\/OKnVA3sB6vQ\/0.jpg\") center no-repeat; background-size: cover;'><\/div>\n<p>        <span class='youtube-play-button'><\/span><br \/>\n        <noscript><a href=\"https:\/\/www.youtube.com\/watch?v=OKnVA3sB6vQ\" target=\"_blank\" rel=\"noopener\"><\/a><\/noscript>\n    <\/div>\n<p><\/p>\n<h2>Qui Est Le P\u00e8re Des Fils De<\/h2>\n<p><h2>Qui est le p\u00e8re des fils de<\/h2>\n<p>\nAh, la grande question qui fait fr\u00e9mir les arbres g\u00e9n\u00e9alogiques et titiller les esprits curieux ! <b>Le p\u00e8re des fils de<\/b>, c\u2019est un peu comme chercher l\u2019aiguille dans une botte de foin g\u00e9n\u00e9tique. Mais rassurez-vous, on va d\u00e9m\u00ealer ce myst\u00e8re avec \u00e9l\u00e9gance et un brin d\u2019humour. En r\u00e9alit\u00e9, cette expression renvoie \u00e0 une figure paternelle, celle qui a donn\u00e9 naissance \u00e0 une lign\u00e9e, \u00e0 une descendance, ou m\u00eame \u00e0 une id\u00e9e. Que ce soit dans un contexte familial, mythologique ou symbolique, ce &ldquo;p\u00e8re&rdquo; incarne l\u2019origine, la source, et parfois m\u00eame, la responsabilit\u00e9 de ce qui suit.<\/p>\n<p>Dans certains r\u00e9cits, comme ceux de la mythologie grecque, <b>le p\u00e8re des fils de<\/b> peut \u00eatre un dieu, un h\u00e9ros ou un simple mortel dont les actions ont fa\u00e7onn\u00e9 l\u2019histoire. Par exemple, Zeus, le roi des dieux, est souvent consid\u00e9r\u00e9 comme le p\u00e8re de nombreux h\u00e9ros et demi-dieux. Mais attention, ne vous m\u00e9prenez pas : \u00eatre le p\u00e8re des fils de, c\u2019est aussi un r\u00f4le qui peut peser lourd. Imaginez devoir assumer la paternit\u00e9 de tous ces descendants, leurs exploits, leurs drames, et leurs dettes !<\/p>\n<p><h3>Questions que vous vous posez (et on y r\u00e9pond !)<\/h3>\n<p><\/p>\n<ul><\/p>\n<li><b>Est-ce que &ldquo;le p\u00e8re des fils de&rdquo; est toujours une personne ?<\/b> Pas n\u00e9cessairement ! Cela peut aussi symboliser une id\u00e9e, un mouvement ou m\u00eame une invention qui a engendr\u00e9 une multitude de d\u00e9veloppements.<\/li>\n<p><\/p>\n<li><b>Y a-t-il des exemples c\u00e9l\u00e8bres ?<\/b> Absolument ! Pensez \u00e0 des figures comme Abraham, consid\u00e9r\u00e9 comme le p\u00e8re des trois grandes religions monoth\u00e9istes, ou encore \u00e0 des personnages fictifs comme Darth Vader, le p\u00e8re de Luke Skywalker dans Star Wars.<\/li>\n<p><\/p>\n<li><b>Et si on parle de paternit\u00e9 symbolique ?<\/b> L\u00e0, on entre dans le domaine des concepts. Par exemple, on pourrait dire que Newton est le p\u00e8re de la physique moderne, ou que Shakespeare est le p\u00e8re du th\u00e9\u00e2tre anglais.<\/li>\n<p>\n<\/ul>\n<\/p>\n<p>[aib_post_related url=&rsquo;\/tendances\/agnes-verdier-molinie-mari\/&rsquo; title=&rsquo;Agnes Verdier-Molini\u00e9 mari\u00a0: d\u00e9couvrez les secrets de sa vie priv\u00e9e&rsquo; relatedtext=&rsquo;Vous pourriez \u00e9galement \u00eatre int\u00e9ress\u00e9 par:&rsquo;]<\/p>\n<p>Alors, que vous soyez en qu\u00eate de r\u00e9ponses g\u00e9n\u00e9alogiques ou simplement curieux de comprendre cette expression, retenez une chose : <b>le p\u00e8re des fils de<\/b> est avant tout une figure qui incarne l\u2019origine, qu\u2019elle soit r\u00e9elle, mythique ou symbolique. Et parfois, c\u2019est aussi celui qui doit assumer les cons\u00e9quences de sa &ldquo;paternit\u00e9&rdquo; avec un soupir r\u00e9sign\u00e9 et une tasse de th\u00e9 bien chaude.<\/p>\n","protected":false},"excerpt":{"rendered":"<p>Qui Est Le P\u00e8re Des Fils De Qui est le p\u00e8re des fils de Ah, la grande question qui fait fr\u00e9mir les arbres g\u00e9n\u00e9alogiques et titiller les esprits curieux ! Le p\u00e8re des fils de, c\u2019est un peu comme chercher l\u2019aiguille dans une botte de foin g\u00e9n\u00e9tique. Mais rassurez-vous, on va d\u00e9m\u00ealer ce myst\u00e8re avec&#8230;<\/p>\n","protected":false},"author":1,"featured_media":6423,"comment_status":"","ping_status":"","sticky":false,"template":"","format":"standard","meta":{"_kad_post_transparent":"","_kad_post_title":"","_kad_post_layout":"","_kad_post_sidebar_id":"","_kad_post_content_style":"","_kad_post_vertical_padding":"","_kad_post_feature":"","_kad_post_feature_position":"","_kad_post_header":false,"_kad_post_footer":false,"_kad_post_classname":"","iawp_total_views":0,"footnotes":""},"categories":[28],"tags":[],"class_list":["post-6422","post","type-post","status-publish","format-standard","has-post-thumbnail","hentry","category-personnalites"],"_links":{"self":[{"href":"https:\/\/www.dmoz.fr\/tendances\/wp-json\/wp\/v2\/posts\/6422","targetHints":{"allow":["GET"]}}],"collection":[{"href":"https:\/\/www.dmoz.fr\/tendances\/wp-json\/wp\/v2\/posts"}],"about":[{"href":"https:\/\/www.dmoz.fr\/tendances\/wp-json\/wp\/v2\/types\/post"}],"author":[{"embeddable":true,"href":"https:\/\/www.dmoz.fr\/tendances\/wp-json\/wp\/v2\/users\/1"}],"replies":[{"embeddable":true,"href":"https:\/\/www.dmoz.fr\/tendances\/wp-json\/wp\/v2\/comments?post=6422"}],"version-history":[{"count":0,"href":"https:\/\/www.dmoz.fr\/tendances\/wp-json\/wp\/v2\/posts\/6422\/revisions"}],"wp:featuredmedia":[{"embeddable":true,"href":"https:\/\/www.dmoz.fr\/tendances\/wp-json\/wp\/v2\/media\/6423"}],"wp:attachment":[{"href":"https:\/\/www.dmoz.fr\/tendances\/wp-json\/wp\/v2\/media?parent=6422"}],"wp:term":[{"taxonomy":"category","embeddable":true,"href":"https:\/\/www.dmoz.fr\/tendances\/wp-json\/wp\/v2\/categories?post=6422"},{"taxonomy":"post_tag","embeddable":true,"href":"https:\/\/www.dmoz.fr\/tendances\/wp-json\/wp\/v2\/tags?post=6422"}],"curies":[{"name":"wp","href":"https:\/\/api.w.org\/{rel}","templated":true}]}}