{"id":6652,"date":"2025-07-19T16:58:50","date_gmt":"2025-07-19T15:58:50","guid":{"rendered":"https:\/\/www.dmoz.fr\/tendances\/maladie-auto-immune-perte-de-poids\/"},"modified":"2025-07-19T16:58:50","modified_gmt":"2025-07-19T15:58:50","slug":"maladie-auto-immune-perte-de-poids","status":"publish","type":"post","link":"https:\/\/www.dmoz.fr\/tendances\/maladie-auto-immune-perte-de-poids\/","title":{"rendered":"Maladie auto-immune et perte de poids : ce lien surprenant d\u00e9voil\u00e9"},"content":{"rendered":"<p><\/p>\n<div id='video-container' data-video-id='uyjnWIb6JTM' style='width:100%; height:auto; max-width:587px; position: relative;'>\n<div class='image-video-plugin' style='background:url(\"https:\/\/img.youtube.com\/vi\/uyjnWIb6JTM\/0.jpg\") center no-repeat; background-size: cover;'><\/div>\n<p>        <span class='youtube-play-button'><\/span><br \/>\n        <noscript><a href=\"https:\/\/www.youtube.com\/watch?v=uyjnWIb6JTM\" target=\"_blank\" rel=\"noopener\"><\/a><\/noscript>\n    <\/div>\n<p><\/p>\n<h2>Quelles maladies peuvent entra\u00eener une perte de poids ?<\/h2>\n<p>La perte de poids, ce ph\u00e9nom\u00e8ne qui fait r\u00eaver certains et inqui\u00e9ter d\u2019autres, peut \u00eatre le signe avant-coureur de maladies plus ou moins s\u00e9rieuses. <b>Le cancer<\/b>, par exemple, est souvent associ\u00e9 \u00e0 une perte de poids involontaire, car les cellules malignes consomment une grande partie de l\u2019\u00e9nergie du corps. Mais ne paniquez pas tout de suite ! D\u2019autres maladies, moins dramatiques mais tout aussi perturbantes, peuvent aussi faire fondre vos kilos. <b>Le diab\u00e8te<\/b>, notamment de type 1, peut entra\u00eener une perte de poids rapide en raison de l\u2019incapacit\u00e9 du corps \u00e0 utiliser correctement le glucose. Et puis, il y a les maladies thyro\u00efdiennes, comme l\u2019<b>hyperthyro\u00efdie<\/b>, qui acc\u00e9l\u00e8rent le m\u00e9tabolisme au point de vous faire ressembler \u00e0 un coureur de marathon sans m\u00eame bouger du canap\u00e9.<\/p>\n<p>Mais ce n\u2019est pas tout ! Les maladies digestives, comme la <b>maladie de Crohn<\/b> ou la <b>colite ulc\u00e9reuse<\/b>, peuvent aussi jouer les trouble-f\u00eates en perturbant l\u2019absorption des nutriments. Et n\u2019oublions pas les infections chroniques, comme le <b>VIH<\/b>, qui peuvent \u00e9puiser l\u2019organisme et le priver de ses r\u00e9serves \u00e9nerg\u00e9tiques. Enfin, les troubles mentaux, tels que la <b>d\u00e9pression<\/b> ou les <b>troubles alimentaires<\/b>, peuvent aussi faire des ravages sur la balance. Bref, si votre poids d\u00e9cide de faire une fugue sans pr\u00e9venir, il est peut-\u00eatre temps de consulter un m\u00e9decin plut\u00f4t que de remercier votre r\u00e9gime miracle.<\/p>\n<h3>Questions br\u00fblantes sur la perte de poids et la sant\u00e9<\/h3>\n<ul>\n<li><b>La perte de poids est-elle toujours un signe de maladie ?<\/b> Non, mais si elle est rapide et inexplicable, mieux vaut consulter.<\/li>\n<li><b>Quand faut-il s\u2019inqui\u00e9ter d\u2019une perte de poids ?<\/b> Si vous perdez plus de 5 % de votre poids en moins de six mois sans raison apparente, c\u2019est un signal d\u2019alarme.<\/li>\n<li><b>Peut-on perdre du poids \u00e0 cause du stress ?<\/b> Absolument ! Le stress chronique peut perturber l\u2019app\u00e9tit et le m\u00e9tabolisme.<\/li>\n<\/ul>\n<h2>Quelle maladie auto-immune provoque une perte de poids ?<\/h2>\n<p>Ah, la perte de poids, ce sujet qui fait r\u00eaver certains et paniquer d\u2019autres ! Mais quand elle est caus\u00e9e par une maladie auto-immune, ce n\u2019est pas vraiment le sc\u00e9nario id\u00e9al pour un remake de <i>La Grande Vadrouille<\/i>. Parmi les coupables, la <b>maladie de Crohn<\/b> se distingue comme un v\u00e9ritable perturbateur intestinal. Cette affection, qui fait partie de la famille des maladies inflammatoires chroniques de l\u2019intestin (MICI), s\u2019attaque au syst\u00e8me digestif avec une d\u00e9termination digne d\u2019un marathonien. R\u00e9sultat ? Une malabsorption des nutriments, des douleurs abdominales, et une perte de poids qui pourrait rivaliser avec les r\u00e9gimes les plus draconiens. Pas vraiment le genre de programme minceur qu\u2019on recommande \u00e0 ses amis !<\/p>\n<p>[aib_post_related url=&rsquo;\/tendances\/relation-de-vant-hoff\/&rsquo; title=&rsquo;La relation de Van&#039;t Hoff : d\u00e9couvrez les secrets d&#039;une chimie fascinante !&rsquo; relatedtext=&rsquo;Vous pourriez \u00e9galement \u00eatre int\u00e9ress\u00e9 par:&rsquo;]<\/p>\n<p>Autre suspect sur la liste : la <b>maladie c\u0153liaque<\/b>, cette intol\u00e9rance au gluten qui transforme le pain en ennemi public num\u00e9ro un. Lorsque le syst\u00e8me immunitaire d\u00e9cide de faire la guerre \u00e0 la gliadine (une prot\u00e9ine du gluten), les villosit\u00e9s intestinales prennent un coup, et l\u2019absorption des nutriments devient un v\u00e9ritable parcours du combattant. Perte de poids, fatigue, et ballonnements s\u2019invitent alors \u00e0 la f\u00eate, sans m\u00eame avoir \u00e9t\u00e9 convi\u00e9s. Et si on ajoute \u00e0 cela le <b>lupus \u00e9ryth\u00e9mateux syst\u00e9mique<\/b>, qui peut aussi causer une perte de poids en raison de l\u2019inflammation g\u00e9n\u00e9ralis\u00e9e et des complications digestives, on obtient un trio de choc qui m\u00e9rite toute notre attention.<\/p>\n<h3>Questions br\u00fblantes sur les maladies auto-immunes et la perte de poids<\/h3>\n<ul>\n<li><b>La perte de poids est-elle toujours un sympt\u00f4me des maladies auto-immunes ?<\/b> Pas n\u00e9cessairement, mais elle est souvent un signe d\u2019alerte, surtout si elle s\u2019accompagne d\u2019autres sympt\u00f4mes comme la fatigue ou des douleurs digestives.<\/li>\n<li><b>Peut-on inverser la perte de poids li\u00e9e \u00e0 ces maladies ?<\/b> Oui, avec un traitement adapt\u00e9 et une alimentation cibl\u00e9e, il est possible de retrouver un poids stable. Mais attention, pas question de jouer les apprentis sorciers : un suivi m\u00e9dical est indispensable.<\/li>\n<li><b>Comment diff\u00e9rencier une perte de poids normale d\u2019une perte li\u00e9e \u00e0 une maladie auto-immune ?<\/b> Si la balance descend sans raison apparente et que d\u2019autres sympt\u00f4mes s\u2019invitent, il est temps de consulter un professionnel. Mieux vaut pr\u00e9venir que gu\u00e9rir, surtout quand le syst\u00e8me immunitaire fait des siennes !<\/li>\n<\/ul>\n<p>[aib_post_related url=&rsquo;\/tendances\/copine-de-pierre-niney\/&rsquo; title=&rsquo;La copine de Pierre Niney : d\u00e9couvrez l&#039;histoire fascinante derri\u00e8re leur amour&rsquo; relatedtext=&rsquo;Vous pourriez \u00e9galement \u00eatre int\u00e9ress\u00e9 par:&rsquo;]<\/p>\n<h2>Quelle est la maladie auto-immune la plus fr\u00e9quente ?<\/h2>\n<p><\/p>\n<p>Si les maladies auto-immunes \u00e9taient une famille, la <strong>polyarthrite rhumato\u00efde<\/strong> serait sans doute celle qui monopolise le plus l\u2019attention \u00e0 table. C\u2019est en effet la maladie auto-immune la plus fr\u00e9quente, touchant pr\u00e8s de <strong>1% de la population mondiale<\/strong>. Imaginez une arm\u00e9e de globules blancs qui, au lieu de prot\u00e9ger votre corps, d\u00e9cide de faire la f\u00eate dans vos articulations. R\u00e9sultat : douleur, raideur et inflammation. Pas vraiment le genre de soir\u00e9e dont on r\u00eave, n\u2019est-ce pas ?<\/p>\n<p><\/p>\n<p>Mais pourquoi cette maladie est-elle si r\u00e9pandue ? Les chercheurs pointent du doigt une combinaison de facteurs : <strong>g\u00e9n\u00e9tiques<\/strong>, environnementaux (comme le tabac ou certaines infections) et m\u00eame hormonaux. Les femmes sont d\u2019ailleurs <strong>2 \u00e0 3 fois plus touch\u00e9es<\/strong> que les hommes, ce qui donne \u00e0 la polyarthrite rhumato\u00efde une petite touche de f\u00e9minit\u00e9 bien malvenue. Heureusement, les traitements actuels permettent de mieux contr\u00f4ler les sympt\u00f4mes et de vivre presque normalement. Enfin, presque.<\/p>\n<\/p>\n<p><h3>Questions que vous vous posez (et auxquelles nous r\u00e9pondons avec panache)<\/h3>\n<p><\/p>\n<ul><\/p>\n<li><b>La polyarthrite rhumato\u00efde est-elle h\u00e9r\u00e9ditaire ?<\/b> Pas exactement, mais avoir un parent atteint augmente l\u00e9g\u00e8rement vos risques. Alors, gardez un \u0153il sur vos articulations et un autre sur votre arbre g\u00e9n\u00e9alogique.<\/li>\n<p><\/p>\n<li><b>Peut-on gu\u00e9rir de cette maladie ?<\/b> Malheureusement, non. Mais avec un traitement adapt\u00e9, on peut mettre la polyarthrite rhumato\u00efde en mode &ldquo;pause&rdquo;. Pas mal, non ?<\/li>\n<p><\/p>\n<li><b>Quels sont les premiers signes \u00e0 surveiller ?<\/b> Des douleurs articulaires persistantes, surtout le matin, et une sensation de raideur. Si vos articulations se r\u00e9veillent plus grincheuses que vous, c\u2019est peut-\u00eatre un signal.<\/li>\n<p>\n<\/ul>\n<\/p>\n<h2>Quels sont les 5 sympt\u00f4mes courants d&rsquo;une maladie auto-immune ?<\/h2>\n<p><h2>Quels sont les 5 sympt\u00f4mes courants d&rsquo;une maladie auto-immune ?<\/h2>\n<p>\n[aib_post_related url=&rsquo;\/tendances\/loris-giuliano-et-sa-copine\/&rsquo; title=&rsquo;Loris Giuliano et sa copine : d\u00e9couvrez les secrets d&#039;un couple fascinant !&rsquo; relatedtext=&rsquo;Vous pourriez \u00e9galement \u00eatre int\u00e9ress\u00e9 par:&rsquo;]<\/p>\n<p>Les maladies auto-immunes, ces petites <strong>coquines<\/strong> qui font croire \u00e0 notre syst\u00e8me immunitaire qu\u2019il est dans un film d\u2019action, peuvent se manifester de mani\u00e8re sournoise. Parmi les sympt\u00f4mes les plus fr\u00e9quents, on retrouve la <b>fatigue chronique<\/b>, ce sentiment d\u2019\u00eatre \u00e9puis\u00e9 m\u00eame apr\u00e8s une nuit de sommeil digne d\u2019un b\u00e9b\u00e9 koala. Ensuite, les <b>douleurs articulaires<\/b> entrent en sc\u00e8ne, comme si votre corps avait d\u00e9cid\u00e9 de jouer au Lego sans votre permission. Ajoutez \u00e0 cela les <b>probl\u00e8mes cutan\u00e9s<\/b>, ces \u00e9ruptions ou rougeurs qui vous donnent l\u2019impression d\u2019\u00eatre une \u0153uvre d\u2019art abstraite. Et n\u2019oublions pas les <b>troubles digestifs<\/b>, ces invit\u00e9s ind\u00e9sirables qui transforment votre estomac en v\u00e9ritable parc d\u2019attractions. Enfin, les <b>fi\u00e8vres r\u00e9currentes<\/b> viennent compl\u00e9ter le tableau, comme si votre corps organisait une f\u00eate surprise sans vous pr\u00e9venir.<\/p>\n<\/p>\n<p>Ces sympt\u00f4mes, bien que vari\u00e9s, ont un point commun : ils sont souvent <b>impr\u00e9visibles<\/b> et peuvent fluctuer d\u2019un jour \u00e0 l\u2019autre. Imaginez votre corps comme un chef capricieux qui d\u00e9cide de changer le menu sans consulter personne. La fatigue peut s\u2019installer sans raison apparente, les douleurs articulaires peuvent passer de l\u00e9g\u00e8res \u00e0 handicapantes, et les probl\u00e8mes cutan\u00e9s peuvent appara\u00eetre et dispara\u00eetre comme des feux d\u2019artifice. Les troubles digestifs, quant \u00e0 eux, peuvent vous faire sentir comme si vous aviez aval\u00e9 un manuel de chimie, tandis que les fi\u00e8vres r\u00e9currentes vous laissent dans un \u00e9tat de confusion permanente. Bref, les maladies auto-immunes sont un v\u00e9ritable <b>casse-t\u00eate<\/b> m\u00e9dical, mais comprendre ces sympt\u00f4mes est un premier pas vers une meilleure gestion de votre sant\u00e9.<\/p>\n<p><h3>Questions fr\u00e9quentes sur les sympt\u00f4mes des maladies auto-immunes<\/h3>\n<p><\/p>\n<ul><\/p>\n<li><b>La fatigue chronique est-elle toujours li\u00e9e \u00e0 une maladie auto-immune ?<\/b> Non, elle peut avoir d\u2019autres causes, mais si elle persiste, il est conseill\u00e9 de consulter un m\u00e9decin.<\/li>\n<p><\/p>\n<li><b>Les douleurs articulaires sont-elles un signe s\u00fbr de maladie auto-immune ?<\/b> Pas n\u00e9cessairement, mais elles sont un sympt\u00f4me courant dans des pathologies comme la polyarthrite rhumato\u00efde.<\/li>\n<p><\/p>\n<li><b>Comment diff\u00e9rencier une \u00e9ruption cutan\u00e9e banale d\u2019un sympt\u00f4me auto-immun ?<\/b> Si elle est r\u00e9currente et accompagn\u00e9e d\u2019autres sympt\u00f4mes, il est pr\u00e9f\u00e9rable de consulter un dermatologue.<\/li>\n<p>\n<\/ul><\/p>\n","protected":false},"excerpt":{"rendered":"<p>Quelles maladies peuvent entra\u00eener une perte de poids ? La perte de poids, ce ph\u00e9nom\u00e8ne qui fait r\u00eaver certains et inqui\u00e9ter d\u2019autres, peut \u00eatre le signe avant-coureur de maladies plus ou moins s\u00e9rieuses. Le cancer, par exemple, est souvent associ\u00e9 \u00e0 une perte de poids involontaire, car les cellules malignes consomment une grande partie de&#8230;<\/p>\n","protected":false},"author":1,"featured_media":6653,"comment_status":"open","ping_status":"","sticky":false,"template":"","format":"standard","meta":{"_kad_post_transparent":"","_kad_post_title":"","_kad_post_layout":"","_kad_post_sidebar_id":"","_kad_post_content_style":"","_kad_post_vertical_padding":"","_kad_post_feature":"","_kad_post_feature_position":"","_kad_post_header":false,"_kad_post_footer":false,"_kad_post_classname":"","iawp_total_views":6,"footnotes":""},"categories":[1],"tags":[],"class_list":["post-6652","post","type-post","status-publish","format-standard","has-post-thumbnail","hentry","category-actualites"],"_links":{"self":[{"href":"https:\/\/www.dmoz.fr\/tendances\/wp-json\/wp\/v2\/posts\/6652","targetHints":{"allow":["GET"]}}],"collection":[{"href":"https:\/\/www.dmoz.fr\/tendances\/wp-json\/wp\/v2\/posts"}],"about":[{"href":"https:\/\/www.dmoz.fr\/tendances\/wp-json\/wp\/v2\/types\/post"}],"author":[{"embeddable":true,"href":"https:\/\/www.dmoz.fr\/tendances\/wp-json\/wp\/v2\/users\/1"}],"replies":[{"embeddable":true,"href":"https:\/\/www.dmoz.fr\/tendances\/wp-json\/wp\/v2\/comments?post=6652"}],"version-history":[{"count":0,"href":"https:\/\/www.dmoz.fr\/tendances\/wp-json\/wp\/v2\/posts\/6652\/revisions"}],"wp:featuredmedia":[{"embeddable":true,"href":"https:\/\/www.dmoz.fr\/tendances\/wp-json\/wp\/v2\/media\/6653"}],"wp:attachment":[{"href":"https:\/\/www.dmoz.fr\/tendances\/wp-json\/wp\/v2\/media?parent=6652"}],"wp:term":[{"taxonomy":"category","embeddable":true,"href":"https:\/\/www.dmoz.fr\/tendances\/wp-json\/wp\/v2\/categories?post=6652"},{"taxonomy":"post_tag","embeddable":true,"href":"https:\/\/www.dmoz.fr\/tendances\/wp-json\/wp\/v2\/tags?post=6652"}],"curies":[{"name":"wp","href":"https:\/\/api.w.org\/{rel}","templated":true}]}}