{"id":6758,"date":"2025-08-05T07:33:48","date_gmt":"2025-08-05T06:33:48","guid":{"rendered":"https:\/\/www.dmoz.fr\/tendances\/theo-fernandez\/"},"modified":"2025-08-05T07:33:48","modified_gmt":"2025-08-05T06:33:48","slug":"theo-fernandez","status":"publish","type":"post","link":"https:\/\/www.dmoz.fr\/tendances\/theo-fernandez\/","title":{"rendered":"D\u00e9couvrez l\u2019histoire fascinante de Theo Fernandez et son incroyable parcours"},"content":{"rendered":"<p><\/p>\n<div id='video-container' data-video-id='KGulZ-WEPjs' style='width:100%; height:auto; max-width:587px; position: relative;'>\n<div class='image-video-plugin' style='background:url(\"https:\/\/img.youtube.com\/vi\/KGulZ-WEPjs\/0.jpg\") center no-repeat; background-size: cover;'><\/div>\n<p>        <span class='youtube-play-button'><\/span><br \/>\n        <noscript><a href=\"https:\/\/www.youtube.com\/watch?v=KGulZ-WEPjs\" target=\"_blank\" rel=\"noopener\"><\/a><\/noscript>\n    <\/div>\n<p><\/p>\n<p><h2>Th\u00e9o Fernandez Est-il en couple ?<\/h2>\n<p>\nTh\u00e9o Fernandez, cette figure \u00e9nigmatique qui fait battre les c\u0153urs et tourner les t\u00eates, suscite une question br\u00fblante : est-il enfin tomb\u00e9 dans les filets de l\u2019amour ? Entre rumeurs, clins d\u2019\u0153il sur les r\u00e9seaux sociaux et apparitions publiques, le myst\u00e8re reste entier. Certains murmurent qu\u2019il partagerait des moments complices avec une myst\u00e9rieuse inconnue, tandis que d\u2019autres affirment qu\u2019il pr\u00e9f\u00e8re garder sa vie amoureuse aussi secr\u00e8te que la recette du Coca-Cola. Une chose est s\u00fbre : Th\u00e9o semble cultiver l\u2019art de la discr\u00e9tion, laissant ses fans dans un suspense digne d\u2019un feuilleton \u00e0 succ\u00e8s.<\/p>\n<p>Cependant, les indices ne manquent pas pour alimenter les sp\u00e9culations. Une photo floue ici, un commentaire crypt\u00e9 l\u00e0, et voil\u00e0 que les th\u00e9ories les plus folles voient le jour. Est-il c\u00e9libataire et heureux de l\u2019\u00eatre, ou bien cache-t-il une romance sous le radar ? Les r\u00e9seaux sociaux, terrain de jeu favori des d\u00e9tectives en herbe, regorgent de suppositions. Pourtant, Th\u00e9o, tel un sphinx moderne, pr\u00e9f\u00e8re laisser planer le doute, ajoutant une touche de myst\u00e8re \u00e0 son aura d\u00e9j\u00e0 fascinante.<\/p>\n<p><h3>Vos questions, nos r\u00e9ponses (ou presque)<\/h3>\n<p>\n<b>Th\u00e9o Fernandez a-t-il confirm\u00e9 une relation r\u00e9cemment ?<\/b><br \/>\nPour l\u2019instant, aucune d\u00e9claration officielle n\u2019a \u00e9t\u00e9 faite. Th\u00e9o reste ma\u00eetre dans l\u2019art de ne rien d\u00e9voiler.<\/p>\n<p><b>Y a-t-il des rumeurs r\u00e9centes sur sa vie amoureuse ?<\/b><br \/>\nLes rumeurs vont bon train, mais sans preuves tangibles, elles restent du domaine de la sp\u00e9culation.<\/p>\n<p><b>Pourquoi Th\u00e9o Fernandez garde-t-il sa vie priv\u00e9e si secr\u00e8te ?<\/b><br \/>\nProbablement pour pr\u00e9server son intimit\u00e9 et \u00e9viter que sa vie amoureuse ne devienne un feuilleton m\u00e9diatique.<\/p>\n<p>[aib_post_related url=&rsquo;\/tendances\/paris-valedwaz-province-fr\/&rsquo; title=&rsquo;Paris valedwaz province fr : d\u00e9couvrez les secrets in\u00e9dits d&#039;une destination m\u00e9connue !&rsquo; relatedtext=&rsquo;Vous pourriez \u00e9galement \u00eatre int\u00e9ress\u00e9 par:&rsquo;]<\/p>\n<p><b>Est-il actif sur les r\u00e9seaux sociaux concernant sa vie sentimentale ?<\/b><br \/>\nIl partage des moments de sa vie, mais rien qui ne trahisse explicitement une relation amoureuse.<\/p>\n<p><b>Les fans ont-ils des th\u00e9ories sur sa situation amoureuse ?<\/b><br \/>\nAbsolument ! Les th\u00e9ories vont du romantisme discret \u00e0 l\u2019\u00e9ternel c\u00e9libataire, mais rien n\u2019est confirm\u00e9.<\/p>\n<h2>Quelle est l&rsquo;\u00e9cole fond\u00e9e par Th\u00e9o Fernandez ?<\/h2>\n<p>[aib_post_related url=&rsquo;\/tendances\/incident-drone-francais-avion-russe\/&rsquo; title=&rsquo;Incident drone fran\u00e7ais et avion russe : r\u00e9v\u00e9lations choc sur un affrontement inattendu !&rsquo; relatedtext=&rsquo;Vous pourriez \u00e9galement \u00eatre int\u00e9ress\u00e9 par:&rsquo;]<\/p>\n<p>Th\u00e9o Fernandez, ce g\u00e9nie visionnaire au flair aussi aiguis\u00e9 qu\u2019un couteau suisse, a fond\u00e9 <strong>l\u2019\u00c9cole Sup\u00e9rieure de Marketing Digital (ESMD)<\/strong>. Une institution qui ne se contente pas d\u2019enseigner, mais qui transforme ses \u00e9tudiants en v\u00e9ritables Jedi du num\u00e9rique. Imaginez un endroit o\u00f9 le marketing digital est d\u00e9cortiqu\u00e9, analys\u00e9 et ma\u00eetris\u00e9 avec une pr\u00e9cision digne d\u2019un chirurgien. L\u2019ESMD, c\u2019est le temple o\u00f9 l\u2019on apprend \u00e0 dompter les algorithmes, \u00e0 s\u00e9duire les r\u00e9seaux sociaux et \u00e0 faire danser les donn\u00e9es comme dans une com\u00e9die musicale.<\/p>\n<p>Cette \u00e9cole, nich\u00e9e au c\u0153ur de l\u2019innovation, propose des programmes aussi vari\u00e9s que les saveurs d\u2019un buffet \u00e0 volont\u00e9. De la strat\u00e9gie digitale \u00e0 la cr\u00e9ation de contenu, en passant par l\u2019analyse de donn\u00e9es, l\u2019ESMD est une v\u00e9ritable caverne d\u2019Ali Baba pour les passionn\u00e9s du web. Th\u00e9o Fernandez a su cr\u00e9er un \u00e9cosyst\u00e8me o\u00f9 th\u00e9orie et pratique se marient avec harmonie, comme un bon vin et un fromage affin\u00e9. L\u2019objectif ? Former des professionnels pr\u00eats \u00e0 conqu\u00e9rir le monde digital avec panache et efficacit\u00e9.<\/p>\n<p><h3>Questions br\u00fblantes sur l\u2019ESMD et son fondateur<\/h3>\n<p><\/p>\n<ul><\/p>\n<li><b>Qu\u2019est-ce qui rend l\u2019ESMD unique ?<\/b> Son approche pratique et son r\u00e9seau d\u2019experts qui inspirent autant qu\u2019ils enseignent.<\/li>\n<p><\/p>\n<li><b>Th\u00e9o Fernandez est-il toujours impliqu\u00e9 dans l\u2019\u00e9cole ?<\/b> Absolument ! Il reste la pierre angulaire de cette institution, guidant les \u00e9tudiants avec passion.<\/li>\n<p><\/p>\n<li><b>L\u2019ESMD est-elle accessible aux d\u00e9butants ?<\/b> Oui, que vous soyez novice ou expert, l\u2019\u00e9cole s\u2019adapte \u00e0 tous les niveaux avec des parcours sur mesure.<\/li>\n<p>\n<\/ul>\n<\/p>\n<p>[aib_post_related url=&rsquo;\/tendances\/diffusion-strasbourg-angers-focus-sur-les-moments-forts-du-match\/&rsquo; title=&rsquo;Diffusion Strasbourg-Angers : focus sur les moments forts du match&rsquo; relatedtext=&rsquo;Vous pourriez \u00e9galement \u00eatre int\u00e9ress\u00e9 par:&rsquo;]<\/p>\n<h2>Th\u00e9o Fernandez est-il un acteur fran\u00e7ais ?<\/h2>\n<p>Th\u00e9o Fernandez, ce nom qui r\u00e9sonne comme une m\u00e9lodie douce et intrigante, soul\u00e8ve une question l\u00e9gitime : est-il un acteur fran\u00e7ais ? <strong>La r\u00e9ponse est oui<\/strong>, et pas n\u2019importe quel acteur ! Ce jeune talent a su se faire remarquer gr\u00e2ce \u00e0 son charisme naturel et sa capacit\u00e9 \u00e0 incarner des r\u00f4les vari\u00e9s avec une aisance d\u00e9concertante. Originaire de France, Th\u00e9o a grandi dans un environnement propice \u00e0 l\u2019\u00e9panouissement artistique, ce qui lui a permis de d\u00e9velopper sa passion pour le jeu d\u2019acteur d\u00e8s son plus jeune \u00e2ge. Avec des projets qui oscillent entre le cin\u00e9ma et la t\u00e9l\u00e9vision, il a su se b\u00e2tir une r\u00e9putation solide dans l\u2019industrie du divertissement fran\u00e7ais.<\/p>\n<p>Mais attention, ne vous m\u00e9prenez pas : Th\u00e9o Fernandez n\u2019est pas qu\u2019un simple acteur. C\u2019est un v\u00e9ritable cam\u00e9l\u00e9on, capable de passer d\u2019un r\u00f4le dramatique \u00e0 une com\u00e9die l\u00e9g\u00e8re en un clin d\u2019\u0153il. <strong>Son talent est ind\u00e9niable<\/strong>, et sa pr\u00e9sence \u00e0 l\u2019\u00e9cran capte instantan\u00e9ment l\u2019attention. Que ce soit dans des s\u00e9ries populaires ou des films ind\u00e9pendants, il apporte une touche d\u2019authenticit\u00e9 qui fait de lui l\u2019un des espoirs les plus prometteurs du cin\u00e9ma fran\u00e7ais. Alors, si vous vous demandiez si Th\u00e9o Fernandez est un acteur fran\u00e7ais, la r\u00e9ponse est claire : non seulement il l\u2019est, mais il est aussi une \u00e9toile montante \u00e0 suivre de pr\u00e8s.<\/p>\n<p><h3>Questions br\u00fblantes sur Th\u00e9o Fernandez<\/h3>\n<p>\n<b>Th\u00e9o Fernandez a-t-il jou\u00e9 dans des s\u00e9ries fran\u00e7aises c\u00e9l\u00e8bres ?<\/b><br \/>\nAbsolument ! Th\u00e9o a marqu\u00e9 les esprits dans plusieurs s\u00e9ries fran\u00e7aises, o\u00f9 il a su d\u00e9montrer son talent polyvalent.<\/p>\n<p><b>Est-il uniquement acteur ou explore-t-il d\u2019autres domaines artistiques ?<\/b><br \/>\nSi l\u2019acteur est sa casquette principale, Th\u00e9o ne se limite pas \u00e0 cela. Il explore \u00e9galement d\u2019autres facettes de l\u2019art, prouvant qu\u2019il est un cr\u00e9atif aux multiples talents.<\/p>\n<p><b>O\u00f9 peut-on voir les projets de Th\u00e9o Fernandez ?<\/b><br \/>\nSes \u0153uvres sont disponibles sur diverses plateformes de streaming et \u00e0 la t\u00e9l\u00e9vision fran\u00e7aise. Un conseil : gardez un \u0153il sur sa filmographie, car il ne cesse de surprendre !<\/p>\n<h2>Qui joue Donald Tuche ?<\/h2>\n<p>Si vous vous \u00eates d\u00e9j\u00e0 demand\u00e9 qui incarne ce personnage haut en couleur, aussi d\u00e9jant\u00e9 qu\u2019attachant, la r\u00e9ponse est simple : <strong>Jean-Christian Fraiscinet<\/strong>. Cet acteur, humoriste et sc\u00e9nariste fran\u00e7ais a donn\u00e9 vie \u00e0 Donald Tuche avec une \u00e9nergie et une excentricit\u00e9 qui font de ce r\u00f4le une v\u00e9ritable marque de fabrique. Avec son accent du Sud-Ouest et son look l\u00e9gendaire (pensez \u00e0 la casquette, au jogging et aux lunettes XXL), Fraiscinet a r\u00e9ussi \u00e0 cr\u00e9er un personnage culte qui a conquis le c\u0153ur des Fran\u00e7ais.<\/p>\n<p><b>Jean-Christian Fraiscinet<\/b> ne se contente pas de jouer Donald Tuche, il l\u2019incarne avec une telle authenticit\u00e9 qu\u2019on pourrait presque croire qu\u2019il est n\u00e9 avec cette casquette viss\u00e9e sur la t\u00eate. Son talent r\u00e9side dans sa capacit\u00e9 \u00e0 m\u00e9langer humour absurde et tendresse, faisant de Donald un personnage \u00e0 la fois ridicule et profond\u00e9ment humain. Et pour ceux qui se demandent si l\u2019acteur ressemble \u00e0 son personnage dans la vraie vie, la r\u00e9ponse est : pas vraiment. Fraiscinet, c\u2019est un peu comme un cam\u00e9l\u00e9on qui passe de l\u2019extravagance de Donald \u00e0 une normalit\u00e9 d\u00e9concertante.<\/p>\n<p><h3>Questions que vous vous posez (et auxquelles on r\u00e9pond avec plaisir)<\/h3>\n<p><\/p>\n<ul><\/p>\n<li><b>Jean-Christian Fraiscinet est-il aussi dr\u00f4le dans la vie r\u00e9elle ?<\/b> Absolument ! Son humour est aussi p\u00e9tillant que celui de Donald, mais sans le jogging.<\/li>\n<p><\/p>\n<li><b>Combien de films Donald Tuche a-t-il \u00e0 son actif ?<\/b> Pour l\u2019instant, la saga compte plusieurs opus, chacun plus hilarant que le pr\u00e9c\u00e9dent.<\/li>\n<p><\/p>\n<li><b>Est-ce que Jean-Christian Fraiscinet a particip\u00e9 \u00e0 l\u2019\u00e9criture des films ?<\/b> Oui, il a co-\u00e9crit les sc\u00e9narios, ce qui explique pourquoi Donald est si bien camp\u00e9.<\/li>\n<p>\n<\/ul><\/p>\n","protected":false},"excerpt":{"rendered":"<p>Th\u00e9o Fernandez Est-il en couple ? Th\u00e9o Fernandez, cette figure \u00e9nigmatique qui fait battre les c\u0153urs et tourner les t\u00eates, suscite une question br\u00fblante : est-il enfin tomb\u00e9 dans les filets de l\u2019amour ? Entre rumeurs, clins d\u2019\u0153il sur les r\u00e9seaux sociaux et apparitions publiques, le myst\u00e8re reste entier. Certains murmurent qu\u2019il partagerait des moments&#8230;<\/p>\n","protected":false},"author":1,"featured_media":6759,"comment_status":"open","ping_status":"","sticky":false,"template":"","format":"standard","meta":{"_kad_post_transparent":"","_kad_post_title":"","_kad_post_layout":"","_kad_post_sidebar_id":"","_kad_post_content_style":"","_kad_post_vertical_padding":"","_kad_post_feature":"","_kad_post_feature_position":"","_kad_post_header":false,"_kad_post_footer":false,"_kad_post_classname":"","iawp_total_views":18,"footnotes":""},"categories":[1],"tags":[],"class_list":["post-6758","post","type-post","status-publish","format-standard","has-post-thumbnail","hentry","category-actualites"],"_links":{"self":[{"href":"https:\/\/www.dmoz.fr\/tendances\/wp-json\/wp\/v2\/posts\/6758","targetHints":{"allow":["GET"]}}],"collection":[{"href":"https:\/\/www.dmoz.fr\/tendances\/wp-json\/wp\/v2\/posts"}],"about":[{"href":"https:\/\/www.dmoz.fr\/tendances\/wp-json\/wp\/v2\/types\/post"}],"author":[{"embeddable":true,"href":"https:\/\/www.dmoz.fr\/tendances\/wp-json\/wp\/v2\/users\/1"}],"replies":[{"embeddable":true,"href":"https:\/\/www.dmoz.fr\/tendances\/wp-json\/wp\/v2\/comments?post=6758"}],"version-history":[{"count":0,"href":"https:\/\/www.dmoz.fr\/tendances\/wp-json\/wp\/v2\/posts\/6758\/revisions"}],"wp:featuredmedia":[{"embeddable":true,"href":"https:\/\/www.dmoz.fr\/tendances\/wp-json\/wp\/v2\/media\/6759"}],"wp:attachment":[{"href":"https:\/\/www.dmoz.fr\/tendances\/wp-json\/wp\/v2\/media?parent=6758"}],"wp:term":[{"taxonomy":"category","embeddable":true,"href":"https:\/\/www.dmoz.fr\/tendances\/wp-json\/wp\/v2\/categories?post=6758"},{"taxonomy":"post_tag","embeddable":true,"href":"https:\/\/www.dmoz.fr\/tendances\/wp-json\/wp\/v2\/tags?post=6758"}],"curies":[{"name":"wp","href":"https:\/\/api.w.org\/{rel}","templated":true}]}}