{"id":6768,"date":"2025-08-05T13:04:56","date_gmt":"2025-08-05T12:04:56","guid":{"rendered":"https:\/\/www.dmoz.fr\/tendances\/pandemie-covid-19\/"},"modified":"2025-08-05T13:04:56","modified_gmt":"2025-08-05T12:04:56","slug":"pandemie-covid-19","status":"publish","type":"post","link":"https:\/\/www.dmoz.fr\/tendances\/pandemie-covid-19\/","title":{"rendered":"Comment la pand\u00e9mie de covid-19 a transform\u00e9 notre monde pour toujours"},"content":{"rendered":"<p><\/p>\n<div id='video-container' data-video-id='eccZdrZcPyI' style='width:100%; height:auto; max-width:587px; position: relative;'>\n<div class='image-video-plugin' style='background:url(\"https:\/\/img.youtube.com\/vi\/eccZdrZcPyI\/0.jpg\") center no-repeat; background-size: cover;'><\/div>\n<p>        <span class='youtube-play-button'><\/span><br \/>\n        <noscript><a href=\"https:\/\/www.youtube.com\/watch?v=eccZdrZcPyI\" target=\"_blank\" rel=\"noopener\"><\/a><\/noscript>\n    <\/div>\n<p><\/p>\n<p><h2>Quelle est la date de fin de la pand\u00e9mie de Covid-19 ?<\/h2>\n<p><\/p>\n<p>Ah, la fameuse question qui a fait trembler les agendas et les pr\u00e9visions m\u00e9t\u00e9o depuis 2020 ! <b>La date de fin de la pand\u00e9mie de Covid-19<\/b> est un peu comme chercher une aiguille dans une botte de foin\u2026 sauf que l\u2019aiguille se d\u00e9place en fonction des variants, des vaccins et des d\u00e9cisions politiques. Officiellement, l\u2019Organisation Mondiale de la Sant\u00e9 (OMS) a d\u00e9clar\u00e9 le <b>5 mai 2023<\/b> comme la fin de l\u2019urgence sanitaire mondiale. Mais attention, cela ne signifie pas que le virus a dit \u00ab au revoir \u00bb pour de bon. Il est plut\u00f4t pass\u00e9 en mode \u00ab on se calme, mais on reste vigilant \u00bb.<\/p>\n<p><\/p>\n<p>En r\u00e9alit\u00e9, la pand\u00e9mie s\u2019est transform\u00e9e en une sorte de <b>\u00ab end\u00e9mie \u00bb<\/b>, un mot chic pour dire que le virus est toujours l\u00e0, mais qu\u2019on a appris \u00e0 vivre avec lui, comme un colocataire un peu envahissant. Les mesures sanitaires se sont all\u00e9g\u00e9es, les masques ont migr\u00e9 vers les tiroirs (sauf dans les h\u00f4pitaux et les avions, o\u00f9 ils restent en mode \u00ab optionnel mais recommand\u00e9 \u00bb), et les confinements sont devenus un lointain souvenir. Mais gare \u00e0 l\u2019autosatisfaction ! Le Covid-19 nous a prouv\u00e9 qu\u2019il adore les surprises, alors mieux vaut garder un \u0153il sur les courbes \u00e9pid\u00e9miologiques et les recommandations des experts.<\/p>\n<\/p>\n<p><h3>Questions que vous vous posez (et auxquelles on r\u00e9pond avec panache)<\/h3>\n<p><\/p>\n<ul><\/p>\n<li><b>Le Covid-19 est-il vraiment termin\u00e9 ?<\/b> Pas exactement. Il est toujours l\u00e0, mais il est moins mena\u00e7ant gr\u00e2ce aux vaccins et \u00e0 l\u2019immunit\u00e9 acquise.<\/li>\n<p><\/p>\n<li><b>Dois-je continuer \u00e0 me faire vacciner ?<\/b> Oui, surtout si vous faites partie des personnes \u00e0 risque. Les rappels sont comme des mises \u00e0 jour antivirus pour votre corps.<\/li>\n<p><\/p>\n<li><b>Et si un nouveau variant appara\u00eet ?<\/b> On croise les doigts, mais les scientifiques surveillent la situation de pr\u00e8s. Pr\u00eats \u00e0 r\u00e9agir si n\u00e9cessaire.<\/li>\n<p>\n<\/ul>\n<\/p>\n<h2>Quelles ont \u00e9t\u00e9 les p\u00e9riodes de confinement ?<\/h2>\n<p>Ah, les confinements\u2026 cette \u00e9poque o\u00f9 le pyjama est devenu notre tenue de soir\u00e9e et o\u00f9 les ap\u00e9ros Zoom ont remplac\u00e9 les vir\u00e9es en terrasse. En France, cette parenth\u00e8se in\u00e9dite a d\u00e9but\u00e9 en <strong>mars 2020<\/strong>, avec un premier confinement qui a dur\u00e9 jusqu\u2019au <strong>11 mai 2020<\/strong>. Deux mois intenses o\u00f9 les Fran\u00e7ais ont red\u00e9couvert le plaisir de faire du pain maison, de regarder des s\u00e9ries en boucle et de se demander si leur colocataire \u00e9tait vraiment aussi sympa qu\u2019ils le pensaient.<\/p>\n<p>Mais l\u2019histoire ne s\u2019arr\u00eate pas l\u00e0 ! En <strong>octobre 2020<\/strong>, un deuxi\u00e8me confinement a \u00e9t\u00e9 instaur\u00e9, cette fois jusqu\u2019au <strong>15 d\u00e9cembre 2020<\/strong>. Moins strict que le premier, il a tout de m\u00eame limit\u00e9 les d\u00e9placements et les rassemblements. Puis, comme si 2020 n\u2019avait pas \u00e9t\u00e9 assez mouvement\u00e9e, un troisi\u00e8me confinement a \u00e9t\u00e9 mis en place en <strong>avril 2021<\/strong>, avec des restrictions variant selon les r\u00e9gions. Ces p\u00e9riodes ont marqu\u00e9 une \u00e8re o\u00f9 le t\u00e9l\u00e9travail est devenu la norme, les masques un accessoire incontournable et les gestes barri\u00e8res, une seconde nature.<\/p>\n<p><h3>Questions Fr\u00e9quentes sur les Confinements<\/h3>\n<p><\/p>\n<ul><\/p>\n<li><b>Quand a eu lieu le premier confinement en France ?<\/b> Le premier confinement a d\u00e9but\u00e9 le 17 mars 2020 et s\u2019est termin\u00e9 le 11 mai 2020.<\/li>\n<p><\/p>\n<li><b>Combien de confinements y a-t-il eu en France ?<\/b> La France a connu trois confinements : mars-mai 2020, octobre-d\u00e9cembre 2020 et avril 2021.<\/li>\n<p><\/p>\n<li><b>Le troisi\u00e8me confinement \u00e9tait-il national ?<\/b> Non, le troisi\u00e8me confinement variait selon les r\u00e9gions, avec des mesures adapt\u00e9es aux situations locales.<\/li>\n<p>\n<\/ul>\n<\/p>\n<h2>Quand a eu lieu l&rsquo;\u00e9pid\u00e9mie ?<\/h2>\n<p><h2>Quand a eu lieu l&rsquo;\u00e9pid\u00e9mie ?<\/h2>\n<p><\/p>\n<p>L\u2019\u00e9pid\u00e9mie, ce ph\u00e9nom\u00e8ne qui a secou\u00e9 le monde comme une temp\u00eate dans un verre d\u2019eau (ou plut\u00f4t dans un flacon de gel hydroalcoolique), a fait son apparition \u00e0 la fin de l\u2019ann\u00e9e 2019. Plus pr\u00e9cis\u00e9ment, c\u2019est en <strong>d\u00e9cembre 2019<\/strong> que les premiers cas ont \u00e9t\u00e9 signal\u00e9s \u00e0 Wuhan, en Chine. Imaginez : une ville connue pour ses nouilles chaudes et ses pandas g\u00e9ants, devenue malgr\u00e9 elle l\u2019\u00e9picentre d\u2019une crise mondiale. Le virus, baptis\u00e9 plus tard COVID-19, s\u2019est rapidement propag\u00e9, passant de l\u2019ombre des march\u00e9s locaux \u00e0 la lumi\u00e8re des projecteurs internationaux. En un clin d\u2019\u0153il, ou plut\u00f4t en un \u00e9ternuement, il a travers\u00e9 les fronti\u00e8res, les oc\u00e9ans et les cha\u00eenes d\u2019info en continu.<\/p>\n<\/p>\n<p>[aib_post_related url=&rsquo;\/tendances\/gier\/&rsquo; title=&rsquo;Gier : plongez au c\u0153ur de la passion d\u00e9vorante et des secrets inavou\u00e9s&rsquo; relatedtext=&rsquo;Vous pourriez \u00e9galement \u00eatre int\u00e9ress\u00e9 par:&rsquo;]<\/p>\n<p>Au d\u00e9but de <b>2020<\/b>, l\u2019\u00e9pid\u00e9mie a pris une tournure mondiale, transformant nos vies en un m\u00e9lange de t\u00e9l\u00e9travail, de masques assortis et de courses aux p\u00e2tes. L\u2019Organisation Mondiale de la Sant\u00e9 (OMS) a d\u00e9clar\u00e9 l\u2019\u00e9tat de pand\u00e9mie le <b>11 mars 2020<\/b>, une date grav\u00e9e dans nos m\u00e9moires comme le jour o\u00f9 le monde a r\u00e9alis\u00e9 que ce n\u2019\u00e9tait pas une simple grippe. Les confinements se sont encha\u00een\u00e9s, les gestes barri\u00e8res sont devenus une seconde nature, et les ap\u00e9ros Zoom ont remplac\u00e9 les soir\u00e9es entre amis. Bref, une \u00e9poque o\u00f9 le mot \u00ab distanciation \u00bb a pris une tout autre signification.<\/p>\n<p><h3>Questions que vous vous posez (et auxquelles on r\u00e9pond avec panache)<\/h3>\n<p><\/p>\n<ul><\/p>\n<li><b>L\u2019\u00e9pid\u00e9mie est-elle vraiment termin\u00e9e ?<\/b> Officiellement, l\u2019OMS a d\u00e9clar\u00e9 la fin de l\u2019urgence sanitaire en mai 2023, mais le virus circule toujours. Alors, on reste vigilants, comme un chat devant une souris virtuelle.<\/li>\n<p><\/p>\n<li><b>Pourquoi d\u00e9cembre 2019 est-il si important ?<\/b> C\u2019est le mois o\u00f9 tout a commenc\u00e9, o\u00f9 les premiers cas ont \u00e9t\u00e9 d\u00e9tect\u00e9s, et o\u00f9 le monde a bascul\u00e9 sans le savoir dans une nouvelle \u00e8re.<\/li>\n<p><\/p>\n<li><b>Y a-t-il eu d\u2019autres \u00e9pid\u00e9mies avant celle-ci ?<\/b> Bien s\u00fbr ! La grippe espagnole, le SRAS, Ebola\u2026 L\u2019histoire est une grande fan des \u00e9pid\u00e9mies, malheureusement.<\/li>\n<p>\n<\/ul>\n<\/p>\n<h2>Quelle est la diff\u00e9rence entre \u00e9pid\u00e9mie et pand\u00e9mie ?<\/h2>\n<p>Ah, l\u2019\u00e9ternel d\u00e9bat entre \u00e9pid\u00e9mie et pand\u00e9mie ! Deux mots qui font trembler les gouvernements, paniquer les m\u00e9dias et nous pousser \u00e0 stocker du papier toilette comme si l\u2019apocalypse \u00e9tait pour demain. Mais au fond, quelle est la <strong>vraie diff\u00e9rence<\/strong> entre ces deux termes ? L\u2019\u00e9pid\u00e9mie, c\u2019est un peu comme un feu de for\u00eat localis\u00e9 : elle se propage rapidement, mais reste confin\u00e9e \u00e0 une r\u00e9gion, un pays ou une communaut\u00e9 sp\u00e9cifique. Par exemple, une \u00e9pid\u00e9mie de grippe peut frapper une ville sans pour autant s\u2019\u00e9tendre au reste du monde. C\u2019est s\u00e9rieux, mais g\u00e9ographiquement limit\u00e9.<\/p>\n<p>La pand\u00e9mie, en revanche, c\u2019est le feu de for\u00eat qui devient incontr\u00f4lable et ravage plusieurs continents. Elle ne conna\u00eet pas de fronti\u00e8res et touche une grande partie de la population mondiale. On parle de pand\u00e9mie lorsque l\u2019\u00e9pid\u00e9mie prend des proportions internationales, comme ce fut le cas avec la COVID-19. En r\u00e9sum\u00e9, si l\u2019\u00e9pid\u00e9mie est un sprint local, la pand\u00e9mie est un marathon mondial. Et malheureusement, personne n\u2019aime courir un marathon sans s\u2019y \u00eatre pr\u00e9par\u00e9.<\/p>\n<p><h3>Questions br\u00fblantes sur \u00e9pid\u00e9mies et pand\u00e9mies<\/h3>\n<p>\n<b>1. Une \u00e9pid\u00e9mie peut-elle devenir une pand\u00e9mie ?<\/b><br \/>\nAbsolument ! Une \u00e9pid\u00e9mie devient une pand\u00e9mie lorsqu\u2019elle se propage au-del\u00e0 des fronti\u00e8res initiales et affecte plusieurs pays ou continents. C\u2019est comme passer du stade de &ldquo;probl\u00e8me r\u00e9gional&rdquo; \u00e0 &ldquo;crise mondiale&rdquo;.<\/p>\n<p><b>2. Qui d\u00e9cide si on est en situation de pand\u00e9mie ?<\/b><br \/>\nC\u2019est l\u2019Organisation Mondiale de la Sant\u00e9 (OMS) qui a le privil\u00e8ge (ou la corv\u00e9e) de d\u00e9clarer une pand\u00e9mie. Ils analysent la propagation, la gravit\u00e9 et l\u2019impact mondial avant de tirer la sonnette d\u2019alarme.<\/p>\n<p><b>3. Les pand\u00e9mies sont-elles plus dangereuses que les \u00e9pid\u00e9mies ?<\/b><br \/>\nPas forc\u00e9ment en termes de gravit\u00e9, mais en termes d\u2019\u00e9tendue. Une pand\u00e9mie touche plus de monde, ce qui peut entra\u00eener des cons\u00e9quences sanitaires, \u00e9conomiques et sociales plus vastes.<\/p>\n<p>[aib_post_related url=&rsquo;\/tendances\/jean-marc-morandini\/&rsquo; title=&rsquo;Jean Marc Morandini : r\u00e9v\u00e9lations surprenantes sur le parcours d&#039;un animateur embl\u00e9matique&rsquo; relatedtext=&rsquo;Vous pourriez \u00e9galement \u00eatre int\u00e9ress\u00e9 par:&rsquo;]<\/p>\n<p><b>4. Peut-on pr\u00e9venir une pand\u00e9mie ?<\/b><br \/>\nEn th\u00e9orie, oui ! Une surveillance accrue, une r\u00e9ponse rapide aux \u00e9pid\u00e9mies locales et une coop\u00e9ration internationale peuvent limiter les risques. Mais bon, parfois, Dame Nature a ses propres plans.<\/p>\n<p><b>5. Combien de temps dure une pand\u00e9mie ?<\/b><br \/>\n\u00c7a d\u00e9pend ! Certaines pand\u00e9mies s\u2019essoufflent en quelques mois, d\u2019autres tra\u00eenent en longueur pendant des ann\u00e9es. Tout d\u00e9pend de la maladie, des mesures prises et de la r\u00e9silience des populations.<\/p>\n<p>[aib_post_related url=&rsquo;\/tendances\/labbe-pierre-retour-sur-sa-vie-et-les-circonstances-de-son-deces\/&rsquo; title=&rsquo;L&#039;Abb\u00e9 Pierre : retour sur sa vie et les circonstances de son d\u00e9c\u00e8s&rsquo; relatedtext=&rsquo;Vous pourriez \u00e9galement \u00eatre int\u00e9ress\u00e9 par:&rsquo;]<\/p>\n<p>Voil\u00e0, vous \u00eates maintenant arm\u00e9 pour briller en soci\u00e9t\u00e9 (ou lors d\u2019un d\u00eener Zoom) en expliquant la diff\u00e9rence entre \u00e9pid\u00e9mie et pand\u00e9mie. Et n\u2019oubliez pas : que ce soit l\u2019une ou l\u2019autre, le lavage des mains reste votre meilleur alli\u00e9 !<\/p>\n","protected":false},"excerpt":{"rendered":"<p>Quelle est la date de fin de la pand\u00e9mie de Covid-19 ? Ah, la fameuse question qui a fait trembler les agendas et les pr\u00e9visions m\u00e9t\u00e9o depuis 2020 ! La date de fin de la pand\u00e9mie de Covid-19 est un peu comme chercher une aiguille dans une botte de foin\u2026 sauf que l\u2019aiguille se d\u00e9place&#8230;<\/p>\n","protected":false},"author":1,"featured_media":6769,"comment_status":"open","ping_status":"","sticky":false,"template":"","format":"standard","meta":{"_kad_post_transparent":"","_kad_post_title":"","_kad_post_layout":"","_kad_post_sidebar_id":"","_kad_post_content_style":"","_kad_post_vertical_padding":"","_kad_post_feature":"","_kad_post_feature_position":"","_kad_post_header":false,"_kad_post_footer":false,"_kad_post_classname":"","iawp_total_views":0,"footnotes":""},"categories":[1],"tags":[],"class_list":["post-6768","post","type-post","status-publish","format-standard","has-post-thumbnail","hentry","category-actualites"],"_links":{"self":[{"href":"https:\/\/www.dmoz.fr\/tendances\/wp-json\/wp\/v2\/posts\/6768","targetHints":{"allow":["GET"]}}],"collection":[{"href":"https:\/\/www.dmoz.fr\/tendances\/wp-json\/wp\/v2\/posts"}],"about":[{"href":"https:\/\/www.dmoz.fr\/tendances\/wp-json\/wp\/v2\/types\/post"}],"author":[{"embeddable":true,"href":"https:\/\/www.dmoz.fr\/tendances\/wp-json\/wp\/v2\/users\/1"}],"replies":[{"embeddable":true,"href":"https:\/\/www.dmoz.fr\/tendances\/wp-json\/wp\/v2\/comments?post=6768"}],"version-history":[{"count":0,"href":"https:\/\/www.dmoz.fr\/tendances\/wp-json\/wp\/v2\/posts\/6768\/revisions"}],"wp:featuredmedia":[{"embeddable":true,"href":"https:\/\/www.dmoz.fr\/tendances\/wp-json\/wp\/v2\/media\/6769"}],"wp:attachment":[{"href":"https:\/\/www.dmoz.fr\/tendances\/wp-json\/wp\/v2\/media?parent=6768"}],"wp:term":[{"taxonomy":"category","embeddable":true,"href":"https:\/\/www.dmoz.fr\/tendances\/wp-json\/wp\/v2\/categories?post=6768"},{"taxonomy":"post_tag","embeddable":true,"href":"https:\/\/www.dmoz.fr\/tendances\/wp-json\/wp\/v2\/tags?post=6768"}],"curies":[{"name":"wp","href":"https:\/\/api.w.org\/{rel}","templated":true}]}}