{"id":6804,"date":"2025-08-06T08:21:16","date_gmt":"2025-08-06T07:21:16","guid":{"rendered":"https:\/\/www.dmoz.fr\/tendances\/adeline-chetail\/"},"modified":"2025-08-06T08:21:16","modified_gmt":"2025-08-06T07:21:16","slug":"adeline-chetail","status":"publish","type":"post","link":"https:\/\/www.dmoz.fr\/tendances\/adeline-chetail\/","title":{"rendered":"Adeline chetail : d\u00e9couvrez l\u2019histoire fascinante derri\u00e8re ce nom myst\u00e9rieux"},"content":{"rendered":"<p><\/p>\n<div id='video-container' data-video-id='i9_u8s6ifKg' style='width:100%; height:auto; max-width:587px; position: relative;'>\n<div class='image-video-plugin' style='background:url(\"https:\/\/img.youtube.com\/vi\/i9_u8s6ifKg\/0.jpg\") center no-repeat; background-size: cover;'><\/div>\n<p>        <span class='youtube-play-button'><\/span><br \/>\n        <noscript><a href=\"https:\/\/www.youtube.com\/watch?v=i9_u8s6ifKg\" target=\"_blank\" rel=\"noopener\"><\/a><\/noscript>\n    <\/div>\n<p><\/p>\n<p><h2>Adeline Chetail est-elle en couple ?<\/h2>\n<p><\/p>\n<p>Adeline Chetail, cette figure \u00e9nigmatique et talentueuse, sait garder son jardin secret bien cl\u00f4tur\u00e9. Alors, est-elle en couple ? La question fait vibrer les cordes sensibles de ses admirateurs, mais la r\u00e9ponse reste aussi myst\u00e9rieuse qu\u2019une \u00e9nigme de Poirot. <b>Adeline<\/b>, avec son \u00e9l\u00e9gance et son humour d\u00e9cal\u00e9, pr\u00e9f\u00e8re laisser planer le doute, comme si son c\u0153ur \u00e9tait un roman dont elle tourne les pages en priv\u00e9. Les rumeurs vont bon train, mais aucune confirmation officielle n\u2019a encore perc\u00e9 le voile de sa vie sentimentale. Peut-\u00eatre que le myst\u00e8re fait partie de son charme ?<\/p>\n<\/p>\n<p>Dans un monde o\u00f9 les c\u00e9l\u00e9brit\u00e9s partagent tout, des petits-d\u00e9jeuners aux chaussettes trou\u00e9es, Adeline Chetail se distingue par sa discr\u00e9tion. Elle ne se livre pas sur sa vie amoureuse, pr\u00e9f\u00e9rant laisser ses \u0153uvres et ses apparitions publiques parler pour elle. <b>Est-elle c\u00e9libataire, amoureuse, ou simplement indiff\u00e9rente aux \u00e9tiquettes ?<\/b> Chacun y va de ses sp\u00e9culations, mais une chose est s\u00fbre : Adeline Chetail ma\u00eetrise l\u2019art de garder le suspense intact. Et si, finalement, son couple pr\u00e9f\u00e9r\u00e9 \u00e9tait celui qu\u2019elle forme avec son public ?<\/p>\n<p><h3>Vos questions br\u00fblantes sur Adeline Chetail<\/h3>\n<p><\/p>\n<ul><\/p>\n<li><b>Adeline Chetail a-t-elle d\u00e9j\u00e0 \u00e9voqu\u00e9 sa vie sentimentale ?<\/b> Non, elle pr\u00e9f\u00e8re garder ce sujet bien \u00e0 l\u2019abri des projecteurs.<\/li>\n<p><\/p>\n<li><b>Y a-t-il des rumeurs r\u00e9centes sur son couple ?<\/b> Les rumeurs vont et viennent, mais rien de concret n\u2019a \u00e9t\u00e9 confirm\u00e9.<\/li>\n<p><\/p>\n<li><b>Pourquoi Adeline Chetail est-elle si discr\u00e8te ?<\/b> Parce que, parfois, le myst\u00e8re est la plus belle des d\u00e9clarations.<\/li>\n<p>\n<\/ul>\n<\/p>\n<p><h2>Quel \u00e2ge a Adeline, la copine de Sora ?<\/h2>\n<p>\nAdeline, la myst\u00e9rieuse et charmante compagne de Sora, suscite bien des interrogations, notamment sur son \u00e2ge. Si certains pensent qu\u2019elle est une \u00e9ternelle jeune fille, d\u2019autres la voient comme une femme d\u2019exp\u00e9rience. En r\u00e9alit\u00e9, Adeline garde son \u00e2ge bien cach\u00e9, comme un tr\u00e9sor pr\u00e9cieux qu\u2019elle ne partage qu\u2019avec ceux qui m\u00e9ritent de le conna\u00eetre. <strong>Est-elle dans la vingtaine, la trentaine, ou bien plus ?<\/strong> Une chose est s\u00fbre : son charme intemporel fait d\u2019elle une \u00e9nigme vivante.<\/p>\n<p>Les sp\u00e9culations vont bon train, mais Adeline pr\u00e9f\u00e8re laisser planer le myst\u00e8re. Apr\u00e8s tout, pourquoi r\u00e9v\u00e9ler son \u00e2ge quand on peut laisser les gens imaginer ? <strong>Son secret ?<\/strong> Une combinaison de style, de gr\u00e2ce et d\u2019un brin de magie. Que vous la voyiez comme une jeune adulte ou une femme mature, une chose est certaine : Adeline incarne l\u2019\u00e9l\u00e9gance et la sophistication, quel que soit son \u00e2ge.<\/p>\n<p><h3>Questions que vous vous posez (et auxquelles on r\u00e9pond avec panache)<\/h3>\n<p><\/p>\n<ul><\/p>\n<li><b>Adeline a-t-elle toujours \u00e9t\u00e9 aussi myst\u00e9rieuse ?<\/b> Oui, et c\u2019est ce qui la rend si fascinante. Elle cultive le myst\u00e8re comme un art de vivre.<\/li>\n<p><\/p>\n<li><b>Pourquoi son \u00e2ge est-il un tel sujet de curiosit\u00e9 ?<\/b> Parce qu\u2019elle semble d\u00e9fier le temps, et \u00e7a, \u00e7a intrigue tout le monde.<\/li>\n<p><\/p>\n<li><b>Est-ce que Sora conna\u00eet son \u00e2ge ?<\/b> Probablement, mais il est trop gentleman pour en parler. Chut, c\u2019est un secret !<\/li>\n<p>\n<\/ul>\n<\/p>\n<h2>Quelle taille fait Adeline ?<\/h2>\n<p>Adeline, cette \u00e9nigme vivante, suscite une curiosit\u00e9 l\u00e9gitime : quelle est donc sa taille ? Si vous vous attendez \u00e0 une r\u00e9ponse simple, d\u00e9trompez-vous. Adeline, c\u2019est un peu comme un myst\u00e8re envelopp\u00e9 dans une \u00e9nigme, saupoudr\u00e9 d\u2019un zeste de myst\u00e8re. <b>Sa taille<\/b>, souvent \u00e9voqu\u00e9e avec un m\u00e9lange d\u2019admiration et de perplexit\u00e9, semble varier selon les sources. Certains la d\u00e9crivent comme une g\u00e9ante bienveillante, tandis que d\u2019autres la voient comme une f\u00e9e espi\u00e8gle. Mais une chose est s\u00fbre : quelle que soit sa taille, elle la porte avec une \u00e9l\u00e9gance qui ferait p\u00e2lir les mannequins les plus chevronn\u00e9s.<\/p>\n<p>Si vous vous demandez pourquoi tant de myst\u00e8re autour de <b>la taille d\u2019Adeline<\/b>, c\u2019est peut-\u00eatre parce qu\u2019elle incarne cette id\u00e9e que la grandeur ne se mesure pas qu\u2019en centim\u00e8tres. Entre les lignes, on devine que sa stature, r\u00e9elle ou per\u00e7ue, est avant tout une question de charisme. Alors, que vous la voyiez comme une tour Eiffel miniature ou une d\u00e9esse de l\u2019Olympe, une chose est claire : Adeline, quelle que soit sa taille, est une figure inoubliable.<\/p>\n<p><h3>Les questions que vous vous posez (et celles que vous n\u2019osiez pas poser)<\/h3>\n<p><\/p>\n<ul><\/p>\n<li><b>Adeline est-elle plus grande que la moyenne ?<\/b> \u2013 Disons qu\u2019elle d\u00e9passe les attentes, et parfois les portes.<\/li>\n<p><\/p>\n<li><b>Comment Adeline se compare-t-elle aux c\u00e9l\u00e9brit\u00e9s ?<\/b> \u2013 Elle les domine, litt\u00e9ralement ou m\u00e9taphoriquement, c\u2019est selon.<\/li>\n<p><\/p>\n<li><b>Est-ce que sa taille influence son style ?<\/b> \u2013 Absolument ! Elle porte chaque centim\u00e8tre comme une \u0153uvre d\u2019art.<\/li>\n<p>\n<\/ul>\n<\/p>\n<h2>Qui est Adeline Chetail dans Harry Potter ?<\/h2>\n<p>Adeline Chetail, bien que son nom ne r\u00e9sonne pas comme ceux de Harry, Hermione ou Ron, est une figure discr\u00e8te mais intrigante dans l\u2019univers magique de Harry Potter. <strong>Cette sorci\u00e8re fran\u00e7aise<\/strong> a marqu\u00e9 les esprits des fans les plus attentifs, non pas par des exploits \u00e9piques, mais par son r\u00f4le subtil et son charme typiquement fran\u00e7ais. Adeline est souvent \u00e9voqu\u00e9e pour son travail au sein du <strong>Minist\u00e8re de la Magie fran\u00e7ais<\/strong>, o\u00f9 elle a contribu\u00e9 \u00e0 des projets internationaux, notamment en collaboration avec le Minist\u00e8re britannique. Son expertise en mati\u00e8re de <strong>droit magique international<\/strong> et sa capacit\u00e9 \u00e0 naviguer entre les cultures en ont fait une alli\u00e9e pr\u00e9cieuse dans des affaires transfrontali\u00e8res.<\/p>\n<p>[aib_post_related url=&rsquo;\/tendances\/pokebox-kyogre\/&rsquo; title=&rsquo;D\u00e9couvrez le myst\u00e8re de Pokebox Kyogre : l&#039;ultime qu\u00eate aquatique vous attend !&rsquo; relatedtext=&rsquo;Vous pourriez \u00e9galement \u00eatre int\u00e9ress\u00e9 par:&rsquo;]<\/p>\n<p>Ce qui rend Adeline Chetail si fascinante, c\u2019est son m\u00e9lange unique d\u2019\u00e9l\u00e9gance et de pragmatisme. <strong>Imaginez une sorci\u00e8re qui manie la baguette avec la m\u00eame gr\u00e2ce qu\u2019un chef \u00e9toil\u00e9 manie sa cuill\u00e8re en argent.<\/strong> Elle incarne cette id\u00e9e que la magie ne se limite pas aux sorts spectaculaires, mais qu\u2019elle r\u00e9side aussi dans la diplomatie, l\u2019intelligence et un brin de myst\u00e8re. Bien qu\u2019elle n\u2019ait pas eu de sc\u00e8nes m\u00e9morables dans les livres ou les films, son existence rappelle que l\u2019univers de Harry Potter est peupl\u00e9 de personnages secondaires tout aussi riches et complexes que les h\u00e9ros principaux.<\/p>\n<p>[aib_post_related url=&rsquo;\/tendances\/acteur-le-mans-66\/&rsquo; title=&rsquo;Acteur le mans 66 : d\u00e9couvrez les talents cach\u00e9s de cette sc\u00e8ne locale !&rsquo; relatedtext=&rsquo;Vous pourriez \u00e9galement \u00eatre int\u00e9ress\u00e9 par:&rsquo;]<\/p>\n<h3>Les questions que vous vous posez sur Adeline Chetail<\/h3>\n<p><\/p>\n<ul><\/p>\n<li><b>Adeline Chetail appara\u00eet-elle dans les films Harry Potter ?<\/b> Non, elle reste un personnage de l\u2019ombre, mentionn\u00e9 dans des r\u00e9f\u00e9rences plus approfondies de l\u2019univers \u00e9tendu.<\/li>\n<p><\/p>\n<li><b>Quel est son r\u00f4le exact au Minist\u00e8re de la Magie fran\u00e7ais ?<\/b> Elle est sp\u00e9cialis\u00e9e dans le droit magique international, un domaine crucial pour les relations entre les sorciers de diff\u00e9rents pays.<\/li>\n<p><\/p>\n<li><b>Pourquoi les fans s\u2019int\u00e9ressent-ils \u00e0 elle ?<\/b> Parce qu\u2019elle repr\u00e9sente cette \u00e9l\u00e9gance fran\u00e7aise et cette expertise qui ajoutent une touche de sophistication \u00e0 l\u2019univers magique.<\/li>\n<p>\n<\/ul><\/p>\n","protected":false},"excerpt":{"rendered":"<p>Adeline Chetail est-elle en couple ? Adeline Chetail, cette figure \u00e9nigmatique et talentueuse, sait garder son jardin secret bien cl\u00f4tur\u00e9. Alors, est-elle en couple ? La question fait vibrer les cordes sensibles de ses admirateurs, mais la r\u00e9ponse reste aussi myst\u00e9rieuse qu\u2019une \u00e9nigme de Poirot. Adeline, avec son \u00e9l\u00e9gance et son humour d\u00e9cal\u00e9, pr\u00e9f\u00e8re laisser&#8230;<\/p>\n","protected":false},"author":1,"featured_media":6805,"comment_status":"open","ping_status":"","sticky":false,"template":"","format":"standard","meta":{"_kad_post_transparent":"","_kad_post_title":"","_kad_post_layout":"","_kad_post_sidebar_id":"","_kad_post_content_style":"","_kad_post_vertical_padding":"","_kad_post_feature":"","_kad_post_feature_position":"","_kad_post_header":false,"_kad_post_footer":false,"_kad_post_classname":"","iawp_total_views":1,"footnotes":""},"categories":[1],"tags":[],"class_list":["post-6804","post","type-post","status-publish","format-standard","has-post-thumbnail","hentry","category-actualites"],"_links":{"self":[{"href":"https:\/\/www.dmoz.fr\/tendances\/wp-json\/wp\/v2\/posts\/6804","targetHints":{"allow":["GET"]}}],"collection":[{"href":"https:\/\/www.dmoz.fr\/tendances\/wp-json\/wp\/v2\/posts"}],"about":[{"href":"https:\/\/www.dmoz.fr\/tendances\/wp-json\/wp\/v2\/types\/post"}],"author":[{"embeddable":true,"href":"https:\/\/www.dmoz.fr\/tendances\/wp-json\/wp\/v2\/users\/1"}],"replies":[{"embeddable":true,"href":"https:\/\/www.dmoz.fr\/tendances\/wp-json\/wp\/v2\/comments?post=6804"}],"version-history":[{"count":0,"href":"https:\/\/www.dmoz.fr\/tendances\/wp-json\/wp\/v2\/posts\/6804\/revisions"}],"wp:featuredmedia":[{"embeddable":true,"href":"https:\/\/www.dmoz.fr\/tendances\/wp-json\/wp\/v2\/media\/6805"}],"wp:attachment":[{"href":"https:\/\/www.dmoz.fr\/tendances\/wp-json\/wp\/v2\/media?parent=6804"}],"wp:term":[{"taxonomy":"category","embeddable":true,"href":"https:\/\/www.dmoz.fr\/tendances\/wp-json\/wp\/v2\/categories?post=6804"},{"taxonomy":"post_tag","embeddable":true,"href":"https:\/\/www.dmoz.fr\/tendances\/wp-json\/wp\/v2\/tags?post=6804"}],"curies":[{"name":"wp","href":"https:\/\/api.w.org\/{rel}","templated":true}]}}