{"id":6812,"date":"2025-08-06T12:31:38","date_gmt":"2025-08-06T11:31:38","guid":{"rendered":"https:\/\/www.dmoz.fr\/tendances\/fils-de-francis-lalanne\/"},"modified":"2025-08-06T12:31:38","modified_gmt":"2025-08-06T11:31:38","slug":"fils-de-francis-lalanne","status":"publish","type":"post","link":"https:\/\/www.dmoz.fr\/tendances\/fils-de-francis-lalanne\/","title":{"rendered":"D\u00e9couvrez l\u2019histoire m\u00e9connue des fils de Francis Lalanne"},"content":{"rendered":"<p><\/p>\n<div id='video-container' data-video-id='uVzVwSGWbd0' style='width:100%; height:auto; max-width:587px; position: relative;'>\n<div class='image-video-plugin' style='background:url(\"https:\/\/img.youtube.com\/vi\/uVzVwSGWbd0\/0.jpg\") center no-repeat; background-size: cover;'><\/div>\n<p>        <span class='youtube-play-button'><\/span><br \/>\n        <noscript><a href=\"https:\/\/www.youtube.com\/watch?v=uVzVwSGWbd0\" target=\"_blank\" rel=\"noopener\"><\/a><\/noscript>\n    <\/div>\n<p><\/p>\n<h2>Comment s&rsquo;appellent les enfants de Francis Lalanne ?<\/h2>\n<p><h2>Comment s&rsquo;appellent les enfants de Francis Lalanne ?<\/h2>\n<p><\/p>\n<p>Francis Lalanne, ce po\u00e8te aux mots doux et aux m\u00e9lodies envo\u00fbtantes, n\u2019est pas seulement un artiste, mais aussi un p\u00e8re. Ses enfants, bien qu\u2019\u00e9loign\u00e9s des projecteurs, portent des pr\u00e9noms qui r\u00e9sonnent comme des vers de po\u00e9sie. <b>L\u00e9opold<\/b>, son fils a\u00een\u00e9, est n\u00e9 en 1987 de son union avec Marie-Claire de Kervenoael. Ce pr\u00e9nom, noble et intemporel, semble tout droit sorti d\u2019un recueil de po\u00e9sie classique. Quant \u00e0 sa fille, <b>Olympe<\/b>, n\u00e9e en 1990, elle porte un pr\u00e9nom qui \u00e9voque la mythologie et la gr\u00e2ce, comme si Francis Lalanne avait choisi ces noms avec la m\u00eame minutie que ses rimes.<\/p>\n<p><\/p>\n<p>Si L\u00e9opold et Olympe ne sont pas des figures publiques, leurs pr\u00e9noms en disent long sur l\u2019univers po\u00e9tique dans lequel ils ont baign\u00e9. Francis Lalanne, connu pour son amour des mots, a visiblement accord\u00e9 une attention particuli\u00e8re \u00e0 ce choix, comme s\u2019il s\u2019agissait d\u2019un po\u00e8me \u00e0 part enti\u00e8re. Ces deux pr\u00e9noms, \u00e0 la fois rares et \u00e9vocateurs, refl\u00e8tent l\u2019\u00e2me artistique de leur p\u00e8re, qui a toujours su m\u00ealer lyrisme et profondeur dans tout ce qu\u2019il entreprend.<\/p>\n<\/p>\n<p><h3>Curieux d\u2019en savoir plus ? Voici vos r\u00e9ponses !<\/h3>\n<p><\/p>\n<ul><\/p>\n<li><b>Quel est le pr\u00e9nom du fils de Francis Lalanne ?<\/b> L\u00e9opold, un pr\u00e9nom qui respire l\u2019\u00e9l\u00e9gance et la po\u00e9sie.<\/li>\n<p><\/p>\n<li><b>Et celui de sa fille ?<\/b> Olympe, un pr\u00e9nom mythologique qui semble tout droit sorti d\u2019un vers de Lalanne.<\/li>\n<p><\/p>\n<li><b>Pourquoi ces pr\u00e9noms ?<\/b> Sans doute parce que Francis Lalanne aime les mots comme un enfant adore les bonbons : avec passion et sans mod\u00e9ration.<\/li>\n<p>\n<\/ul>\n<\/p>\n<h2>Est-ce que Jean-F\u00e9lix Lalanne est le fils de Francis Lalanne ?<\/h2>\n<p>La question est sur toutes les l\u00e8vres, ou du moins sur celles qui aiment les \u00e9nigmes familiales et les c\u00e9l\u00e9brit\u00e9s fran\u00e7aises. <strong>Jean-F\u00e9lix Lalanne<\/strong>, ce musicien talentueux et compositeur de renom, partage un nom de famille avec <strong>Francis Lalanne<\/strong>, le po\u00e8te et chanteur \u00e0 la barbe l\u00e9gendaire. Mais attention, ne nous emballons pas trop vite ! Si les deux hommes sont bel et bien des artistes accomplis, ils ne sont pas li\u00e9s par les liens du sang. <strong>Jean-F\u00e9lix n\u2019est pas le fils de Francis<\/strong>, m\u00eame si leurs parcours artistiques pourraient faire croire \u00e0 une filiation artistique, voire g\u00e9n\u00e9tique.<\/p>\n<p>Cela dit, il est facile de comprendre pourquoi la confusion persiste. <strong>Francis Lalanne<\/strong>, avec ses chansons po\u00e9tiques et son aura mystique, et <strong>Jean-F\u00e9lix Lalanne<\/strong>, avec ses compositions musicales et ses collaborations prestigieuses, semblent partager une certaine sensibilit\u00e9 artistique. Mais non, ils ne sont pas p\u00e8re et fils. <strong>Jean-F\u00e9lix est en r\u00e9alit\u00e9 le fils de Jean-Marie Lalanne<\/strong>, un autre homme bien distinct, prouvant ainsi que le talent peut se r\u00e9pandre dans une famille sans pour autant impliquer Francis.<\/p>\n<p><h3>Questions Fr\u00e9quentes : Les Lalanne, une famille d\u2019artistes ou juste un hasard de noms ?<\/h3>\n<p><\/p>\n<ul><\/p>\n<li><b>Jean-F\u00e9lix et Francis Lalanne sont-ils de la m\u00eame famille ?<\/b> Non, ils ne sont pas de la m\u00eame famille. Leur lien se limite \u00e0 leur passion commune pour la musique.<\/li>\n<p><\/p>\n<li><b>Qui est le p\u00e8re de Jean-F\u00e9lix Lalanne ?<\/b> Jean-F\u00e9lix est le fils de Jean-Marie Lalanne, et non de Francis Lalanne.<\/li>\n<p><\/p>\n<li><b>Pourquoi les gens pensent-ils qu\u2019ils sont li\u00e9s ?<\/b> Leur nom de famille identique et leurs carri\u00e8res artistiques similaires alimentent cette m\u00e9prise.<\/li>\n<p>\n<\/ul>\n<\/p>\n<p>Alors, si vous cherchiez une saga familiale entre ces deux artistes, il va falloir vous contenter de leurs \u0153uvres respectives. Parce que, franchement, entre les chansons de Francis et les compositions de Jean-F\u00e9lix, il y a d\u00e9j\u00e0 de quoi remplir plusieurs soir\u00e9es sans avoir besoin d\u2019inventer des liens familiaux !<\/p>\n<p><h2>Pourquoi Francis Lalanne ne chante plus ?<\/h2>\n<p><\/p>\n<p>Francis Lalanne, ce po\u00e8te-musicien \u00e0 la voix envo\u00fbtante et aux textes pleins de r\u00eaverie, semble s\u2019\u00eatre \u00e9clips\u00e9 des sc\u00e8nes et des studios ces derni\u00e8res ann\u00e9es. Mais pourquoi donc cet artiste, qui a marqu\u00e9 les ann\u00e9es 80 et 90 avec des titres comme <i>\u00ab Je te aime je t\u2019adore \u00bb<\/i> ou <i>\u00ab Une fille qui pleure \u00bb<\/i>, ne chante-t-il plus ? La r\u00e9ponse est un m\u00e9lange savoureux de choix personnels, d\u2019engagements politiques et d\u2019une vie artistique en perp\u00e9tuelle \u00e9volution. Lalanne, toujours aussi impr\u00e9visible, a pr\u00e9f\u00e9r\u00e9 se consacrer \u00e0 d\u2019autres passions, comme l\u2019\u00e9criture et la d\u00e9fense de causes qui lui tiennent \u00e0 c\u0153ur, notamment ses prises de position \u00e9cologistes et ses actions en faveur des droits des animaux. Un artiste qui ne se contente pas de chanter, mais qui vit ses convictions jusqu\u2019au bout des doigts (et des cordes vocales).<\/p>\n<\/p>\n<p>Par ailleurs, Francis Lalanne a \u00e9galement fait le choix de s\u2019\u00e9loigner des projecteurs pour privil\u00e9gier une vie plus discr\u00e8te, loin du tumulte m\u00e9diatique. Ce n\u2019est pas qu\u2019il ait abandonn\u00e9 la musique, mais il semble pr\u00e9f\u00e9rer d\u00e9sormais la po\u00e9sie et les projets plus intimistes. <b>Un retrait volontaire<\/b>, donc, qui n\u2019a rien d\u2019un adieu d\u00e9finitif, mais plut\u00f4t d\u2019une pause bien m\u00e9rit\u00e9e pour un artiste qui a toujours march\u00e9 au rythme de son propre tambour. Et puis, avouons-le, entre deux po\u00e8mes et quelques apparitions publiques, Francis Lalanne reste une \u00e9nigme vivante, un artiste qui continue de fasciner par son absence m\u00eame. Comme si son silence \u00e9tait devenu une nouvelle forme d\u2019art.<\/p>\n<p>[aib_post_related url=&rsquo;\/tendances\/enfants-eddy-mitchell\/&rsquo; title=&rsquo;Les enfants d&#039;Eddy Mitchell : secrets et anecdotes r\u00e9v\u00e9l\u00e9s !&rsquo; relatedtext=&rsquo;Vous pourriez \u00e9galement \u00eatre int\u00e9ress\u00e9 par:&rsquo;]<\/p>\n<p><h3>Les questions que vous vous posez (et les r\u00e9ponses que vous m\u00e9ritez)<\/h3>\n<p><\/p>\n<ul><\/p>\n<li><b>Francis Lalanne a-t-il compl\u00e8tement arr\u00eat\u00e9 la musique ?<\/b> Non, il se concentre davantage sur l\u2019\u00e9criture et d\u2019autres projets artistiques, mais la musique reste dans son c\u0153ur.<\/li>\n<p><\/p>\n<li><b>Pourquoi est-il moins pr\u00e9sent m\u00e9diatiquement ?<\/b> Par choix, il privil\u00e9gie une vie plus discr\u00e8te, loin des feux de la rampe.<\/li>\n<p><\/p>\n<li><b>Va-t-il un jour revenir sur sc\u00e8ne ?<\/b> Avec Francis Lalanne, tout est possible ! L\u2019artiste a toujours su surprendre son public.<\/li>\n<p>\n<\/ul>\n<\/p>\n<h2>Quelle est la taille de Jack LaLanne ?<\/h2>\n<p>Ah, Jack LaLanne, ce g\u00e9ant du fitness qui a fait transpirer des g\u00e9n\u00e9rations enti\u00e8res avec son sourire radieux et ses prouesses physiques ! Mais parlons de la taille de cet homme l\u00e9gendaire. <strong>Jack LaLanne mesurait 1,70 m\u00e8tre<\/strong>, ce qui, soyons honn\u00eates, n\u2019est pas exactement la taille d\u2019un s\u00e9quoia. Pourtant, cet homme a prouv\u00e9 que la grandeur ne se mesure pas en centim\u00e8tres, mais en d\u00e9termination. Avec ses biceps sculpt\u00e9s et son \u00e9nergie in\u00e9puisable, il a domin\u00e9 le monde du fitness comme un titan, m\u00eame sans \u00eatre un g\u00e9ant litt\u00e9ral. Alors, si vous pensiez que la taille \u00e9tait un obstacle pour devenir une l\u00e9gende, Jack LaLanne est l\u00e0 pour vous prouver le contraire.<\/p>\n<p>Mais ne vous y trompez pas : <strong>1,70 m\u00e8tre<\/strong>, c\u2019\u00e9tait plus qu\u2019assez pour qu\u2019il devienne l\u2019ic\u00f4ne que nous connaissons tous. Imaginez-le en train de nager avec des mains et des pieds encha\u00een\u00e9s, ou de faire des pompes \u00e0 un \u00e2ge o\u00f9 la plupart d\u2019entre nous peinent \u00e0 monter les escaliers. Sa taille \u00e9tait parfaite pour inspirer des millions de personnes \u00e0 travers le monde, prouvant que la force, la sant\u00e9 et la long\u00e9vit\u00e9 n\u2019ont rien \u00e0 voir avec la hauteur du plafond. Jack LaLanne \u00e9tait, et restera, un g\u00e9ant dans le c\u0153ur de ceux qui croient que tout est possible avec un peu de motivation et beaucoup de sueur.<\/p>\n<p>[aib_post_related url=&rsquo;\/tendances\/a-qui-appartient-bfmtv\/&rsquo; title=&rsquo;\u00c0 qui appartient Bfmtv ? D\u00e9couvrez les secrets derri\u00e8re la cha\u00eene d&#039;info !&rsquo; relatedtext=&rsquo;Vous pourriez \u00e9galement \u00eatre int\u00e9ress\u00e9 par:&rsquo;]<\/p>\n<h3>Questions br\u00fblantes sur Jack LaLanne<\/h3>\n<p>\n<b>Jack LaLanne \u00e9tait-il vraiment si petit ?<\/b><br \/>\nEh bien, &ldquo;petit&rdquo; est un terme relatif. \u00c0 1,70 m\u00e8tre, il n\u2019\u00e9tait pas exactement un g\u00e9ant, mais il a prouv\u00e9 que la taille n\u2019a rien \u00e0 voir avec la grandeur.<\/p>\n<p><b>Est-ce que sa taille l\u2019a emp\u00each\u00e9 de devenir une l\u00e9gende ?<\/b><br \/>\nAbsolument pas ! Jack LaLanne a transcend\u00e9 les normes physiques pour devenir un symbole intemporel de sant\u00e9 et de d\u00e9termination.<\/p>\n<p>[aib_post_related url=&rsquo;\/tendances\/lookmovie2-to-reddit\/&rsquo; title=&rsquo;Lookmovie2.To Reddit : d\u00e9couvrez les secrets d&#039;un site de streaming controvers\u00e9 !&rsquo; relatedtext=&rsquo;Vous pourriez \u00e9galement \u00eatre int\u00e9ress\u00e9 par:&rsquo;]<\/p>\n<p><b>Comment a-t-il r\u00e9ussi \u00e0 inspirer autant de gens malgr\u00e9 sa taille ?<\/b><br \/>\nEn montrant que la vraie force vient de l\u2019int\u00e9rieur. Sa passion, son d\u00e9vouement et son \u00e9nergie contagieuse ont fait de lui un h\u00e9ros pour des millions de personnes.<\/p>\n","protected":false},"excerpt":{"rendered":"<p>Comment s&rsquo;appellent les enfants de Francis Lalanne ? Comment s&rsquo;appellent les enfants de Francis Lalanne ? Francis Lalanne, ce po\u00e8te aux mots doux et aux m\u00e9lodies envo\u00fbtantes, n\u2019est pas seulement un artiste, mais aussi un p\u00e8re. Ses enfants, bien qu\u2019\u00e9loign\u00e9s des projecteurs, portent des pr\u00e9noms qui r\u00e9sonnent comme des vers de po\u00e9sie. L\u00e9opold, son fils&#8230;<\/p>\n","protected":false},"author":1,"featured_media":6813,"comment_status":"open","ping_status":"","sticky":false,"template":"","format":"standard","meta":{"_kad_post_transparent":"","_kad_post_title":"","_kad_post_layout":"","_kad_post_sidebar_id":"","_kad_post_content_style":"","_kad_post_vertical_padding":"","_kad_post_feature":"","_kad_post_feature_position":"","_kad_post_header":false,"_kad_post_footer":false,"_kad_post_classname":"","iawp_total_views":1,"footnotes":""},"categories":[1],"tags":[],"class_list":["post-6812","post","type-post","status-publish","format-standard","has-post-thumbnail","hentry","category-actualites"],"_links":{"self":[{"href":"https:\/\/www.dmoz.fr\/tendances\/wp-json\/wp\/v2\/posts\/6812","targetHints":{"allow":["GET"]}}],"collection":[{"href":"https:\/\/www.dmoz.fr\/tendances\/wp-json\/wp\/v2\/posts"}],"about":[{"href":"https:\/\/www.dmoz.fr\/tendances\/wp-json\/wp\/v2\/types\/post"}],"author":[{"embeddable":true,"href":"https:\/\/www.dmoz.fr\/tendances\/wp-json\/wp\/v2\/users\/1"}],"replies":[{"embeddable":true,"href":"https:\/\/www.dmoz.fr\/tendances\/wp-json\/wp\/v2\/comments?post=6812"}],"version-history":[{"count":0,"href":"https:\/\/www.dmoz.fr\/tendances\/wp-json\/wp\/v2\/posts\/6812\/revisions"}],"wp:featuredmedia":[{"embeddable":true,"href":"https:\/\/www.dmoz.fr\/tendances\/wp-json\/wp\/v2\/media\/6813"}],"wp:attachment":[{"href":"https:\/\/www.dmoz.fr\/tendances\/wp-json\/wp\/v2\/media?parent=6812"}],"wp:term":[{"taxonomy":"category","embeddable":true,"href":"https:\/\/www.dmoz.fr\/tendances\/wp-json\/wp\/v2\/categories?post=6812"},{"taxonomy":"post_tag","embeddable":true,"href":"https:\/\/www.dmoz.fr\/tendances\/wp-json\/wp\/v2\/tags?post=6812"}],"curies":[{"name":"wp","href":"https:\/\/api.w.org\/{rel}","templated":true}]}}