{"id":7008,"date":"2025-08-10T15:35:01","date_gmt":"2025-08-10T14:35:01","guid":{"rendered":"https:\/\/www.dmoz.fr\/tendances\/renaud-jeune\/"},"modified":"2025-08-10T15:35:01","modified_gmt":"2025-08-10T14:35:01","slug":"renaud-jeune","status":"publish","type":"post","link":"https:\/\/www.dmoz.fr\/tendances\/renaud-jeune\/","title":{"rendered":"Renaud jeune : d\u00e9couvrez les secrets m\u00e9connus de ses d\u00e9buts l\u00e9gendaires"},"content":{"rendered":"<p><\/p>\n<div id='video-container' data-video-id='9wW_yOLL3sM' style='width:100%; height:auto; max-width:587px; position: relative;'>\n<div class='image-video-plugin' style='background:url(\"https:\/\/img.youtube.com\/vi\/9wW_yOLL3sM\/0.jpg\") center no-repeat; background-size: cover;'><\/div>\n<p>        <span class='youtube-play-button'><\/span><br \/>\n        <noscript><a href=\"https:\/\/www.youtube.com\/watch?v=9wW_yOLL3sM\" target=\"_blank\" rel=\"noopener\"><\/a><\/noscript>\n    <\/div>\n<p><\/p>\n<h2>Quelle maladie a Renaud ?<\/h2>\n<p>Renaud, l\u2019ic\u00f4ne de la chanson fran\u00e7aise, a travers\u00e9 des \u00e9preuves de sant\u00e9 qui ont marqu\u00e9 ses fans et le monde artistique. En 2020, il a r\u00e9v\u00e9l\u00e9 souffrir de la <strong>maladie de Lyme<\/strong>, une infection transmise par les tiques qui peut engendrer des sympt\u00f4mes vari\u00e9s et parfois invalidants. Cette annonce a suscit\u00e9 une vague de soutien et d\u2019\u00e9motion, d\u2019autant plus que Renaud a longtemps gard\u00e9 le silence sur son \u00e9tat. La maladie de Lyme, souvent mal diagnostiqu\u00e9e, peut provoquer des douleurs articulaires, une fatigue chronique et des troubles neurologiques, ce qui explique les p\u00e9riodes d\u2019absence de l\u2019artiste.<\/p>\n<p>Malgr\u00e9 cette \u00e9preuve, Renaud a montr\u00e9 une r\u00e9silience admirable. Apr\u00e8s des ann\u00e9es de traitement et de convalescence, il a fait un retour sur sc\u00e8ne en 2022, prouvant que m\u00eame face \u00e0 la maladie, son talent et sa passion restaient intacts. Son histoire a \u00e9galement contribu\u00e9 \u00e0 sensibiliser le public \u00e0 la maladie de Lyme, une pathologie encore m\u00e9connue mais dont les cas augmentent en France. Renaud, avec sa verve et son humour l\u00e9gendaire, continue d\u2019inspirer, montrant que m\u00eame les combats les plus difficiles peuvent \u00eatre surmont\u00e9s avec courage.<\/p>\n<p><h3>Renaud et la maladie de Lyme : Vos questions, nos r\u00e9ponses<\/h3>\n<p><\/p>\n<ul><\/p>\n<li><b>Quels sont les sympt\u00f4mes de la maladie de Lyme ?<\/b> Les sympt\u00f4mes incluent fatigue, douleurs articulaires, maux de t\u00eate et parfois des troubles neurologiques. Un diagnostic pr\u00e9coce est crucial pour un traitement efficace.<\/li>\n<p><\/p>\n<li><b>Comment Renaud a-t-il d\u00e9couvert sa maladie ?<\/b> Apr\u00e8s des ann\u00e9es de sympt\u00f4mes mal compris, Renaud a finalement \u00e9t\u00e9 diagnostiqu\u00e9 en 2020, gr\u00e2ce \u00e0 des examens approfondis.<\/li>\n<p><\/p>\n<li><b>La maladie de Lyme est-elle gu\u00e9rissable ?<\/b> Oui, avec un traitement adapt\u00e9, souvent \u00e0 base d\u2019antibiotiques, mais les cas chroniques peuvent n\u00e9cessiter une prise en charge plus longue.<\/li>\n<p><\/p>\n<li><b>Renaud a-t-il parl\u00e9 de sa maladie publiquement ?<\/b> Oui, il a \u00e9voqu\u00e9 son combat dans plusieurs interviews, partageant son exp\u00e9rience pour sensibiliser le public.<\/li>\n<p>\n<\/ul>\n<\/p>\n<h2>Pourquoi Renaud a-t-il commenc\u00e9 \u00e0 boire ?<\/h2>\n<p>Renaud, l\u2019enfant terrible de la chanson fran\u00e7aise, a souvent \u00e9t\u00e9 associ\u00e9 \u00e0 son penchant pour la bouteille. Mais pourquoi ce g\u00e9nie des mots a-t-il succomb\u00e9 aux charmes (ou aux pi\u00e8ges) de l\u2019alcool ? <strong>La r\u00e9ponse est aussi complexe que ses textes<\/strong>. D\u2019abord, il y a le poids de la c\u00e9l\u00e9brit\u00e9. Imaginez : un jeune homme qui monte sur sc\u00e8ne avec sa gouaille et sa r\u00e9volte, port\u00e9 aux nues par un public en qu\u00eate de v\u00e9rit\u00e9. Mais derri\u00e8re cette image de rebelle, il y avait un \u00eatre sensible, parfois fragile. L\u2019alcool, pour lui, \u00e9tait peut-\u00eatre une \u00e9chappatoire, un moyen de noyer les doutes et les pressions qui accompagnent la gloire. <strong>Un rem\u00e8de temporaire, mais h\u00e9las, pas une solution.<\/strong><\/p>\n<p>[aib_post_related url=&rsquo;\/tendances\/relation-pression-temperature\/&rsquo; title=&rsquo;Relation pression temp\u00e9rature : d\u00e9chiffrez les secrets de ce lien fascinant !&rsquo; relatedtext=&rsquo;Vous pourriez \u00e9galement \u00eatre int\u00e9ress\u00e9 par:&rsquo;]<\/p>\n<p>Ensuite, il y a l\u2019influence de son environnement. Dans les ann\u00e9es 70 et 80, l\u2019alcool faisait presque partie du d\u00e9cor pour les artistes. Les tourn\u00e9es, les soir\u00e9es interminables, les rencontres avec d\u2019autres personnalit\u00e9s du milieu\u2026 Tout cela cr\u00e9ait un terrain propice \u00e0 l\u2019exc\u00e8s. Renaud, avec son esprit libre et son go\u00fbt pour la provocation, a sans doute \u00e9t\u00e9 emport\u00e9 par ce tourbillon. <strong>L\u2019alcool \u00e9tait alors \u00e0 la fois un compagnon de route et un miroir de ses d\u00e9mons int\u00e9rieurs.<\/strong> Mais attention, ne r\u00e9duisons pas Renaud \u00e0 cela : sa carri\u00e8re et son talent d\u00e9passent largement cette facette sombre de sa vie.<\/p>\n<h3>Les questions que vous vous posez (et qu\u2019on se pose aussi)<\/h3>\n<ul>\n<li><b>L\u2019alcool a-t-il influenc\u00e9 la musique de Renaud ?<\/b> Sans aucun doute. Certaines de ses chansons, comme &ldquo;Mistral gagnant&rdquo; ou &ldquo;Manu&rdquo;, portent une \u00e9motion brute qui pourrait bien \u00eatre nourrie par ses propres luttes.<\/li>\n<li><b>Renaud a-t-il r\u00e9ussi \u00e0 se lib\u00e9rer de l\u2019alcool ?<\/b> Oui, apr\u00e8s des ann\u00e9es de combat, Renaud a r\u00e9ussi \u00e0 surmonter cette addiction, prouvant une fois de plus sa force de caract\u00e8re.<\/li>\n<li><b>Pourquoi parle-t-on autant de cette p\u00e9riode de sa vie ?<\/b> Parce que Renaud, c\u2019est aussi \u00e7a : un artiste qui a v\u00e9cu intens\u00e9ment, avec ses hauts et ses bas, et qui n\u2019a jamais cach\u00e9 ses failles.<\/li>\n<\/ul>\n<h2>Pourquoi Renaud est-il d\u00e9pressif ?<\/h2>\n<p>Renaud, ce g\u00e9ant de la chanson fran\u00e7aise, a souvent fait danser nos c\u0153urs au rythme de ses m\u00e9lodies, mais derri\u00e8re ce g\u00e9nie artistique se cache un homme en proie \u00e0 des d\u00e9mons int\u00e9rieurs. <b>La d\u00e9pression de Renaud<\/b> ne peut \u00eatre r\u00e9duite \u00e0 une simple cause, mais plut\u00f4t \u00e0 un enchev\u00eatrement de facteurs. D\u2019abord, son hypersensibilit\u00e9, cette arme \u00e0 double tranchant, lui a permis de toucher des millions d\u2019\u00e2mes, mais elle l\u2019a aussi rendu vuln\u00e9rable aux tourments de l\u2019existence. Ensuite, les \u00e9preuves personnelles, comme la perte de proches ou les d\u00e9ceptions amoureuses, ont laiss\u00e9 des cicatrices profondes. Ajoutez \u00e0 cela le poids de la c\u00e9l\u00e9brit\u00e9, qui, malgr\u00e9 ses avantages, peut devenir un v\u00e9ritable fardeau. Renaud a souvent \u00e9voqu\u00e9 dans ses textes cette lutte int\u00e9rieure, cette qu\u00eate de sens qui, parfois, semble insaisissable.<\/p>\n<p>Par ailleurs, <b>l\u2019addiction<\/b> a jou\u00e9 un r\u00f4le non n\u00e9gligeable dans son \u00e9tat d\u00e9pressif. L\u2019alcool, notamment, a \u00e9t\u00e9 un compagnon de route aussi toxique qu\u2019envo\u00fbtant. Renaud a lui-m\u00eame reconnu que cette d\u00e9pendance l\u2019a plong\u00e9 dans des ab\u00eemes de solitude et de d\u00e9sespoir. Mais il ne faut pas oublier que la d\u00e9pression est une maladie complexe, souvent multifactorielle. Chez Renaud, elle semble \u00eatre le fruit d\u2019une combinaison entre des pr\u00e9dispositions g\u00e9n\u00e9tiques, des \u00e9v\u00e9nements traumatisants et un environnement parfois hostile. Pourtant, malgr\u00e9 ces \u00e9preuves, il continue de se battre, de chanter, et de nous rappeler que m\u00eame les h\u00e9ros ont leurs failles.<\/p>\n<h3>Questions que vous vous posez peut-\u00eatre sur Renaud et sa d\u00e9pression<\/h3>\n<ul>\n<li><b>Renaud a-t-il parl\u00e9 ouvertement de sa d\u00e9pression ?<\/b> Oui, il a \u00e9voqu\u00e9 ses combats int\u00e9rieurs dans plusieurs interviews et \u00e0 travers ses chansons, notamment dans des titres comme &ldquo;Manu&rdquo;.<\/li>\n<li><b>Quel r\u00f4le a jou\u00e9 l\u2019alcool dans sa d\u00e9pression ?<\/b> L\u2019alcool a \u00e9t\u00e9 \u00e0 la fois une \u00e9chappatoire et un amplificateur de ses probl\u00e8mes, cr\u00e9ant un cercle vicieux difficile \u00e0 briser.<\/li>\n<li><b>Comment Renaud g\u00e8re-t-il sa d\u00e9pression aujourd\u2019hui ?<\/b> Il semble avoir trouv\u00e9 un \u00e9quilibre gr\u00e2ce \u00e0 un entourage bienveillant et un suivi m\u00e9dical adapt\u00e9, m\u00eame si le chemin reste parsem\u00e9 d\u2019emb\u00fbches.<\/li>\n<\/ul>\n<h2>Quelle quantit\u00e9 d&rsquo;alcool buvait le chanteur Renaud ?<\/h2>\n<p><h2>Quelle quantit\u00e9 d&rsquo;alcool buvait le chanteur Renaud ?<\/h2>\n<p><\/p>\n<p>Renaud, l\u2019ic\u00f4ne de la chanson fran\u00e7aise, a souvent \u00e9t\u00e9 associ\u00e9 \u00e0 une r\u00e9putation de <b>bon vivant<\/b>, avec une relation tumultueuse \u00e0 l\u2019alcool. Si les chiffres exacts restent flous, ses propres confessions et les t\u00e9moignages de son entourage laissent deviner une consommation <b>abondante<\/b>, voire excessive, \u00e0 certaines p\u00e9riodes de sa vie. Le chanteur a lui-m\u00eame \u00e9voqu\u00e9, avec son humour corrosif, des nuits arros\u00e9es de vin rouge, de whisky et de pastis, des breuvages qui semblaient presque faire partie de son ADN artistique. On raconte qu\u2019il pouvait engloutir plusieurs bouteilles en une soir\u00e9e, surtout lors de ses ann\u00e9es de gloire dans les ann\u00e9es 80 et 90, o\u00f9 les exc\u00e8s \u00e9taient presque une marque de fabrique.<\/p>\n<\/p>\n<p>[aib_post_related url=&rsquo;\/tendances\/euromillion-resultat-et-rapport\/&rsquo; title=&rsquo;Euromillion : d\u00e9couvrez les r\u00e9sultats et rapports qui pourraient changer votre vie !&rsquo; relatedtext=&rsquo;Vous pourriez \u00e9galement \u00eatre int\u00e9ress\u00e9 par:&rsquo;]<\/p>\n<p>Pourtant, derri\u00e8re cette image de <b>po\u00e8te ivre<\/b>, Renaud a aussi pay\u00e9 le prix de ses abus. Dans les ann\u00e9es 2000, sa sant\u00e9 s\u2019est d\u00e9grad\u00e9e, et il a d\u00fb r\u00e9duire drastiquement sa consommation d\u2019alcool, voire s\u2019en sevrer compl\u00e8tement pendant un temps. Ses proches ont souvent soulign\u00e9 que cette relation \u00e0 l\u2019alcool \u00e9tait autant une source d\u2019inspiration que de souffrance. Aujourd\u2019hui, Renaud semble avoir trouv\u00e9 un \u00e9quilibre, mais sa l\u00e9gende, elle, reste indissociable de ces moments o\u00f9 le verre \u00e9tait \u00e0 la fois son alli\u00e9 et son ennemi.<\/p>\n<p>[aib_post_related url=&rsquo;\/tendances\/notre-dame-de-betharram-scandale\/&rsquo; title=&rsquo;Le scandale de Notre Dame de Betharram : r\u00e9v\u00e9lations chocs qui bouleversent tout&rsquo; relatedtext=&rsquo;Vous pourriez \u00e9galement \u00eatre int\u00e9ress\u00e9 par:&rsquo;]<\/p>\n<p><h3>Les questions que vous vous posez sur Renaud et l\u2019alcool<\/h3>\n<p><\/p>\n<ul><\/p>\n<li><b>Renaud a-t-il arr\u00eat\u00e9 de boire ?<\/b> Oui, il a r\u00e9duit sa consommation de mani\u00e8re significative pour pr\u00e9server sa sant\u00e9.<\/li>\n<p><\/p>\n<li><b>Quels \u00e9taient ses alcools pr\u00e9f\u00e9r\u00e9s ?<\/b> Le vin rouge, le whisky et le pastis figuraient en t\u00eate de liste.<\/li>\n<p><\/p>\n<li><b>L\u2019alcool a-t-il influenc\u00e9 sa musique ?<\/b> Sans aucun doute, il a souvent \u00e9voqu\u00e9 l\u2019ivresse comme source d\u2019inspiration et de r\u00e9bellion.<\/li>\n<p>\n<\/ul><\/p>\n","protected":false},"excerpt":{"rendered":"<p>Quelle maladie a Renaud ? Renaud, l\u2019ic\u00f4ne de la chanson fran\u00e7aise, a travers\u00e9 des \u00e9preuves de sant\u00e9 qui ont marqu\u00e9 ses fans et le monde artistique. En 2020, il a r\u00e9v\u00e9l\u00e9 souffrir de la maladie de Lyme, une infection transmise par les tiques qui peut engendrer des sympt\u00f4mes vari\u00e9s et parfois invalidants. Cette annonce a&#8230;<\/p>\n","protected":false},"author":1,"featured_media":7009,"comment_status":"open","ping_status":"","sticky":false,"template":"","format":"standard","meta":{"_kad_post_transparent":"","_kad_post_title":"","_kad_post_layout":"","_kad_post_sidebar_id":"","_kad_post_content_style":"","_kad_post_vertical_padding":"","_kad_post_feature":"","_kad_post_feature_position":"","_kad_post_header":false,"_kad_post_footer":false,"_kad_post_classname":"","iawp_total_views":3,"footnotes":""},"categories":[1],"tags":[],"class_list":["post-7008","post","type-post","status-publish","format-standard","has-post-thumbnail","hentry","category-actualites"],"_links":{"self":[{"href":"https:\/\/www.dmoz.fr\/tendances\/wp-json\/wp\/v2\/posts\/7008","targetHints":{"allow":["GET"]}}],"collection":[{"href":"https:\/\/www.dmoz.fr\/tendances\/wp-json\/wp\/v2\/posts"}],"about":[{"href":"https:\/\/www.dmoz.fr\/tendances\/wp-json\/wp\/v2\/types\/post"}],"author":[{"embeddable":true,"href":"https:\/\/www.dmoz.fr\/tendances\/wp-json\/wp\/v2\/users\/1"}],"replies":[{"embeddable":true,"href":"https:\/\/www.dmoz.fr\/tendances\/wp-json\/wp\/v2\/comments?post=7008"}],"version-history":[{"count":0,"href":"https:\/\/www.dmoz.fr\/tendances\/wp-json\/wp\/v2\/posts\/7008\/revisions"}],"wp:featuredmedia":[{"embeddable":true,"href":"https:\/\/www.dmoz.fr\/tendances\/wp-json\/wp\/v2\/media\/7009"}],"wp:attachment":[{"href":"https:\/\/www.dmoz.fr\/tendances\/wp-json\/wp\/v2\/media?parent=7008"}],"wp:term":[{"taxonomy":"category","embeddable":true,"href":"https:\/\/www.dmoz.fr\/tendances\/wp-json\/wp\/v2\/categories?post=7008"},{"taxonomy":"post_tag","embeddable":true,"href":"https:\/\/www.dmoz.fr\/tendances\/wp-json\/wp\/v2\/tags?post=7008"}],"curies":[{"name":"wp","href":"https:\/\/api.w.org\/{rel}","templated":true}]}}