{"id":7056,"date":"2025-08-11T15:46:07","date_gmt":"2025-08-11T14:46:07","guid":{"rendered":"https:\/\/www.dmoz.fr\/tendances\/nouveau-patron-de-renault\/"},"modified":"2025-08-11T15:46:07","modified_gmt":"2025-08-11T14:46:07","slug":"nouveau-patron-de-renault","status":"publish","type":"post","link":"https:\/\/www.dmoz.fr\/tendances\/nouveau-patron-de-renault\/","title":{"rendered":"Nouveau patron de Renault : les ambitions secr\u00e8tes derri\u00e8re la prise de pouvoir"},"content":{"rendered":"<p><\/p>\n<div id='video-container' data-video-id='ZzCWfrU-9dg' style='width:100%; height:auto; max-width:587px; position: relative;'>\n<div class='image-video-plugin' style='background:url(\"https:\/\/img.youtube.com\/vi\/ZzCWfrU-9dg\/0.jpg\") center no-repeat; background-size: cover;'><\/div>\n<p>        <span class='youtube-play-button'><\/span><br \/>\n        <noscript><a href=\"https:\/\/www.youtube.com\/watch?v=ZzCWfrU-9dg\" target=\"_blank\" rel=\"noopener\"><\/a><\/noscript>\n    <\/div>\n<p><\/p>\n<h2>Qui est le nouveau patron de Renault ?<\/h2>\n<p>Ah, le nouveau capitaine du navire Renault ! Depuis que Luca de Meo a pass\u00e9 le relais, les projecteurs sont braqu\u00e9s sur <strong>Luca de Meo<\/strong>. Non, attendez, ce n\u2019est pas une erreur de frappe. Oui, c\u2019est bien Luca de Meo qui reste aux commandes, mais avec une \u00e9nergie renouvel\u00e9e et une vision encore plus audacieuse pour l\u2019avenir de la marque au losange. Ce monsieur, qui a d\u00e9j\u00e0 redonn\u00e9 des couleurs \u00e0 Renault, continue de naviguer entre innovation et tradition, comme un chef cuisinier qui revisite les classiques avec une touche de modernit\u00e9. Avec lui, Renault ne roule pas seulement sur des roues, mais sur des id\u00e9es qui font avancer l\u2019industrie automobile vers un futur plus \u00e9lectrique et connect\u00e9.<\/p>\n<p><b>Luca de Meo<\/b>, c\u2019est un peu le James Bond de l\u2019automobile : \u00e9l\u00e9gant, strat\u00e8ge, et toujours pr\u00eat \u00e0 relever des d\u00e9fis titanesques. Depuis qu\u2019il a pris les r\u00eanes en 2020, il a insuffl\u00e9 un vent de renouveau dans la marque fran\u00e7aise, en lan\u00e7ant des mod\u00e8les phares comme la <strong>Renault 5 \u00e9lectrique<\/strong>, un hommage moderne \u00e0 une ic\u00f4ne des ann\u00e9es 70. Son mantra ? Transformer Renault en un acteur incontournable de la mobilit\u00e9 durable. Et \u00e7a marche ! Sous sa direction, Renault a non seulement retrouv\u00e9 sa place sur le podium des constructeurs europ\u00e9ens, mais a aussi su s\u00e9duire une nouvelle g\u00e9n\u00e9ration de conducteurs. Alors, si vous vous demandez qui est le nouveau patron de Renault, sachez que c\u2019est un homme qui ne fait pas que conduire des voitures, il les r\u00e9invente.<\/p>\n<h3>Questions que vous vous posez (et nous aussi, avouons-le)<\/h3>\n<ul>\n<li><b>Quel est le parcours de Luca de Meo avant Renault ?<\/b> Avant de prendre les commandes chez Renault, Luca de Meo a fait ses armes chez des g\u00e9ants comme Fiat, Volkswagen et Audi. Un CV qui fait r\u00eaver, non ?<\/li>\n<li><b>Quels sont ses grands projets pour Renault ?<\/b> Entre \u00e9lectrification des mod\u00e8les, d\u00e9veloppement de services de mobilit\u00e9 et renforcement de la marque, Luca de Meo a du pain sur la planche. Mais avec lui, Renault semble bien parti pour briller.<\/li>\n<li><b>Pourquoi est-il si appr\u00e9ci\u00e9 dans l\u2019industrie automobile ?<\/b> Parce qu\u2019il combine vision strat\u00e9gique, cr\u00e9ativit\u00e9 et un sens aigu du marketing. En somme, c\u2019est un chef d\u2019orchestre qui sait faire danser toute l\u2019\u00e9quipe.<\/li>\n<\/ul>\n<h2>Qui est le nouveau directeur g\u00e9n\u00e9ral de Renault ?<\/h2>\n<p><b>Luca de Meo<\/b>, un nom qui r\u00e9sonne d\u00e9sormais comme une m\u00e9lodie dans les couloirs de Renault, est le nouveau capitaine \u00e0 la barre de ce g\u00e9ant automobile. Depuis son arriv\u00e9e en juillet 2020, cet Italien au charisme contagieux a insuffl\u00e9 un vent de renouveau dans l\u2019entreprise. Avec un CV aussi brillant qu\u2019un phare dans la nuit (Audi, Seat, Fiat, et m\u00eame Volkswagen), de Meo a \u00e9t\u00e9 choisi pour redynamiser la marque au losange. Son mantra ? <strong>Innovation, \u00e9lectrification, et un soup\u00e7on de folie cr\u00e9ative<\/strong>. Car oui, chez Renault, on ne se contente plus de fabriquer des voitures, on raconte des histoires. Et Luca de Meo, avec son flair de strat\u00e8ge et son sourire enj\u00f4leur, est le parfait narrateur.<\/p>\n<p>Mais qui est vraiment cet homme derri\u00e8re le volant ? Dipl\u00f4m\u00e9 en commerce et marketing, il a gravi les \u00e9chelons avec la gr\u00e2ce d\u2019un danseur de tango. <strong>Visionnaire et pragmatique<\/strong>, il a su transformer Seat en une marque jeune et dynamique, et il compte bien r\u00e9p\u00e9ter l\u2019exploit chez Renault. Sous sa direction, la marque a d\u00e9j\u00e0 lanc\u00e9 des mod\u00e8les \u00e9lectriques qui font tourner les t\u00eates, tout en renfor\u00e7ant son engagement \u00e9cologique. Avec Luca de Meo, Renault ne roule plus, elle vole.<\/p>\n<h3>Questions br\u00fblantes sur Luca de Meo et Renault<\/h3>\n<p>[aib_post_related url=&rsquo;\/tendances\/bar-a-bulles\/&rsquo; title=&rsquo;D\u00e9couvrez le bar \u00e0 bulles : une exp\u00e9rience p\u00e9tillante \u00e0 ne pas manquer !&rsquo; relatedtext=&rsquo;Vous pourriez \u00e9galement \u00eatre int\u00e9ress\u00e9 par:&rsquo;]<\/p>\n<ul>\n<li><b>Quel est le projet phare de Luca de Meo chez Renault ?<\/b> La r\u00e9volution \u00e9lectrique, avec des mod\u00e8les comme la M\u00e9gane E-Tech et la r\u00e9invention de la mythique R5 en version \u00e9lectrique.<\/li>\n<li><b>Quel est son style de management ?<\/b> Un m\u00e9lange de rigueur allemande et de cr\u00e9ativit\u00e9 italienne, avec une touche de passion fran\u00e7aise.<\/li>\n<li><b>Quels d\u00e9fis doit-il relever ?<\/b> Redonner \u00e0 Renault son lustre d\u2019antan tout en s\u2019adaptant aux nouvelles exigences du march\u00e9 automobile.<\/li>\n<\/ul>\n<p><h2>Qui est le nouveau PDG du groupe Renault ?<\/h2>\n<p>\n[aib_post_related url=&rsquo;\/tendances\/theo-fernandez\/&rsquo; title=&rsquo;D\u00e9couvrez l\u2019histoire fascinante de Theo Fernandez et son incroyable parcours&rsquo; relatedtext=&rsquo;Vous pourriez \u00e9galement \u00eatre int\u00e9ress\u00e9 par:&rsquo;]<\/p>\n<p>Le groupe Renault, ce g\u00e9ant automobile qui fait autant r\u00eaver les amoureux des belles carrosseries que les investisseurs avis\u00e9s, a r\u00e9cemment accueilli un nouveau capitaine \u00e0 son bord. <strong>Luca de Meo<\/strong>, un Italien au charisme incontestable et \u00e0 la carri\u00e8re aussi brillante qu\u2019un phare en pleine nuit, a pris les r\u00eanes de l\u2019entreprise en juillet 2020. Avec un CV qui ferait p\u00e2lir d\u2019envie m\u00eame les plus ambitieux (Audi, Seat, Fiat, pour ne citer qu\u2019eux), il a \u00e9t\u00e9 choisi pour redynamiser la marque et lui insuffler un vent de modernit\u00e9. Son objectif ? Faire de Renault une r\u00e9f\u00e9rence incontournable dans le monde de la mobilit\u00e9 durable et innovante. Pas une mince affaire, mais si quelqu\u2019un peut y arriver, c\u2019est bien lui.<\/p>\n<\/p>\n<p>Depuis son arriv\u00e9e, Luca de Meo a mis les petits plats dans les grands. <b>Renaulution<\/b>, son plan strat\u00e9gique, est devenu le mot d\u2019ordre de la maison. Entre \u00e9lectrification, digitalisation et r\u00e9organisation interne, il ne laisse rien au hasard. Avec une vision claire et une \u00e9nergie contagieuse, il redessine l\u2019avenir de Renault tout en respectant son h\u00e9ritage. Et si certains doutaient de ses capacit\u00e9s, les r\u00e9sultats commencent \u00e0 parler d\u2019eux-m\u00eames. En somme, Luca de Meo n\u2019est pas juste un PDG, c\u2019est un v\u00e9ritable architecte de l\u2019automobile de demain. Chapeau bas, Monsieur !<\/p>\n<p><h3>Questions que vous vous posez (et auxquelles nous r\u00e9pondons avec plaisir)<\/h3>\n<p><\/p>\n<ul><\/p>\n<li><b>Quel est le parcours de Luca de Meo avant Renault ?<\/b> Luca de Meo a gravi les \u00e9chelons chez des g\u00e9ants comme Fiat, Audi et Seat, o\u00f9 il a marqu\u00e9 les esprits par son leadership et son innovation.<\/li>\n<p><\/p>\n<li><b>Quelles sont les priorit\u00e9s de Luca de Meo chez Renault ?<\/b> L\u2019\u00e9lectrification, la digitalisation et la rentabilit\u00e9 sont au c\u0153ur de sa strat\u00e9gie, avec un plan baptis\u00e9 &ldquo;Renaulution&rdquo;.<\/li>\n<p><\/p>\n<li><b>Quel impact a-t-il eu depuis son arriv\u00e9e ?<\/b> Sous sa direction, Renault a amorc\u00e9 une transformation profonde, avec des r\u00e9sultats encourageants et une vision claire pour l\u2019avenir.<\/li>\n<p>\n<\/ul>\n<\/p>\n<p><h2>Qui est le vrai patron de Renault ?<\/h2>\n<p>\nAh, la question qui fait trembler les bureaux de Boulogne-Billancourt et fr\u00e9mir les moteurs des Clio ! <strong>Le vrai patron de Renault<\/strong>, c\u2019est un peu comme le capitaine d\u2019un paquebot en pleine temp\u00eate : il doit naviguer entre les vagues de la concurrence, les r\u00e9cifs des scandales et les vents contraires de l\u2019innovation. Officiellement, depuis 2020, c\u2019est <strong>Luca de Meo<\/strong> qui tient le volant. Cet Italien charismatique, ancien de Fiat et de Seat, a pris les r\u00eanes avec une mission claire : redonner \u00e0 Renault son lustre d\u2019antan. Mais attention, dans l\u2019ombre, il y a aussi <strong>Jean-Dominique Senard<\/strong>, le pr\u00e9sident du conseil d\u2019administration, qui veille au grain comme un chat sur un bol de lait. Alors, qui d\u00e9cide vraiment ? C\u2019est un peu comme un mariage : l\u2019un conduit, l\u2019autre donne le cap.<\/p>\n<p>[aib_post_related url=&rsquo;\/tendances\/ticketmaster-sza\/&rsquo; title=&rsquo;Ticketmaster sza : d\u00e9couvrez les secrets pour obtenir vos places avant tout le monde !&rsquo; relatedtext=&rsquo;Vous pourriez \u00e9galement \u00eatre int\u00e9ress\u00e9 par:&rsquo;]<\/p>\n<p>Mais ne nous y trompons pas, Renault, c\u2019est aussi une histoire de <strong>pouvoir partag\u00e9<\/strong>. Avec l\u2019alliance Nissan-Mitsubishi, les d\u00e9cisions se prennent souvent en comit\u00e9, fa\u00e7on \u00ab Conseil des Sages \u00bb o\u00f9 chacun essaie de tirer la couverture \u00e0 soi. Luca de Meo, avec son style d\u00e9contract\u00e9 et son flair pour le marketing, semble avoir gagn\u00e9 la confiance des actionnaires. Pourtant, dans les coulisses, <strong>l\u2019\u00c9tat fran\u00e7ais<\/strong>, actionnaire historique, garde un \u0153il vigilant. Alors, le vrai patron, est-ce Luca, Jean-Dominique, ou bien Emmanuel Macron en personne ? Myst\u00e8re et boule de gomme.<\/p>\n<p><h3>Vous vous posez des questions ? On a les r\u00e9ponses !<\/h3>\n<p><\/p>\n<ul><\/p>\n<li><b>Luca de Meo est-il le seul d\u00e9cideur chez Renault ?<\/b> Pas tout \u00e0 fait. Bien qu\u2019il soit le PDG, les grandes orientations strat\u00e9giques sont valid\u00e9es par le conseil d\u2019administration, pr\u00e9sid\u00e9 par Jean-Dominique Senard.<\/li>\n<p><\/p>\n<li><b>Quel r\u00f4le joue l\u2019\u00c9tat fran\u00e7ais dans la gouvernance de Renault ?<\/b> En tant qu\u2019actionnaire \u00e0 pr\u00e8s de 15 %, l\u2019\u00c9tat a son mot \u00e0 dire, surtout sur les sujets sensibles comme l\u2019emploi ou la transition \u00e9cologique.<\/li>\n<p><\/p>\n<li><b>L\u2019alliance Nissan-Mitsubishi influence-t-elle les d\u00e9cisions ?<\/b> Absolument. Renault ne peut pas prendre de d\u00e9cision majeure sans consulter ses partenaires japonais, ce qui ajoute une couche de complexit\u00e9 \u00e0 la gouvernance.<\/li>\n<p>\n<\/ul><\/p>\n","protected":false},"excerpt":{"rendered":"<p>Qui est le nouveau patron de Renault ? Ah, le nouveau capitaine du navire Renault ! Depuis que Luca de Meo a pass\u00e9 le relais, les projecteurs sont braqu\u00e9s sur Luca de Meo. Non, attendez, ce n\u2019est pas une erreur de frappe. Oui, c\u2019est bien Luca de Meo qui reste aux commandes, mais avec une&#8230;<\/p>\n","protected":false},"author":1,"featured_media":7057,"comment_status":"open","ping_status":"","sticky":false,"template":"","format":"standard","meta":{"_kad_post_transparent":"","_kad_post_title":"","_kad_post_layout":"","_kad_post_sidebar_id":"","_kad_post_content_style":"","_kad_post_vertical_padding":"","_kad_post_feature":"","_kad_post_feature_position":"","_kad_post_header":false,"_kad_post_footer":false,"_kad_post_classname":"","iawp_total_views":0,"footnotes":""},"categories":[1],"tags":[],"class_list":["post-7056","post","type-post","status-publish","format-standard","has-post-thumbnail","hentry","category-actualites"],"_links":{"self":[{"href":"https:\/\/www.dmoz.fr\/tendances\/wp-json\/wp\/v2\/posts\/7056","targetHints":{"allow":["GET"]}}],"collection":[{"href":"https:\/\/www.dmoz.fr\/tendances\/wp-json\/wp\/v2\/posts"}],"about":[{"href":"https:\/\/www.dmoz.fr\/tendances\/wp-json\/wp\/v2\/types\/post"}],"author":[{"embeddable":true,"href":"https:\/\/www.dmoz.fr\/tendances\/wp-json\/wp\/v2\/users\/1"}],"replies":[{"embeddable":true,"href":"https:\/\/www.dmoz.fr\/tendances\/wp-json\/wp\/v2\/comments?post=7056"}],"version-history":[{"count":0,"href":"https:\/\/www.dmoz.fr\/tendances\/wp-json\/wp\/v2\/posts\/7056\/revisions"}],"wp:featuredmedia":[{"embeddable":true,"href":"https:\/\/www.dmoz.fr\/tendances\/wp-json\/wp\/v2\/media\/7057"}],"wp:attachment":[{"href":"https:\/\/www.dmoz.fr\/tendances\/wp-json\/wp\/v2\/media?parent=7056"}],"wp:term":[{"taxonomy":"category","embeddable":true,"href":"https:\/\/www.dmoz.fr\/tendances\/wp-json\/wp\/v2\/categories?post=7056"},{"taxonomy":"post_tag","embeddable":true,"href":"https:\/\/www.dmoz.fr\/tendances\/wp-json\/wp\/v2\/tags?post=7056"}],"curies":[{"name":"wp","href":"https:\/\/api.w.org\/{rel}","templated":true}]}}