{"id":7115,"date":"2025-08-12T18:57:25","date_gmt":"2025-08-12T17:57:25","guid":{"rendered":"https:\/\/www.dmoz.fr\/tendances\/ne-le-20-mai\/"},"modified":"2025-08-12T18:57:25","modified_gmt":"2025-08-12T17:57:25","slug":"ne-le-20-mai","status":"publish","type":"post","link":"https:\/\/www.dmoz.fr\/tendances\/ne-le-20-mai\/","title":{"rendered":"N\u00e9 le 20 mai : d\u00e9couvrez les secrets de cette date fascinante"},"content":{"rendered":"<p><\/p>\n<div id='video-container' data-video-id='PIezC0l4L44' style='width:100%; height:auto; max-width:587px; position: relative;'>\n<div class='image-video-plugin' style='background:url(\"https:\/\/img.youtube.com\/vi\/PIezC0l4L44\/0.jpg\") center no-repeat; background-size: cover;'><\/div>\n<p>        <span class='youtube-play-button'><\/span><br \/>\n        <noscript><a href=\"https:\/\/www.youtube.com\/watch?v=PIezC0l4L44\" target=\"_blank\" rel=\"noopener\"><\/a><\/noscript>\n    <\/div>\n<p><\/p>\n<h2>Quelle c\u00e9l\u00e9brit\u00e9 est n\u00e9e le 20 mai ?<\/h2>\n<p>Le 20 mai, c\u2019est un peu comme si la nature avait d\u00e9cid\u00e9 de faire un grand casting pour le panth\u00e9on des c\u00e9l\u00e9brit\u00e9s. Parmi les heureux \u00e9lus, on trouve <b>Cher<\/b>, la diva incontest\u00e9e de la pop, dont la voix et le style continuent de faire vibrer les g\u00e9n\u00e9rations. N\u00e9e en 1946, cette ic\u00f4ne a travers\u00e9 les d\u00e9cennies avec une \u00e9l\u00e9gance et une audace qui font d\u2019elle une l\u00e9gende vivante. Mais ce n\u2019est pas tout ! Le 20 mai, c\u2019est aussi l\u2019anniversaire de <b>Busta Rhymes<\/b>, le rappeur au flow in\u00e9galable et \u00e0 l\u2019\u00e9nergie d\u00e9bordante, qui a marqu\u00e9 l\u2019industrie du hip-hop avec ses rythmes endiabl\u00e9s et ses clips visuellement \u00e9poustouflants. Une journ\u00e9e qui, d\u00e9cid\u00e9ment, a vu na\u00eetre des talents aussi vari\u00e9s qu\u2019impressionnants.<\/p>\n<p>Et si on remonte un peu dans le temps, on d\u00e9couvre que le 20 mai 1799, c\u2019est <b>Honor\u00e9 de Balzac<\/b> qui a vu le jour. Oui, le g\u00e9nie litt\u00e9raire fran\u00e7ais, ma\u00eetre du r\u00e9alisme et auteur de la monumentale <i>Com\u00e9die humaine<\/i>. Une preuve suppl\u00e9mentaire que cette date a un certain flair pour les personnalit\u00e9s hors du commun. Que vous soyez fan de musique, de litt\u00e9rature ou simplement curieux de savoir qui partage votre date d\u2019anniversaire, le 20 mai est une mine d\u2019or pour les amateurs de c\u00e9l\u00e9brit\u00e9s. Alors, pr\u00eat \u00e0 f\u00eater en grande compagnie ?<\/p>\n<p><h3>Vous vous posez des questions sur les stars du 20 mai ?<\/h3>\n<ul>\n<li><b>Quel est le point commun entre Cher et Busta Rhymes ?<\/b> Tous deux sont n\u00e9s un 20 mai et ont marqu\u00e9 leur \u00e9poque avec un style unique et une carri\u00e8re impressionnante.<\/li>\n<li><b>Pourquoi Honor\u00e9 de Balzac est-il si c\u00e9l\u00e8bre ?<\/b> Il est consid\u00e9r\u00e9 comme l\u2019un des plus grands \u00e9crivains fran\u00e7ais, notamment pour sa s\u00e9rie de romans <i>La Com\u00e9die humaine<\/i>, qui explore la soci\u00e9t\u00e9 de son \u00e9poque avec une pr\u00e9cision in\u00e9gal\u00e9e.<\/li>\n<li><b>Y a-t-il d\u2019autres c\u00e9l\u00e9brit\u00e9s n\u00e9es un 20 mai ?<\/b> Absolument ! Cette date a vu na\u00eetre de nombreuses personnalit\u00e9s, mais celles-ci sont sans doute les plus marquantes.<\/li>\n<\/ul>\n<h2>Quelle est la personnalit\u00e9 d\u2019une personne n\u00e9e le 20 mai ?<\/h2>\n<p>Les personnes n\u00e9es le 20 mai sont des \u00eatres aussi fascinants qu\u2019un roman \u00e0 suspense. Sous leur apparente douceur se cache une \u00e9nergie d\u00e9bordante et une d\u00e9termination \u00e0 toute \u00e9preuve. <strong>N\u00e9s sous le signe des G\u00e9meaux<\/strong>, ils sont dot\u00e9s d\u2019une intelligence vive et d\u2019une curiosit\u00e9 insatiable. Ces individus ont le don de captiver leur entourage avec leur charisme naturel et leur sens de l\u2019humour, souvent teint\u00e9 d\u2019une pointe d\u2019ironie. Leur esprit vif et leur capacit\u00e9 \u00e0 s\u2019adapter \u00e0 toutes les situations en font des compagnons de vie aussi impr\u00e9visibles qu\u2019attachants.<\/p>\n<p>Cependant, ne vous y trompez pas : derri\u00e8re cette apparente l\u00e9g\u00e8ret\u00e9 se cache une profondeur insoup\u00e7onn\u00e9e. Les natifs du 20 mai sont souvent tiraill\u00e9s entre leur besoin de libert\u00e9 et leur d\u00e9sir de stabilit\u00e9. <strong>Ils sont \u00e0 la fois r\u00eaveurs et pragmatiques<\/strong>, capables de jongler entre des id\u00e9es ambitieuses et des r\u00e9alisations concr\u00e8tes. Leur cr\u00e9ativit\u00e9 est leur atout majeur, mais elle peut aussi les rendre un peu dispers\u00e9s. Heureusement, leur optimisme naturel et leur capacit\u00e9 \u00e0 rebondir face aux d\u00e9fis en font des \u00eatres r\u00e9silients et inspirants.<\/p>\n<h3>Questions que vous vous posez sur les natifs du 20 mai<\/h3>\n<p><b>Pourquoi les personnes n\u00e9es le 20 mai sont-elles si charismatiques ?<\/b><br \/>\nLeur charisme vient de leur capacit\u00e9 \u00e0 communiquer avec aisance et \u00e0 s\u2019adapter \u00e0 leur interlocuteur. Ils ont un don pour cr\u00e9er des liens et rendre chaque interaction m\u00e9morable.<\/p>\n<p><b>Comment g\u00e9rer leur c\u00f4t\u00e9 impr\u00e9visible ?<\/b><br \/>\nL\u2019impr\u00e9visibilit\u00e9 des natifs du 20 mai est \u00e0 la fois leur force et leur d\u00e9fi. Pour les comprendre, il faut accepter leur besoin de vari\u00e9t\u00e9 et leur soif de nouveaut\u00e9.<\/p>\n<p><b>Leur cr\u00e9ativit\u00e9 est-elle toujours un atout ?<\/b><br \/>\nOui, mais elle peut parfois les \u00e9loigner de leurs objectifs. Pour canaliser cette \u00e9nergie, ils ont besoin de structures et de projets concrets qui les stimulent sans les limiter.<\/p>\n<p><b>Pourquoi sont-ils tiraill\u00e9s entre libert\u00e9 et stabilit\u00e9 ?<\/b><br \/>\nC\u2019est une caract\u00e9ristique typique des G\u00e9meaux. Ils aspirent \u00e0 explorer le monde tout en cherchant un ancrage \u00e9motionnel. Cet \u00e9quilibre est leur qu\u00eate permanente.<\/p>\n<p><b>Comment les encourager \u00e0 se concentrer ?<\/b><br \/>\nEn leur proposant des d\u00e9fis vari\u00e9s qui stimulent leur esprit tout en les gardant engag\u00e9s. La routine est leur ennemi, mais les projets passionnants sont leur carburant.<\/p>\n<h2>Quelle est la signification du 20 mai ?<\/h2>\n<p>[aib_post_related url=&rsquo;\/tendances\/luna-lou\/&rsquo; title=&rsquo;Luna lou : d\u00e9couvrez l&#039;univers fascinant de cette artiste incontournable !&rsquo; relatedtext=&rsquo;Vous pourriez \u00e9galement \u00eatre int\u00e9ress\u00e9 par:&rsquo;]<\/p>\n<p>Le 20 mai, ce n\u2019est pas juste une date banale o\u00f9 vous vous dites : \u00ab Tiens, il est temps de v\u00e9rifier si mes plantes ont surv\u00e9cu \u00e0 mon manque d\u2019arrosage. \u00bb Non, cette date est bien plus riche en significations qu\u2019un simple rappel de votre agenda. <strong>Journ\u00e9e mondiale des abeilles<\/strong>, par exemple, est l\u2019une de ses c\u00e9l\u00e9brations phares. Oui, ces petites butineuses qui font le boulot que personne ne veut faire : polliniser nos fruits, l\u00e9gumes et fleurs sans m\u00eame demander une augmentation. Le 20 mai, c\u2019est donc l\u2019occasion de leur rendre hommage et de r\u00e9aliser \u00e0 quel point elles sont cruciales pour notre \u00e9cosyst\u00e8me. Sans elles, adieu les tartes aux pommes et les smoothies matinaux. Un drame, vous en conviendrez.<\/p>\n<p>Mais ce n\u2019est pas tout ! Le 20 mai marque aussi <strong>l\u2019anniversaire de l\u2019ind\u00e9pendance du Cameroun<\/strong> en 1972. Une date historique o\u00f9 ce pays africain a affirm\u00e9 son unit\u00e9 et sa souverainet\u00e9. C\u2019est un moment de fiert\u00e9 nationale, c\u00e9l\u00e9br\u00e9 avec des d\u00e9fil\u00e9s, des danses traditionnelles et, bien s\u00fbr, des plats savoureux qui font voyager les papilles. Alors, que vous soyez en train de planter des fleurs pour les abeilles ou de danser au rythme des tambours camerounais, le 20 mai est une date qui m\u00e9rite qu\u2019on s\u2019y attarde.<\/p>\n<h3>Questions que vous vous posez peut-\u00eatre (mais pas trop fort)<\/h3>\n<ul>\n<li><b>Pourquoi le 20 mai est-il d\u00e9di\u00e9 aux abeilles ?<\/b> Parce qu\u2019il co\u00efncide avec l\u2019anniversaire d\u2019Anton Jan\u0161a, un pionnier de l\u2019apiculture moderne. Et parce que les abeilles m\u00e9ritent bien leur jour de gloire !<\/li>\n<li><b>Comment le Cameroun c\u00e9l\u00e8bre-t-il cette date ?<\/b> Avec des c\u00e9r\u00e9monies officielles, des festivit\u00e9s culturelles et une bonne dose de fiert\u00e9 nationale. C\u2019est l\u2019occasion de se souvenir du chemin parcouru.<\/li>\n<li><b>Puis-je f\u00eater les deux \u00e9v\u00e9nements en m\u00eame temps ?<\/b> Absolument ! Imaginez un pique-nique camerounais avec des fleurs pour les abeilles. C\u2019est \u00e7a, l\u2019harmonie.<\/li>\n<\/ul>\n<h2>Quel est le saint du jour le 20 mai ?<\/h2>\n<p>[aib_post_related url=&rsquo;\/tendances\/30-psi-en-bar\/&rsquo; title=&rsquo;30 psi en bar : d\u00e9couvrez pourquoi cette conversion peut changer votre vision de la pression !&rsquo; relatedtext=&rsquo;Vous pourriez \u00e9galement \u00eatre int\u00e9ress\u00e9 par:&rsquo;]<\/p>\n<p>Le 20 mai, l\u2019\u00c9glise catholique c\u00e9l\u00e8bre <strong>Saint Bernardin de Sienne<\/strong>, un franciscain italien du XVe si\u00e8cle aussi charismatique qu\u2019un influenceur moderne, mais avec un style nettement plus spirituel. Ce pr\u00e9dicateur hors pair \u00e9tait connu pour sa d\u00e9votion \u00e0 la Sainte Trinit\u00e9 et son talent pour rassembler les foules autour de ses sermons, parfois si populaires qu\u2019on aurait pu croire \u00e0 un concert en plein air. Bernardin de Sienne \u00e9tait \u00e9galement un fervent promoteur du nom de J\u00e9sus, qu\u2019il faisait graver sur des tablettes pour le diffuser partout. Une sorte de &ldquo;viralisation&rdquo; avant l\u2019heure, mais avec une touche divine.<\/p>\n<p>Outre son \u00e9loquence, Saint Bernardin \u00e9tait un r\u00e9formateur social, s\u2019attaquant aux injustices de son \u00e9poque avec une \u00e9nergie qui ferait p\u00e2lir les militants d\u2019aujourd\u2019hui. Il pr\u00eachait la paix dans une Italie divis\u00e9e par les conflits, et son message de charit\u00e9 et de r\u00e9conciliation reste d\u2019une actualit\u00e9 br\u00fblante. Si vous cherchez un mod\u00e8le de courage, de foi et de d\u00e9termination, Bernardin de Sienne est sans aucun doute votre homme du 20 mai.<\/p>\n<p>[aib_post_related url=&rsquo;\/tendances\/village-olympique-grenoble\/&rsquo; title=&rsquo;Village olympique \u00e0 Grenoble : plongez dans l&#039;histoire fascinante des JO de 1968 !&rsquo; relatedtext=&rsquo;Vous pourriez \u00e9galement \u00eatre int\u00e9ress\u00e9 par:&rsquo;]<\/p>\n<p><h3>Questions Fr\u00e9quentes sur Saint Bernardin de Sienne<\/h3>\n<p><\/p>\n<ul><\/p>\n<li><b>Qu\u2019a fait Saint Bernardin de Sienne pour devenir si c\u00e9l\u00e8bre ?<\/b> Il \u00e9tait un pr\u00e9dicateur renomm\u00e9, promoteur du nom de J\u00e9sus et un r\u00e9formateur social engag\u00e9.<\/li>\n<p><\/p>\n<li><b>Pourquoi le nom de J\u00e9sus \u00e9tait-il si important pour lui ?<\/b> Il croyait que ce nom r\u00e9sumait toute la foi chr\u00e9tienne et le propageait comme un symbole de paix et de salut.<\/li>\n<p><\/p>\n<li><b>Comment Saint Bernardin a-t-il influenc\u00e9 son \u00e9poque ?<\/b> Par ses sermons et ses actions, il a \u0153uvr\u00e9 pour la paix et la justice dans une Italie en proie aux divisions.<\/li>\n<p>\n<\/ul><\/p>\n","protected":false},"excerpt":{"rendered":"<p>Quelle c\u00e9l\u00e9brit\u00e9 est n\u00e9e le 20 mai ? Le 20 mai, c\u2019est un peu comme si la nature avait d\u00e9cid\u00e9 de faire un grand casting pour le panth\u00e9on des c\u00e9l\u00e9brit\u00e9s. Parmi les heureux \u00e9lus, on trouve Cher, la diva incontest\u00e9e de la pop, dont la voix et le style continuent de faire vibrer les g\u00e9n\u00e9rations&#8230;.<\/p>\n","protected":false},"author":1,"featured_media":7116,"comment_status":"open","ping_status":"","sticky":false,"template":"","format":"standard","meta":{"_kad_post_transparent":"","_kad_post_title":"","_kad_post_layout":"","_kad_post_sidebar_id":"","_kad_post_content_style":"","_kad_post_vertical_padding":"","_kad_post_feature":"","_kad_post_feature_position":"","_kad_post_header":false,"_kad_post_footer":false,"_kad_post_classname":"","iawp_total_views":1,"footnotes":""},"categories":[1],"tags":[],"class_list":["post-7115","post","type-post","status-publish","format-standard","has-post-thumbnail","hentry","category-actualites"],"_links":{"self":[{"href":"https:\/\/www.dmoz.fr\/tendances\/wp-json\/wp\/v2\/posts\/7115","targetHints":{"allow":["GET"]}}],"collection":[{"href":"https:\/\/www.dmoz.fr\/tendances\/wp-json\/wp\/v2\/posts"}],"about":[{"href":"https:\/\/www.dmoz.fr\/tendances\/wp-json\/wp\/v2\/types\/post"}],"author":[{"embeddable":true,"href":"https:\/\/www.dmoz.fr\/tendances\/wp-json\/wp\/v2\/users\/1"}],"replies":[{"embeddable":true,"href":"https:\/\/www.dmoz.fr\/tendances\/wp-json\/wp\/v2\/comments?post=7115"}],"version-history":[{"count":0,"href":"https:\/\/www.dmoz.fr\/tendances\/wp-json\/wp\/v2\/posts\/7115\/revisions"}],"wp:featuredmedia":[{"embeddable":true,"href":"https:\/\/www.dmoz.fr\/tendances\/wp-json\/wp\/v2\/media\/7116"}],"wp:attachment":[{"href":"https:\/\/www.dmoz.fr\/tendances\/wp-json\/wp\/v2\/media?parent=7115"}],"wp:term":[{"taxonomy":"category","embeddable":true,"href":"https:\/\/www.dmoz.fr\/tendances\/wp-json\/wp\/v2\/categories?post=7115"},{"taxonomy":"post_tag","embeddable":true,"href":"https:\/\/www.dmoz.fr\/tendances\/wp-json\/wp\/v2\/tags?post=7115"}],"curies":[{"name":"wp","href":"https:\/\/api.w.org\/{rel}","templated":true}]}}