{"id":7125,"date":"2025-08-13T00:33:41","date_gmt":"2025-08-12T23:33:41","guid":{"rendered":"https:\/\/www.dmoz.fr\/tendances\/pauline-ferrand-prevot-nom-de-famille\/"},"modified":"2025-08-13T00:33:41","modified_gmt":"2025-08-12T23:33:41","slug":"pauline-ferrand-prevot-nom-de-famille","status":"publish","type":"post","link":"https:\/\/www.dmoz.fr\/tendances\/pauline-ferrand-prevot-nom-de-famille\/","title":{"rendered":"Pauline Ferrand-Pr\u00e9vot : l\u2019histoire fascinante derri\u00e8re son nom de famille"},"content":{"rendered":"<p><\/p>\n<div id='video-container' data-video-id='AzEUu-MAOsg' style='width:100%; height:auto; max-width:587px; position: relative;'>\n<div class='image-video-plugin' style='background:url(\"https:\/\/img.youtube.com\/vi\/AzEUu-MAOsg\/0.jpg\") center no-repeat; background-size: cover;'><\/div>\n<p>        <span class='youtube-play-button'><\/span><br \/>\n        <noscript><a href=\"https:\/\/www.youtube.com\/watch?v=AzEUu-MAOsg\" target=\"_blank\" rel=\"noopener\"><\/a><\/noscript>\n    <\/div>\n<p><\/p>\n<p><h2>Quel est le salaire de Pauline Ferrand-Pr\u00e9vot ?<\/h2>\n<p><\/p>\n<p>Ah, la question qui fait trembler les comptes bancaires et briller les yeux des curieux ! <b>Pauline Ferrand-Pr\u00e9vot<\/b>, cette reine du VTT, du cyclocross et du cyclisme sur route, ne se contente pas de collectionner les m\u00e9dailles, elle accumule aussi les z\u00e9ros sur son relev\u00e9 de compte. Mais attention, mesdames et messieurs, le salaire de cette athl\u00e8te hors pair n\u2019est pas aussi simple \u00e0 d\u00e9chiffrer qu\u2019un parcours de cross-country. Entre les primes de victoire, les contrats sponsors et les revenus annexes, on parle d\u2019un montant qui oscille entre <strong>300 000 et 500 000 euros par an<\/strong>. Pas mal pour quelqu\u2019un qui passe son temps \u00e0 p\u00e9daler, non ?<\/p>\n<\/p>\n<p>\u00c9videmment, ce chiffre n\u2019est pas grav\u00e9 dans le marbre (ou dans la boue, selon la discipline). Les performances de Pauline influencent directement son portefeuille. Une m\u00e9daille d\u2019or ici, un titre mondial l\u00e0, et hop, le compte en banque fait des petits. Sans oublier ses partenariats avec des marques prestigieuses comme <b>BMC<\/b> et <b>Assos<\/b>, qui ajoutent une couche de confort financier \u00e0 son palmar\u00e8s d\u00e9j\u00e0 bien garni. Alors, si vous vous demandez si le cyclisme paye, la r\u00e9ponse est oui\u2026 \u00e0 condition d\u2019\u00eatre Pauline Ferrand-Pr\u00e9vot !<\/p>\n<p><h3>Les questions qui tournent autour du salaire de Pauline<\/h3>\n<p><\/p>\n<ul><\/p>\n<li><b>Comment Pauline Ferrand-Pr\u00e9vot gagne-t-elle son argent ?<\/b> Entre les comp\u00e9titions, les sponsors et les collaborations, elle a plus de sources de revenus qu\u2019un VTT a de vitesses.<\/li>\n<p><\/p>\n<li><b>Est-ce que ses victoires influencent son salaire ?<\/b> Absolument ! Chaque m\u00e9daille est un petit bonus qui fait sourire son banquier.<\/li>\n<p><\/p>\n<li><b>Quels sont ses principaux sponsors ?<\/b> BMC, Assos et d\u2019autres g\u00e9ants du cyclisme sont ses fid\u00e8les alli\u00e9s financiers.<\/li>\n<p>\n<\/ul>\n<\/p>\n<p><h3>Envie d\u2019en savoir plus sur Pauline Ferrand-Pr\u00e9vot ?<\/h3>\n<p><\/p>\n<p>Si vous \u00eates curieux de d\u00e9couvrir comment cette championne g\u00e8re son argent (ou simplement envie de r\u00eaver un peu), plongez dans l\u2019univers fascinant de Pauline Ferrand-Pr\u00e9vot. Spoiler alert : \u00e7a roule pour elle !<\/p>\n<\/p>\n<h2>Quel est le m\u00e9tier de Pauline Ferrand-Pr\u00e9vot ?<\/h2>\n<p>Pauline Ferrand-Pr\u00e9vot est une <strong>athl\u00e8te polyvalente<\/strong> qui excelle dans le monde du cyclisme, et pas n\u2019importe lequel : elle domine \u00e0 la fois le <strong>VTT<\/strong>, le <strong>cyclisme sur route<\/strong> et le <strong>cyclo-cross<\/strong>. Imaginez une super-h\u00e9ro\u00efne, mais avec un v\u00e9lo et des jambes en acier. Elle est la premi\u00e8re cycliste de l\u2019histoire \u00e0 d\u00e9tenir simultan\u00e9ment les titres mondiaux dans ces trois disciplines. Oui, vous avez bien lu : <strong>triple championne du monde<\/strong> en m\u00eame temps ! Si le cyclisme \u00e9tait une pizza, Pauline aurait toutes les parts.<\/p>\n<p>Mais ce n\u2019est pas tout. Elle est \u00e9galement une <strong>ambassadrice sportive<\/strong> et une source d\u2019inspiration pour les jeunes athl\u00e8tes. Avec son palmar\u00e8s impressionnant et son mental d\u2019acier, elle montre que la pers\u00e9v\u00e9rance et la passion peuvent mener \u00e0 des sommets in\u00e9gal\u00e9s. Et si vous vous demandez comment elle fait pour jongler entre les disciplines, la r\u00e9ponse est simple : elle est <strong>Pauline Ferrand-Pr\u00e9vot<\/strong>, un nom qui r\u00e9sonne comme une l\u00e9gende dans le monde du cyclisme.<\/p>\n<p><h3>Pourquoi Pauline Ferrand-Pr\u00e9vot est-elle une l\u00e9gende du cyclisme ?<\/h3>\n<p><\/p>\n<ul><\/p>\n<li><b>Triple championne du monde<\/b> : VTT, cyclisme sur route et cyclo-cross.<\/li>\n<p><\/p>\n<li><b>Polyvalence<\/b> : Elle ma\u00eetrise plusieurs disciplines avec brio.<\/li>\n<p><\/p>\n<li><b>Inspiration<\/b> : Elle motive les jeunes athl\u00e8tes \u00e0 poursuivre leurs r\u00eaves.<\/li>\n<p>\n<\/ul>\n<\/p>\n<p><h3>Questions que vous vous posez s\u00fbrement sur Pauline Ferrand-Pr\u00e9vot<\/h3>\n<p>\n<strong>Comment Pauline Ferrand-Pr\u00e9vot a-t-elle r\u00e9ussi \u00e0 dominer trois disciplines cyclistes ?<\/strong><br \/>\nC\u2019est gr\u00e2ce \u00e0 un m\u00e9lange de talent, de travail acharn\u00e9 et d\u2019une capacit\u00e9 \u00e0 s\u2019adapter \u00e0 chaque discipline. Elle est la preuve vivante que le d\u00e9vouement porte ses fruits.<\/p>\n<p><strong>Quels sont les titres les plus marquants de sa carri\u00e8re ?<\/strong><br \/>\nSes titres mondiaux en VTT, cyclisme sur route et cyclo-cross, remport\u00e9s la m\u00eame ann\u00e9e, restent un exploit in\u00e9gal\u00e9 dans l\u2019histoire du cyclisme.<\/p>\n<p><strong>Quel est son secret pour rester au top de sa forme ?<\/strong><br \/>\nUne combinaison d\u2019entra\u00eenement rigoureux, de discipline et d\u2019une passion in\u00e9branlable pour le cyclisme. Et probablement une bonne dose de caf\u00e9 (on plaisante\u2026 enfin, peut-\u00eatre pas).<\/p>\n<h2>Pauline Ferrand-Pr\u00e9vot a-t-elle des enfants ?<\/h2>\n<p>Pauline Ferrand-Pr\u00e9vot, cette championne polyvalente qui encha\u00eene les titres comme d\u2019autres encha\u00eenent les tasses de caf\u00e9, semble mener une vie aussi intense sur les pistes que dans son quotidien. Mais qu\u2019en est-il de sa vie de famille ? <strong>La r\u00e9ponse est non, Pauline Ferrand-Pr\u00e9vot n\u2019a pas d\u2019enfants.<\/strong> Pour l\u2019instant, elle semble concentrer toute son \u00e9nergie sur sa carri\u00e8re sportive, ses entra\u00eenements et ses comp\u00e9titions, ce qui, avouons-le, lui laisse peu de temps pour les nuits blanches et les couches-culottes.<\/p>\n<p>Cela dit, la question reste l\u00e9gitime, car la cycliste fran\u00e7aise est souvent sous les projecteurs, et les fans sont curieux de conna\u00eetre les d\u00e9tails de sa vie priv\u00e9e. <strong>Pauline Ferrand-Pr\u00e9vot partage d\u2019ailleurs peu d\u2019informations sur ce sujet<\/strong>, pr\u00e9f\u00e9rant garder une partie de son intimit\u00e9 loin des r\u00e9seaux sociaux et des m\u00e9dias. Une strat\u00e9gie qui, il faut le reconna\u00eetre, ajoute une touche de myst\u00e8re \u00e0 son personnage d\u00e9j\u00e0 fascinant.<\/p>\n<p>[aib_post_related url=&rsquo;\/tendances\/flavio-guy\/&rsquo; title=&rsquo;Flavio Guy : le myst\u00e8re derri\u00e8re un artiste envo\u00fbtant \u00e0 d\u00e9couvrir absolument&rsquo; relatedtext=&rsquo;Vous pourriez \u00e9galement \u00eatre int\u00e9ress\u00e9 par:&rsquo;]<\/p>\n<p><h3>Les questions que vous vous posez (et les r\u00e9ponses que vous m\u00e9ritez)<\/h3>\n<p><\/p>\n<ul><\/p>\n<li><b>Pauline Ferrand-Pr\u00e9vot envisage-t-elle d\u2019avoir des enfants un jour ?<\/b> Pour l\u2019instant, rien n\u2019a filtr\u00e9 sur ses projets familiaux. Elle semble se concentrer sur ses objectifs sportifs, mais l\u2019avenir nous r\u00e9serve toujours des surprises !<\/li>\n<p><\/p>\n<li><b>Comment concilier une carri\u00e8re sportive et une vie de famille ?<\/b> Si Pauline Ferrand-Pr\u00e9vot d\u00e9cide un jour de devenir maman, nul doute qu\u2019elle abordera ce d\u00e9fi avec la m\u00eame d\u00e9termination qui lui a valu tant de m\u00e9dailles.<\/li>\n<p><\/p>\n<li><b>Est-ce que sa vie priv\u00e9e influence sa carri\u00e8re ?<\/b> Pour l\u2019instant, Pauline semble garder les deux univers bien distincts, ce qui lui permet de rester focalis\u00e9e sur ses performances.<\/li>\n<p>\n<\/ul>\n<\/p>\n<p>En somme, Pauline Ferrand-Pr\u00e9vot continue d\u2019\u00e9crire son histoire, une page \u00e0 la fois, sans pr\u00e9cipitation. Et si un jour elle d\u00e9cide d\u2019ajouter le r\u00f4le de maman \u00e0 son impressionnant palmar\u00e8s, on peut \u00eatre s\u00fbrs qu\u2019elle le fera avec le m\u00eame brio qui la caract\u00e9rise.<\/p>\n<p><h2>Quelle est la compagne de Julien Absalon ?<\/h2>\n<p>\nJulien Absalon, le l\u00e9gendaire champion de VTT, n\u2019est pas seulement un as du v\u00e9lo tout terrain, il est aussi un homme bien accompagn\u00e9 dans la course de la vie. Sa compagne, <strong>Emilie Absalon<\/strong>, est bien plus qu\u2019une simple spectatrice de ses exploits sportifs. Elle partage avec lui les joies, les d\u00e9fis et les virages serr\u00e9s du quotidien. Ensemble, ils forment un duo solide, un peu comme un v\u00e9lo bien r\u00e9gl\u00e9 : \u00e9quilibr\u00e9, performant et pr\u00eat \u00e0 affronter les mont\u00e9es les plus abruptes.<\/p>\n<p>Emilie, discr\u00e8te mais pr\u00e9sente, incarne cette force tranquille qui soutient Julien dans ses projets, qu\u2019ils soient sportifs ou personnels. Loin des projecteurs, elle pr\u00e9serve une intimit\u00e9 pr\u00e9cieuse, tout en \u00e9tant un pilier essentiel dans la vie du champion. Leur complicit\u00e9, \u00e0 l\u2019image des roues d\u2019un VTT, tourne en parfaite harmonie, prouvant que derri\u00e8re chaque grand homme, il y a souvent une femme qui sait garder le cap.<\/p>\n<p>[aib_post_related url=&rsquo;\/tendances\/analyste-barca-twitter\/&rsquo; title=&rsquo;L&#039;analyste Barca Twitter : r\u00e9v\u00e9lations \u00e9tonnantes sur le club qui font le buzz !&rsquo; relatedtext=&rsquo;Vous pourriez \u00e9galement \u00eatre int\u00e9ress\u00e9 par:&rsquo;]<\/p>\n<h3>Julien Absalon et Emilie : Les questions qui roulent dans votre t\u00eate<\/h3>\n<p>\n<b>Qui est Emilie Absalon ?<\/b><br \/>\nEmilie Absalon est la compagne de Julien Absalon, une femme discr\u00e8te qui pr\u00e9f\u00e8re rester loin des feux de la rampe, tout en \u00e9tant un soutien ind\u00e9fectible pour le champion.<\/p>\n<p><b>Comment Emilie soutient-elle Julien dans sa carri\u00e8re ?<\/b><br \/>\nEn tant que partenaire de vie, Emilie apporte un \u00e9quilibre essentiel \u00e0 Julien, l\u2019accompagnant dans ses d\u00e9fis sportifs et personnels avec une pr\u00e9sence rassurante et constante.<\/p>\n<p>[aib_post_related url=&rsquo;\/tendances\/entrevias-saison-4-acteur\/&rsquo; title=&rsquo;Entrevias saison 4 : qui sont les acteurs qui font le show ?&rsquo; relatedtext=&rsquo;Vous pourriez \u00e9galement \u00eatre int\u00e9ress\u00e9 par:&rsquo;]<\/p>\n<p><b>Julien et Emilie forment-ils une \u00e9quipe hors des sentiers battus ?<\/b><br \/>\nAbsolument ! Leur complicit\u00e9 ressemble \u00e0 une course de VTT bien ma\u00eetris\u00e9e : ils avancent ensemble, surmontant les obstacles avec gr\u00e2ce et d\u00e9termination.<\/p>\n<p><b>Pourquoi Emilie reste-t-elle si discr\u00e8te ?<\/b><br \/>\nEmilie pr\u00e9f\u00e8re laisser Julien briller sur les podiums tout en gardant une intimit\u00e9 pr\u00e9cieuse, un choix qui renforce leur relation loin des regards indiscrets.<\/p>\n","protected":false},"excerpt":{"rendered":"<p>Quel est le salaire de Pauline Ferrand-Pr\u00e9vot ? Ah, la question qui fait trembler les comptes bancaires et briller les yeux des curieux ! Pauline Ferrand-Pr\u00e9vot, cette reine du VTT, du cyclocross et du cyclisme sur route, ne se contente pas de collectionner les m\u00e9dailles, elle accumule aussi les z\u00e9ros sur son relev\u00e9 de compte&#8230;.<\/p>\n","protected":false},"author":1,"featured_media":7126,"comment_status":"open","ping_status":"","sticky":false,"template":"","format":"standard","meta":{"_kad_post_transparent":"","_kad_post_title":"","_kad_post_layout":"","_kad_post_sidebar_id":"","_kad_post_content_style":"","_kad_post_vertical_padding":"","_kad_post_feature":"","_kad_post_feature_position":"","_kad_post_header":false,"_kad_post_footer":false,"_kad_post_classname":"","iawp_total_views":3,"footnotes":""},"categories":[1],"tags":[],"class_list":["post-7125","post","type-post","status-publish","format-standard","has-post-thumbnail","hentry","category-actualites"],"_links":{"self":[{"href":"https:\/\/www.dmoz.fr\/tendances\/wp-json\/wp\/v2\/posts\/7125","targetHints":{"allow":["GET"]}}],"collection":[{"href":"https:\/\/www.dmoz.fr\/tendances\/wp-json\/wp\/v2\/posts"}],"about":[{"href":"https:\/\/www.dmoz.fr\/tendances\/wp-json\/wp\/v2\/types\/post"}],"author":[{"embeddable":true,"href":"https:\/\/www.dmoz.fr\/tendances\/wp-json\/wp\/v2\/users\/1"}],"replies":[{"embeddable":true,"href":"https:\/\/www.dmoz.fr\/tendances\/wp-json\/wp\/v2\/comments?post=7125"}],"version-history":[{"count":0,"href":"https:\/\/www.dmoz.fr\/tendances\/wp-json\/wp\/v2\/posts\/7125\/revisions"}],"wp:featuredmedia":[{"embeddable":true,"href":"https:\/\/www.dmoz.fr\/tendances\/wp-json\/wp\/v2\/media\/7126"}],"wp:attachment":[{"href":"https:\/\/www.dmoz.fr\/tendances\/wp-json\/wp\/v2\/media?parent=7125"}],"wp:term":[{"taxonomy":"category","embeddable":true,"href":"https:\/\/www.dmoz.fr\/tendances\/wp-json\/wp\/v2\/categories?post=7125"},{"taxonomy":"post_tag","embeddable":true,"href":"https:\/\/www.dmoz.fr\/tendances\/wp-json\/wp\/v2\/tags?post=7125"}],"curies":[{"name":"wp","href":"https:\/\/api.w.org\/{rel}","templated":true}]}}