{"id":7202,"date":"2025-08-14T15:54:37","date_gmt":"2025-08-14T14:54:37","guid":{"rendered":"https:\/\/www.dmoz.fr\/tendances\/alerte-canicule-semaine-prochaine\/"},"modified":"2025-08-14T15:54:37","modified_gmt":"2025-08-14T14:54:37","slug":"alerte-canicule-semaine-prochaine","status":"publish","type":"post","link":"https:\/\/www.dmoz.fr\/tendances\/alerte-canicule-semaine-prochaine\/","title":{"rendered":"Alerte canicule semaine prochaine : comment se pr\u00e9parer pour affronter la vague de chaleur"},"content":{"rendered":"<p><\/p>\n<div id='video-container' data-video-id='TTSLzYg8qew' style='width:100%; height:auto; max-width:587px; position: relative;'>\n<div class='image-video-plugin' style='background:url(\"https:\/\/img.youtube.com\/vi\/TTSLzYg8qew\/0.jpg\") center no-repeat; background-size: cover;'><\/div>\n<p>        <span class='youtube-play-button'><\/span><br \/>\n        <noscript><a href=\"https:\/\/www.youtube.com\/watch?v=TTSLzYg8qew\" target=\"_blank\" rel=\"noopener\"><\/a><\/noscript>\n    <\/div>\n<p><\/p>\n<h2>Quels d\u00e9partements en alerte pour la canicule ?<\/h2>\n<p>Ah, la canicule ! Cette invit\u00e9e surprise qui frappe \u00e0 nos portes chaque \u00e9t\u00e9 avec son \u00e9ventail de chaleur \u00e9touffante et ses nuits interminables. Cette ann\u00e9e, elle a d\u00e9cid\u00e9 de faire un tour de France express, mettant plusieurs d\u00e9partements en alerte rouge ou orange. <b>Le Sud-Ouest<\/b>, toujours en t\u00eate des favoris, voit des temp\u00e9ratures fr\u00f4ler les 40\u00b0C, avec des d\u00e9partements comme la Gironde, les Landes et les Pyr\u00e9n\u00e9es-Atlantiques en premi\u00e8re ligne. Mais attention, la canicule ne se contente pas d\u2019un coin de la carte : elle s\u2019\u00e9tend aussi vers le <b>Centre-Val de Loire<\/b> et l\u2019<b>\u00cele-de-France<\/b>, o\u00f9 Paris et ses alentours se transforment en v\u00e9ritable fournaise urbaine. M\u00eame la Bretagne, habituellement \u00e9pargn\u00e9e, commence \u00e0 sentir les effets de cette vague de chaleur. Bref, personne n\u2019est vraiment \u00e0 l\u2019abri !<\/p>\n<p>Pour ceux qui se demandent si leur d\u00e9partement est concern\u00e9, voici une petite liste non exhaustive : <b>l\u2019H\u00e9rault<\/b>, le <b>Gard<\/b>, le <b>Vaucluse<\/b> et les <b>Bouches-du-Rh\u00f4ne<\/b> sont bien s\u00fbr dans le collimateur de cette canicule. Mais ne n\u00e9gligez pas les d\u00e9partements moins m\u00e9diatis\u00e9s comme l\u2019<b>Indre-et-Loire<\/b> ou la <b>Haute-Vienne<\/b>, o\u00f9 les thermom\u00e8tres grimpent aussi de mani\u00e8re inqui\u00e9tante. Alors, que vous soyez en ville ou \u00e0 la campagne, pr\u00e9parez-vous \u00e0 affronter cette chaleur avec des astuces bien connues : hydratation, ventilateurs, et surtout, \u00e9vitez de sortir aux heures les plus chaudes. Parce que, soyons honn\u00eates, personne n\u2019a envie de ressembler \u00e0 un gla\u00e7on fondu en plein mois d\u2019ao\u00fbt.<\/p>\n<h3>Canicule : Vos questions br\u00fblantes, nos r\u00e9ponses fra\u00eeches<\/h3>\n<ul>\n<li><b>Quels sont les d\u00e9partements les plus touch\u00e9s par la canicule ?<\/b> Les d\u00e9partements du Sud-Ouest comme la Gironde et les Landes sont en alerte rouge, mais l\u2019\u00cele-de-France et le Centre-Val de Loire ne sont pas \u00e9pargn\u00e9s.<\/li>\n<li><b>Comment savoir si mon d\u00e9partement est en alerte canicule ?<\/b> Consultez les bulletins m\u00e9t\u00e9o officiels ou les sites gouvernementaux pour conna\u00eetre les alertes en temps r\u00e9el.<\/li>\n<li><b>Que faire en cas de canicule dans mon d\u00e9partement ?<\/b> Hydratez-vous, restez \u00e0 l\u2019ombre et \u00e9vitez les activit\u00e9s physiques intenses pendant les heures les plus chaudes.<\/li>\n<\/ul>\n<h2>Est-ce que le mois d&rsquo;ao\u00fbt 2025 sera chaud ?<\/h2>\n<p>[aib_post_related url=&rsquo;\/tendances\/annecy-vieille-ville\/&rsquo; title=&rsquo;D\u00e9couvrez les secrets enchanteurs de la vieille ville d\u2019Annecy&rsquo; relatedtext=&rsquo;Vous pourriez \u00e9galement \u00eatre int\u00e9ress\u00e9 par:&rsquo;]<\/p>\n<h2>Est-ce que le mois d&rsquo;ao\u00fbt 2025 sera chaud ?<\/h2>\n<p><\/p>\n<p>Ah, ao\u00fbt 2025\u2026 ce mois tant attendu o\u00f9 les vacanciers esp\u00e8rent bronzer, les glaciers fondent (litt\u00e9ralement), et les climatologues se frottent les mains en disant : <b>\u00ab On vous l\u2019avait bien dit ! \u00bb<\/b>. Alors, \u00e0 quoi s\u2019attendre c\u00f4t\u00e9 thermom\u00e8tre ? Si les tendances climatiques actuelles se maintiennent, il y a de fortes chances que ce mois d\u2019ao\u00fbt soit plus chaud que la moyenne. Les mod\u00e8les m\u00e9t\u00e9orologiques, ces petits g\u00e9nies de la pr\u00e9diction, sugg\u00e8rent que les vagues de chaleur pourraient \u00eatre plus fr\u00e9quentes et intenses, surtout si Dame Nature d\u00e9cide de nous offrir un \u00e9t\u00e9 digne d\u2019un \u00e9pisode de <i>\u00ab Game of Thrones \u00bb<\/i> (sans les dragons, mais avec beaucoup de sueur).<\/p>\n<\/p>\n<p>Mais attention, ne sortez pas encore vos \u00e9ventails en plumes d\u2019autruche ! Les pr\u00e9visions \u00e0 long terme restent un terrain glissant, un peu comme essayer de deviner la couleur des chaussettes de votre voisin en 2025. Les experts s\u2019appuient sur des donn\u00e9es historiques et des simulations climatiques pour estimer les temp\u00e9ratures, mais la m\u00e9t\u00e9o garde toujours une part de myst\u00e8re. <b>Une chose est s\u00fbre<\/b> : avec le r\u00e9chauffement climatique qui s\u2019invite \u00e0 la f\u00eate, ao\u00fbt 2025 pourrait bien nous r\u00e9server des surprises\u2026 et pas forc\u00e9ment les plus rafra\u00eechissantes.<\/p>\n<p><h3>Vos questions br\u00fblantes sur ao\u00fbt 2025 (et nos r\u00e9ponses fra\u00eeches)<\/h3>\n<p><\/p>\n<ul><\/p>\n<li><b>Pourquoi ao\u00fbt 2025 pourrait-il \u00eatre plus chaud ?<\/b>\n<p>En raison du r\u00e9chauffement climatique, les \u00e9t\u00e9s tendent \u00e0 se r\u00e9chauffer d\u2019ann\u00e9e en ann\u00e9e. Les \u00e9missions de gaz \u00e0 effet de serre jouent les trouble-f\u00eates, et ao\u00fbt 2025 pourrait suivre cette tendance.<\/li>\n<p><\/p>\n<li><b>Peut-on d\u00e9j\u00e0 pr\u00e9voir les temp\u00e9ratures exactes ?<\/b>\n<p>Pas vraiment. Les pr\u00e9visions m\u00e9t\u00e9o pr\u00e9cises ne sont fiables que quelques semaines \u00e0 l\u2019avance. Pour 2025, on parle de tendances g\u00e9n\u00e9rales, pas de chiffres exacts.<\/li>\n<p><\/p>\n<li><b>Comment se pr\u00e9parer \u00e0 un \u00e9t\u00e9 potentiellement caniculaire ?<\/b>\n<p>Hydratation, ventilateurs, et cr\u00e8me solaire seront vos meilleurs alli\u00e9s. Et si possible, \u00e9vitez de faire du jogging \u00e0 midi sous un soleil de plomb.<\/li>\n<p>\n<\/ul>\n<\/p>\n<p><h2>Quels sont les 13 d\u00e9partements en alerte orange ?<\/h2>\n<p><\/p>\n<p>Ah, l\u2019alerte orange ! Ce petit signal qui fait fr\u00e9mir les parapluies et pousser des soupirs aux amateurs de pique-nique. En ce moment, <b>13 d\u00e9partements<\/b> fran\u00e7ais sont sous le feu des projecteurs m\u00e9t\u00e9orologiques, et pas pour leur soleil \u00e9clatant. Ces r\u00e9gions, situ\u00e9es principalement dans le sud-est et le centre du pays, sont en vigilance face \u00e0 des risques d\u2019inondations, d\u2019orages violents ou de vents dignes d\u2019un film catastrophe. Parmi eux, on retrouve des habitu\u00e9s comme l\u2019<b>Ard\u00e8che<\/b>, la <b>Dr\u00f4me<\/b> ou encore le <b>Vaucluse<\/b>, qui semblent avoir un abonnement annuel aux intemp\u00e9ries. Mais ne vous y trompez pas, m\u00eame les moins coutumiers comme l\u2019<b>Aveyron<\/b> ou la <b>Loz\u00e8re<\/b> sont de la partie. Alors, si vous habitez dans ces zones, pr\u00e9parez vos bottes et votre sang-froid : M\u00e9t\u00e9o-France ne plaisante pas.<\/p>\n<\/p>\n<p>Mais pourquoi ces 13 d\u00e9partements en particulier ? Tout simplement parce que Dame Nature a d\u00e9cid\u00e9 de jouer aux montagnes russes avec leur climat. Les <b>Pyr\u00e9n\u00e9es-Orientales<\/b>, par exemple, doivent composer avec des pluies diluviennes qui transforment les ruisseaux en torrents. Quant au <b>Gard<\/b>, il est souvent pris en \u00e9tau entre des orages \u00e9lectriques et des crues soudaines. Et n\u2019oublions pas la <b>Haute-Loire<\/b>, o\u00f9 les vents pourraient presque emporter votre chapeau (et peut-\u00eatre m\u00eame votre voiture). Ces alertes ne sont pas juste des recommandations de rester au chaud : elles visent \u00e0 prot\u00e9ger les habitants et \u00e0 \u00e9viter des situations p\u00e9rilleuses. Alors, si vous faites partie des concern\u00e9s, restez inform\u00e9s et surtout, restez prudents !<\/p>\n<p><h3>Vous avez des questions ? On a les r\u00e9ponses !<\/h3>\n<p><\/p>\n<ul><\/p>\n<li><b>Pourquoi certains d\u00e9partements sont-ils plus souvent en alerte orange ?<\/b><br \/>\n  Ces r\u00e9gions ont souvent une g\u00e9ographie particuli\u00e8re (montagnes, rivi\u00e8res, etc.) qui les rend plus vuln\u00e9rables aux intemp\u00e9ries.<\/li>\n<p><\/p>\n<li><b>Que faire en cas d\u2019alerte orange ?<\/b><br \/>\n  Suivez les consignes des autorit\u00e9s, \u00e9vitez les d\u00e9placements inutiles et pr\u00e9parez un kit d\u2019urgence (eau, nourriture, m\u00e9dicaments).<\/li>\n<p><\/p>\n<li><b>Comment savoir si mon d\u00e9partement est concern\u00e9 ?<\/b><br \/>\n  Consultez le site de M\u00e9t\u00e9o-France ou t\u00e9l\u00e9chargez leur application pour des mises \u00e0 jour en temps r\u00e9el.<\/li>\n<p>\n<\/ul>\n<\/p>\n<h2>L&rsquo;\u00e9t\u00e9 2025 Sera-t-il caniculaire ?<\/h2>\n<p>[aib_post_related url=&rsquo;\/tendances\/citations-sur-la-famille\/&rsquo; title=&rsquo;Citations sur la famille : des perles de sagesse \u00e0 d\u00e9couvrir absolument !&rsquo; relatedtext=&rsquo;Vous pourriez \u00e9galement \u00eatre int\u00e9ress\u00e9 par:&rsquo;]<\/p>\n<p>L\u2019\u00e9t\u00e9 2025 se profile \u00e0 l\u2019horizon, et avec lui, une question br\u00fblante : <b>va-t-il nous faire fondre comme une glace au soleil ?<\/b> Les experts m\u00e9t\u00e9orologiques, arm\u00e9s de leurs mod\u00e8les climatiques et de leurs donn\u00e9es historiques, penchent vers un \u00e9t\u00e9 particuli\u00e8rement chaud. Les tendances r\u00e9centes ne mentent pas : les canicules s\u2019intensifient, et les records de temp\u00e9rature tombent comme des dominos mal align\u00e9s. En 2025, il est fort probable que le mercure grimpe encore un cran, transformant nos terrasses en fours \u00e0 ciel ouvert et nos nuits en s\u00e9ances de sauna improvis\u00e9es.<\/p>\n<p>Mais attention, pas de panique ! Si l\u2019\u00e9t\u00e9 2025 s\u2019annonce caniculaire, cela ne signifie pas que nous devrons tous migrer vers le p\u00f4le Nord. <b>Anticiper, s\u2019adapter et rester cool<\/b> (au sens propre comme au figur\u00e9) seront nos meilleurs alli\u00e9s. Pensez \u00e0 investir dans des ventilateurs performants, \u00e0 vous hydrater comme si votre vie en d\u00e9pendait (spoiler : c\u2019est le cas), et \u00e0 privil\u00e9gier les siestes \u00e0 l\u2019ombre. Apr\u00e8s tout, un \u00e9t\u00e9 chaud peut aussi \u00eatre l\u2019occasion de red\u00e9couvrir les joies des glaces artisanales et des baignades nocturnes.<\/p>\n<p>[aib_post_related url=&rsquo;\/tendances\/poids-meule-comte\/&rsquo; title=&rsquo;Poids meule comt\u00e9 : d\u00e9couvrez le secret de cette d\u00e9licieuse tradition fromag\u00e8re !&rsquo; relatedtext=&rsquo;Vous pourriez \u00e9galement \u00eatre int\u00e9ress\u00e9 par:&rsquo;]<\/p>\n<h3>Questions qui vous br\u00fblent les l\u00e8vres (et pas seulement \u00e0 cause de la chaleur)<\/h3>\n<p><\/p>\n<ul><\/p>\n<li><b>Les canicules de 2025 seront-elles pires que celles de 2023 ?<\/b> Selon les pr\u00e9visions, oui. Les mod\u00e8les climatiques sugg\u00e8rent une augmentation progressive des temp\u00e9ratures, avec des \u00e9pisodes caniculaires plus fr\u00e9quents et plus intenses.<\/li>\n<p><\/p>\n<li><b>Comment se pr\u00e9parer \u00e0 un \u00e9t\u00e9 caniculaire ?<\/b> Privil\u00e9giez les v\u00eatements l\u00e9gers, installez des stores ou des volets pour garder la fra\u00eecheur, et n\u2019oubliez pas votre bouteille d\u2019eau. La cl\u00e9, c\u2019est de rester au frais sans perdre votre sang-froid.<\/li>\n<p><\/p>\n<li><b>Y aura-t-il des r\u00e9gions plus touch\u00e9es que d\u2019autres ?<\/b> Oui, les zones urbaines et les r\u00e9gions du sud de la France seront probablement les plus expos\u00e9es \u00e0 des temp\u00e9ratures extr\u00eames. Mais aucune r\u00e9gion ne sera totalement \u00e9pargn\u00e9e.<\/li>\n<p>\n<\/ul><\/p>\n","protected":false},"excerpt":{"rendered":"<p>Quels d\u00e9partements en alerte pour la canicule ? Ah, la canicule ! Cette invit\u00e9e surprise qui frappe \u00e0 nos portes chaque \u00e9t\u00e9 avec son \u00e9ventail de chaleur \u00e9touffante et ses nuits interminables. Cette ann\u00e9e, elle a d\u00e9cid\u00e9 de faire un tour de France express, mettant plusieurs d\u00e9partements en alerte rouge ou orange. Le Sud-Ouest, toujours&#8230;<\/p>\n","protected":false},"author":1,"featured_media":7203,"comment_status":"open","ping_status":"","sticky":false,"template":"","format":"standard","meta":{"_kad_post_transparent":"","_kad_post_title":"","_kad_post_layout":"","_kad_post_sidebar_id":"","_kad_post_content_style":"","_kad_post_vertical_padding":"","_kad_post_feature":"","_kad_post_feature_position":"","_kad_post_header":false,"_kad_post_footer":false,"_kad_post_classname":"","iawp_total_views":0,"footnotes":""},"categories":[1],"tags":[],"class_list":["post-7202","post","type-post","status-publish","format-standard","has-post-thumbnail","hentry","category-actualites"],"_links":{"self":[{"href":"https:\/\/www.dmoz.fr\/tendances\/wp-json\/wp\/v2\/posts\/7202","targetHints":{"allow":["GET"]}}],"collection":[{"href":"https:\/\/www.dmoz.fr\/tendances\/wp-json\/wp\/v2\/posts"}],"about":[{"href":"https:\/\/www.dmoz.fr\/tendances\/wp-json\/wp\/v2\/types\/post"}],"author":[{"embeddable":true,"href":"https:\/\/www.dmoz.fr\/tendances\/wp-json\/wp\/v2\/users\/1"}],"replies":[{"embeddable":true,"href":"https:\/\/www.dmoz.fr\/tendances\/wp-json\/wp\/v2\/comments?post=7202"}],"version-history":[{"count":0,"href":"https:\/\/www.dmoz.fr\/tendances\/wp-json\/wp\/v2\/posts\/7202\/revisions"}],"wp:featuredmedia":[{"embeddable":true,"href":"https:\/\/www.dmoz.fr\/tendances\/wp-json\/wp\/v2\/media\/7203"}],"wp:attachment":[{"href":"https:\/\/www.dmoz.fr\/tendances\/wp-json\/wp\/v2\/media?parent=7202"}],"wp:term":[{"taxonomy":"category","embeddable":true,"href":"https:\/\/www.dmoz.fr\/tendances\/wp-json\/wp\/v2\/categories?post=7202"},{"taxonomy":"post_tag","embeddable":true,"href":"https:\/\/www.dmoz.fr\/tendances\/wp-json\/wp\/v2\/tags?post=7202"}],"curies":[{"name":"wp","href":"https:\/\/api.w.org\/{rel}","templated":true}]}}