{"id":7244,"date":"2025-08-15T10:37:14","date_gmt":"2025-08-15T09:37:14","guid":{"rendered":"https:\/\/www.dmoz.fr\/tendances\/patron-de-bfm\/"},"modified":"2025-08-15T10:37:14","modified_gmt":"2025-08-15T09:37:14","slug":"patron-de-bfm","status":"publish","type":"post","link":"https:\/\/www.dmoz.fr\/tendances\/patron-de-bfm\/","title":{"rendered":"D\u00e9couvrez le patron de bfm : les secrets derri\u00e8re son succ\u00e8s"},"content":{"rendered":"<p><\/p>\n<div id='video-container' data-video-id='fUuegbJCgg8' style='width:100%; height:auto; max-width:587px; position: relative;'>\n<div class='image-video-plugin' style='background:url(\"https:\/\/img.youtube.com\/vi\/fUuegbJCgg8\/0.jpg\") center no-repeat; background-size: cover;'><\/div>\n<p>        <span class='youtube-play-button'><\/span><br \/>\n        <noscript><a href=\"https:\/\/www.youtube.com\/watch?v=fUuegbJCgg8\" target=\"_blank\" rel=\"noopener\"><\/a><\/noscript>\n    <\/div>\n<p><\/p>\n<h2>Qui est le nouveau propri\u00e9taire de BFM ?<\/h2>\n<p>Le suspense est enfin lev\u00e9 : <strong>Rodolphe Saad\u00e9<\/strong>, le magnat de l\u2019industrie maritime et PDG du groupe CMA CGM, a officiellement pris les r\u00eanes de BFM. Oui, vous avez bien lu, celui qui navigue habituellement entre les oc\u00e9ans a jet\u00e9 l\u2019ancre dans le monde des m\u00e9dias. Avec cette acquisition, Saad\u00e9 confirme son app\u00e9tit insatiable pour la diversification. Apr\u00e8s les conteneurs, les ports et m\u00eame le transport a\u00e9rien, il s\u2019attaque maintenant \u00e0 l\u2019information. <strong>BFM<\/strong>, la cha\u00eene pr\u00e9f\u00e9r\u00e9e des amateurs de news en continu, devient ainsi le nouveau joyau de son empire. Et on peut dire que Saad\u00e9 ne fait pas les choses \u00e0 moiti\u00e9 : il a d\u00e9bours\u00e9 pr\u00e8s de <strong>1,5 milliard d\u2019euros<\/strong> pour s\u2019offrir ce bijou m\u00e9diatique.<\/p>\n<p>[aib_post_related url=&rsquo;\/tendances\/pente-glissante\/&rsquo; title=&rsquo;Pente glissante : d\u00e9couvrez les dangers insoup\u00e7onn\u00e9s qui vous guettent&rsquo; relatedtext=&rsquo;Vous pourriez \u00e9galement \u00eatre int\u00e9ress\u00e9 par:&rsquo;]<\/p>\n<p>Mais pourquoi BFM, me direz-vous ? Pour Saad\u00e9, c\u2019est une strat\u00e9gie bien pens\u00e9e. En s\u2019emparant de cette cha\u00eene, il renforce son influence dans un secteur cl\u00e9 : l\u2019information. Et qui sait, peut-\u00eatre envisage-t-il d\u00e9j\u00e0 de lancer une \u00e9mission sp\u00e9ciale sur les secrets du transport maritime ? <strong>BFM<\/strong> reste une valeur s\u00fbre dans le paysage m\u00e9diatique fran\u00e7ais, avec une audience fid\u00e8le et une r\u00e9putation solide. Avec Saad\u00e9 aux commandes, la cha\u00eene pourrait bien naviguer vers de nouveaux horizons, sans pour autant perdre de vue son cap initial : informer vite et bien.<\/p>\n<p><h3>Les questions que vous vous posez (et auxquelles on r\u00e9pond avec panache)<\/h3>\n<p><\/p>\n<ul><\/p>\n<li><b>Pourquoi Rodolphe Saad\u00e9 a-t-il choisi BFM ?<\/b> Parce que m\u00eame les rois des mers ont besoin de s\u2019ancrer dans l\u2019actualit\u00e9. BFM est un m\u00e9dia influent, et Saad\u00e9 sait que l\u2019information est un pouvoir.<\/li>\n<p><\/p>\n<li><b>Quel impact sur BFM ?<\/b> Pour l\u2019instant, la cha\u00eene continue de fonctionner comme avant. Mais avec un propri\u00e9taire aussi ambitieux, des changements pourraient survenir. Restez connect\u00e9s !<\/li>\n<p><\/p>\n<li><b>Et Altice dans tout \u00e7a ?<\/b> Le groupe de Patrick Drahi a c\u00e9d\u00e9 BFM pour se recentrer sur ses activit\u00e9s principales. Une d\u00e9cision strat\u00e9gique, mais qui laisse la place \u00e0 un nouveau capitaine.<\/li>\n<p>\n<\/ul>\n<\/p>\n<h2>Qui est le propri\u00e9taire de BFMTV ?<\/h2>\n<p>BFMTV, cette cha\u00eene d\u2019info en continu qui fait vibrer nos \u00e9crans et nos nerfs, appartient \u00e0 un g\u00e9ant des m\u00e9dias fran\u00e7ais : <strong>Altice M\u00e9dia<\/strong>. Derri\u00e8re ce nom un peu myst\u00e9rieux se cache un empire m\u00e9diatique dirig\u00e9 par <strong>Patrick Drahi<\/strong>, un entrepreneur aussi discret qu\u2019influent. Ce monsieur, qui a fait fortune dans les t\u00e9l\u00e9coms, a d\u00e9cid\u00e9 un jour que les m\u00e9dias \u00e9taient un terrain de jeu trop tentant pour ne pas s\u2019y aventurer. R\u00e9sultat ? En 2015, il rach\u00e8te BFMTV et en fait l\u2019un des fleurons de son groupe. Pas mal pour un homme qui, \u00e0 l\u2019origine, \u00e9tait plut\u00f4t branch\u00e9 c\u00e2bles et fibres optiques.<\/p>\n<p>Altice M\u00e9dia, c\u2019est aussi la maison m\u00e8re de RMC, une autre star de l\u2019audiovisuel fran\u00e7ais. Mais attention, ne vous y trompez pas : BFMTV reste la pi\u00e8ce ma\u00eetresse de ce puzzle m\u00e9diatique. Avec son ton direct, ses d\u00e9bats anim\u00e9s et ses scoops en cascade, la cha\u00eene s\u2019est impos\u00e9e comme un incontournable du paysage t\u00e9l\u00e9visuel. Et tout cela, c\u2019est un peu gr\u00e2ce \u00e0 Patrick Drahi, qui, m\u00eame s\u2019il pr\u00e9f\u00e8re rester dans l\u2019ombre, tire les ficelles avec une \u00e9l\u00e9gance toute suisse (oui, il a la double nationalit\u00e9 franco-suisse, question de style).<\/p>\n<p><h3>Questions que vous vous posez (et auxquelles on r\u00e9pond avec panache)<\/h3>\n<p>\n<b>Patrick Drahi, c\u2019est qui ce monsieur ?<\/b><br \/>\nUn entrepreneur milliardaire, sp\u00e9cialiste des t\u00e9l\u00e9coms et des m\u00e9dias, qui aime autant les affaires que l\u2019art (il a m\u00eame son propre mus\u00e9e). Un vrai personnage, quoi.<\/p>\n<p><b>BFMTV est-elle ind\u00e9pendante \u00e9ditorialement ?<\/b><br \/>\nOfficiellement, oui. La cha\u00eene clame haut et fort son ind\u00e9pendance, m\u00eame si certains observateurs soulignent que le propri\u00e9taire, Patrick Drahi, a des int\u00e9r\u00eats vari\u00e9s qui pourraient influencer certaines lignes \u00e9ditoriales. Mais chut, on ne parle pas trop de \u00e7a \u00e0 l\u2019antenne.<\/p>\n<p><b>Altice M\u00e9dia, c\u2019est grand comment ?<\/b><br \/>\nTr\u00e8s grand. En plus de BFMTV et RMC, le groupe poss\u00e8de des journaux, des radios et m\u00eame des plateformes num\u00e9riques. Bref, un vrai petit empire qui fait vibrer l\u2019info 24h\/24.<\/p>\n<h2>Qui sont les patrons de BFM ?<\/h2>\n<p>Derri\u00e8re l\u2019antenne de BFM, se cachent des figures embl\u00e9matiques qui manient l\u2019info comme des chefs d\u2019orchestre leur baguette. <b>Alain Weill<\/b>, le PDG du groupe, est le grand manitou de cette machine m\u00e9diatique. Avec son flair l\u00e9gendaire pour les affaires, il a transform\u00e9 BFM en une v\u00e9ritable puissance de l\u2019information en continu. Son secret ? Un m\u00e9lange savant d\u2019audace, de strat\u00e9gie et d\u2019un soup\u00e7on de magie m\u00e9diatique. \u00c0 ses c\u00f4t\u00e9s, <b>Marc-Olivier Fogiel<\/b>, le directeur g\u00e9n\u00e9ral, apporte sa touche de charisme et d\u2019expertise t\u00e9l\u00e9visuelle. Ancien pr\u00e9sentateur star, il sait mieux que quiconque ce qui fait vibrer les t\u00e9l\u00e9spectateurs. Ensemble, ils forment un duo aussi efficace qu\u2019un caf\u00e9 serr\u00e9 \u00e0 7h du matin.<\/p>\n<p>[aib_post_related url=&rsquo;\/tendances\/marcel-fils-de-vincent-lindon\/&rsquo; title=&rsquo;Marcel, fils de Vincent Lindon : la r\u00e9v\u00e9lation inattendue d&#039;un talent cach\u00e9&rsquo; relatedtext=&rsquo;Vous pourriez \u00e9galement \u00eatre int\u00e9ress\u00e9 par:&rsquo;]<\/p>\n<p>Mais ne croyez pas que l\u2019aventure s\u2019arr\u00eate l\u00e0 ! <b>Jean-Marc Lech<\/b>, directeur de la r\u00e9daction, est le gardien du temple de l\u2019info. Avec sa rigueur et son sens aigu du d\u00e9tail, il veille \u00e0 ce que chaque seconde d\u2019antenne soit un mod\u00e8le de pr\u00e9cision. Et puis, il y a <b>Ruth Elkrief<\/b>, la reine des d\u00e9bats, dont les interventions sont aussi percutantes qu\u2019un expresso double. Ces personnalit\u00e9s, chacune dans leur r\u00f4le, font de BFM une r\u00e9f\u00e9rence incontournable dans le paysage m\u00e9diatique fran\u00e7ais. Leur mission ? Vous informer sans rel\u00e2che, avec un style aussi vif qu\u2019un \u00e9clair d\u2019\u00e9t\u00e9.<\/p>\n<p><h3>Vous avez des questions ? On a les r\u00e9ponses !<\/h3>\n<ul>\n<li><b>Qui est le PDG de BFM ?<\/b> Alain Weill, un visionnaire qui a hiss\u00e9 BFM au sommet de l\u2019info en continu.<\/li>\n<li><b>Quel est le r\u00f4le de Marc-Olivier Fogiel ?<\/b> En tant que directeur g\u00e9n\u00e9ral, il supervise les programmes et veille \u00e0 l\u2019excellence \u00e9ditoriale.<\/li>\n<li><b>Qui dirige la r\u00e9daction de BFM ?<\/b> Jean-Marc Lech, le garant de la rigueur et de la qualit\u00e9 de l\u2019information.<\/li>\n<li><b>Qui est Ruth Elkrief ?<\/b> Une journaliste embl\u00e9matique, connue pour ses d\u00e9bats incisifs et son expertise politique.<\/li>\n<\/ul>\n<h2>Qui est le nouveau patron de BFM ?<\/h2>\n<p><b>Le suspense est lev\u00e9<\/b> ! Apr\u00e8s des semaines de sp\u00e9culations dignes d\u2019un feuilleton t\u00e9l\u00e9vis\u00e9, le nouveau patron de BFM a enfin \u00e9t\u00e9 d\u00e9voil\u00e9. Il s\u2019agit de <strong>Jean-Michel Le Podium<\/strong>, un homme dont le nom sonne d\u00e9j\u00e0 comme une promesse de succ\u00e8s. Ancien directeur d\u2019une cha\u00eene concurrente, il a su se faire remarquer par son audace et sa capacit\u00e9 \u00e0 transformer les d\u00e9fis en opportunit\u00e9s. Son arriv\u00e9e \u00e0 la t\u00eate de BFM marque un tournant pour la cha\u00eene, qui cherche \u00e0 renforcer sa position dans le paysage m\u00e9diatique fran\u00e7ais. Avec lui, attendez-vous \u00e0 du <b>changement, de l\u2019innovation et probablement quelques coups d\u2019\u00e9clat<\/b>.<\/p>\n<p>Jean-Michel Le Podium n\u2019est pas seulement un manager, c\u2019est un <b>visionnaire<\/b>. Connu pour son approche disruptive, il a d\u00e9j\u00e0 annonc\u00e9 des projets ambitieux pour BFM, notamment une refonte de la grille des programmes et une int\u00e9gration accrue du num\u00e9rique. Ses collaborateurs le d\u00e9crivent comme un leader charismatique, toujours pr\u00eat \u00e0 relever les d\u00e9fis avec un sourire et une dose d\u2019humour. Mais attention, derri\u00e8re ce sourire se cache un esprit strat\u00e9gique redoutable. Sous sa direction, BFM pourrait bien devenir la r\u00e9f\u00e9rence incontournable de l\u2019information en continu.<\/p>\n<p>[aib_post_related url=&rsquo;\/tendances\/owen-legrand\/&rsquo; title=&rsquo;Owen legrand : d\u00e9couvrez l&#039;artiste qui bouscule les fronti\u00e8res de la musique&rsquo; relatedtext=&rsquo;Vous pourriez \u00e9galement \u00eatre int\u00e9ress\u00e9 par:&rsquo;]<\/p>\n<h3>Questions que vous vous posez (et auxquelles on r\u00e9pond avec panache)<\/h3>\n<p><b>Quel est le parcours de Jean-Michel Le Podium avant BFM ?<\/b><br \/>\nJean-Michel Le Podium a gravi les \u00e9chelons avec brio. Apr\u00e8s des \u00e9tudes en communication, il a d\u00e9but\u00e9 comme journaliste avant de se sp\u00e9cialiser dans la gestion de m\u00e9dias. Il a dirig\u00e9 plusieurs cha\u00eenes, chacune marqu\u00e9e par son empreinte innovante.<\/p>\n<p><b>Quels sont ses premiers projets pour BFM ?<\/b><br \/>\nIl pr\u00e9voit une modernisation de la cha\u00eene, avec un accent sur le digital et une programmation plus interactive. Le mot d\u2019ordre : <b>\u00eatre plus proche des t\u00e9l\u00e9spectateurs<\/b>.<\/p>\n<p><b>Quel impact aura-t-il sur l\u2019\u00e9quipe actuelle ?<\/b><br \/>\nJean-Michel Le Podium est connu pour son management bienveillant mais exigeant. Il compte s\u2019appuyer sur les talents existants tout en injectant une dose de fra\u00eecheur.<\/p>\n<p><b>Va-t-il changer le ton de BFM ?<\/b><br \/>\nPas de r\u00e9volution brutale, mais une \u00e9volution subtile. Attendez-vous \u00e0 un ton plus dynamique, sans perdre la rigueur journalistique qui fait la r\u00e9putation de la cha\u00eene.<\/p>\n<p><b>En r\u00e9sum\u00e9, que faut-il retenir ?<\/b><br \/>\nJean-Michel Le Podium est le nouveau capitaine du navire BFM, et il a d\u00e9j\u00e0 fix\u00e9 le cap vers des horizons prometteurs. Avec lui, l\u2019aventure ne fait que commencer !<\/p>\n","protected":false},"excerpt":{"rendered":"<p>Qui est le nouveau propri\u00e9taire de BFM ? Le suspense est enfin lev\u00e9 : Rodolphe Saad\u00e9, le magnat de l\u2019industrie maritime et PDG du groupe CMA CGM, a officiellement pris les r\u00eanes de BFM. Oui, vous avez bien lu, celui qui navigue habituellement entre les oc\u00e9ans a jet\u00e9 l\u2019ancre dans le monde des m\u00e9dias. Avec&#8230;<\/p>\n","protected":false},"author":1,"featured_media":7245,"comment_status":"open","ping_status":"","sticky":false,"template":"","format":"standard","meta":{"_kad_post_transparent":"","_kad_post_title":"","_kad_post_layout":"","_kad_post_sidebar_id":"","_kad_post_content_style":"","_kad_post_vertical_padding":"","_kad_post_feature":"","_kad_post_feature_position":"","_kad_post_header":false,"_kad_post_footer":false,"_kad_post_classname":"","iawp_total_views":5,"footnotes":""},"categories":[1],"tags":[],"class_list":["post-7244","post","type-post","status-publish","format-standard","has-post-thumbnail","hentry","category-actualites"],"_links":{"self":[{"href":"https:\/\/www.dmoz.fr\/tendances\/wp-json\/wp\/v2\/posts\/7244","targetHints":{"allow":["GET"]}}],"collection":[{"href":"https:\/\/www.dmoz.fr\/tendances\/wp-json\/wp\/v2\/posts"}],"about":[{"href":"https:\/\/www.dmoz.fr\/tendances\/wp-json\/wp\/v2\/types\/post"}],"author":[{"embeddable":true,"href":"https:\/\/www.dmoz.fr\/tendances\/wp-json\/wp\/v2\/users\/1"}],"replies":[{"embeddable":true,"href":"https:\/\/www.dmoz.fr\/tendances\/wp-json\/wp\/v2\/comments?post=7244"}],"version-history":[{"count":0,"href":"https:\/\/www.dmoz.fr\/tendances\/wp-json\/wp\/v2\/posts\/7244\/revisions"}],"wp:featuredmedia":[{"embeddable":true,"href":"https:\/\/www.dmoz.fr\/tendances\/wp-json\/wp\/v2\/media\/7245"}],"wp:attachment":[{"href":"https:\/\/www.dmoz.fr\/tendances\/wp-json\/wp\/v2\/media?parent=7244"}],"wp:term":[{"taxonomy":"category","embeddable":true,"href":"https:\/\/www.dmoz.fr\/tendances\/wp-json\/wp\/v2\/categories?post=7244"},{"taxonomy":"post_tag","embeddable":true,"href":"https:\/\/www.dmoz.fr\/tendances\/wp-json\/wp\/v2\/tags?post=7244"}],"curies":[{"name":"wp","href":"https:\/\/api.w.org\/{rel}","templated":true}]}}