{"id":7333,"date":"2025-08-17T09:00:44","date_gmt":"2025-08-17T08:00:44","guid":{"rendered":"https:\/\/www.dmoz.fr\/tendances\/covid-long-symptomes\/"},"modified":"2025-08-17T09:00:44","modified_gmt":"2025-08-17T08:00:44","slug":"covid-long-symptomes","status":"publish","type":"post","link":"https:\/\/www.dmoz.fr\/tendances\/covid-long-symptomes\/","title":{"rendered":"Comprendre les sympt\u00f4mes du covid long : ce que vous devez savoir absolument"},"content":{"rendered":"<p><\/p>\n<div id='video-container' data-video-id='AP1tMpCJJY0' style='width:100%; height:auto; max-width:587px; position: relative;'>\n<div class='image-video-plugin' style='background:url(\"https:\/\/img.youtube.com\/vi\/AP1tMpCJJY0\/0.jpg\") center no-repeat; background-size: cover;'><\/div>\n<p>        <span class='youtube-play-button'><\/span><br \/>\n        <noscript><a href=\"https:\/\/www.youtube.com\/watch?v=AP1tMpCJJY0\" target=\"_blank\" rel=\"noopener\"><\/a><\/noscript>\n    <\/div>\n<p><\/p>\n<p><h2>Quels sont les sympt\u00f4mes de la Covid longue ?<\/h2>\n<p><\/p>\n<p>La Covid longue, cette petite f\u00e2cheuse qui s\u2019incruste sans pr\u00e9venir, se manifeste par une ribambelle de sympt\u00f4mes aussi vari\u00e9s qu\u2019un buffet \u00e0 volont\u00e9. <strong>Fatigue chronique<\/strong>, essoufflement, brouillard c\u00e9r\u00e9bral, douleurs musculaires ou articulaires\u2026 la liste est si longue qu\u2019on pourrait en faire un roman. Certains patients ressentent m\u00eame des palpitations cardiaques, des troubles du sommeil ou une perte de go\u00fbt et d\u2019odorat qui s\u2019\u00e9ternise. Bref, c\u2019est un peu comme si votre corps avait d\u00e9cid\u00e9 de faire une gr\u00e8ve g\u00e9n\u00e9rale, mais sans pr\u00e9avis ni indemnit\u00e9s.<\/p>\n<p><\/p>\n<p>Et ce n\u2019est pas tout ! D\u2019autres sympt\u00f4mes moins connus, comme des probl\u00e8mes digestifs, des maux de t\u00eate persistants ou des troubles de la concentration, viennent compl\u00e9ter ce joyeux tableau. <strong>Le brouillard c\u00e9r\u00e9bral<\/strong>, par exemple, est particuli\u00e8rement \u00e9nervant : imaginez chercher vos cl\u00e9s pendant 10 minutes pour finalement les trouver dans le frigo. Oui, c\u2019est \u00e7a. La Covid longue, c\u2019est un peu la version \u00ab hardcore \u00bb de la maladie, o\u00f9 chaque jour est une nouvelle surprise. Et pas toujours la bonne.<\/p>\n<\/p>\n<p><h3>Questions Fr\u00e9quentes : La Covid longue en 5 r\u00e9ponses cl\u00e9s<\/h3>\n<p><\/p>\n<ul><\/p>\n<li><b>La fatigue est-elle le sympt\u00f4me le plus courant ?<\/b> Oui, elle touche la majorit\u00e9 des patients et peut durer des mois.<\/li>\n<p><\/p>\n<li><b>Le brouillard c\u00e9r\u00e9bral est-il permanent ?<\/b> Non, mais il peut persister plusieurs semaines, voire des mois, selon les cas.<\/li>\n<p><\/p>\n<li><b>Les sympt\u00f4mes sont-ils les m\u00eames pour tout le monde ?<\/b> Pas du tout ! Chaque personne vit sa propre version de cette \u00ab aventure \u00bb.<\/li>\n<p><\/p>\n<li><b>Peut-on pr\u00e9voir la dur\u00e9e de la Covid longue ?<\/b> Malheureusement, non. C\u2019est un peu comme essayer de pr\u00e9voir la m\u00e9t\u00e9o \u00e0 long terme : impr\u00e9visible.<\/li>\n<p><\/p>\n<li><b>Existe-t-il des traitements sp\u00e9cifiques ?<\/b> Pour l\u2019instant, les traitements visent \u00e0 soulager les sympt\u00f4mes, mais rien de magique.<\/li>\n<p>\n<\/ul>\n<\/p>\n<p><h2>Quelle prise de sang pour savoir si le Covid est long ?<\/h2>\n<p><\/p>\n<p>Ah, le Covid long, ce compagnon ind\u00e9sirable qui s\u2019invite \u00e0 la f\u00eate sans pr\u00e9venir et refuse de partir. Pour savoir si vous \u00eates dans ce club tr\u00e8s s\u00e9lect (mais peu enviable), la m\u00e9decine a quelques outils dans sa bo\u00eete \u00e0 malices, dont la prise de sang. Mais attention, pas n\u2019importe quelle prise de sang ! On ne parle pas ici d\u2019un simple check-up de routine pour v\u00e9rifier si vous avez assez de vitamine D pour affronter l\u2019hiver. Non, on parle d\u2019une analyse pouss\u00e9e, digne d\u2019un \u00e9pisode de <em>Docteur House<\/em>, pour traquer les marqueurs biologiques qui pourraient expliquer pourquoi vous \u00eates toujours fatigu\u00e9(e) apr\u00e8s avoir \u00e9ternu\u00e9 il y a six mois.<\/p>\n<p><\/p>\n<p>Parmi les tests sanguins les plus couramment prescrits, on retrouve la recherche de <b>marqueurs inflammatoires<\/b> (comme la CRP ou la vitesse de s\u00e9dimentation), qui peuvent indiquer une inflammation persistante. On peut aussi chercher des anomalies au niveau des <b>globules blancs<\/b> ou des <b>anticorps<\/b>, histoire de voir si votre syst\u00e8me immunitaire est toujours en mode \u201calerte rouge\u201d. Enfin, certains m\u00e9decins peuvent ajouter un dosage de la <b>ferritine<\/b> ou de la <b>vitamine D<\/b>, car un d\u00e9ficit dans ces domaines peut aggraver les sympt\u00f4mes du Covid long. Bref, c\u2019est un peu comme une enqu\u00eate polici\u00e8re, mais avec des \u00e9prouvettes \u00e0 la place des empreintes digitales.<\/p>\n<\/p>\n<p><h3>Vous avez des questions ? On a les r\u00e9ponses (ou presque)<\/h3>\n<p><\/p>\n<ul><\/p>\n<li><b>Est-ce que la prise de sang suffit \u00e0 diagnostiquer un Covid long ?<\/b> Pas tout \u00e0 fait. Elle donne des indices, mais le diagnostic repose aussi sur vos sympt\u00f4mes et votre historique m\u00e9dical. C\u2019est un peu comme assembler un puzzle sans avoir la bo\u00eete.<\/li>\n<p><\/p>\n<li><b>Faut-il je\u00fbner avant cette prise de sang ?<\/b> \u00c7a d\u00e9pend des tests prescrits. Mieux vaut demander \u00e0 votre m\u00e9decin pour \u00e9viter de mourir de faim inutilement (ou de g\u00e2cher un bon petit-d\u00e9jeuner).<\/li>\n<p><\/p>\n<li><b>Combien de temps faut-il attendre pour les r\u00e9sultats ?<\/b> G\u00e9n\u00e9ralement quelques jours, mais \u00e7a peut varier. Patience, jeune padawan.<\/li>\n<p>\n<\/ul>\n<\/p>\n<p><h2>Quels sont les sympt\u00f4mes neurologiques associ\u00e9s au Covid long ?<\/h2>\n<p><\/p>\n<p>Le Covid long, ce petit cadeau empoisonn\u00e9 que la pand\u00e9mie nous a laiss\u00e9, ne se contente pas de jouer les prolongations dans notre corps. Il s\u2019invite aussi dans notre cerveau, et pas pour y faire la sieste. Parmi les sympt\u00f4mes neurologiques les plus fr\u00e9quemment rapport\u00e9s, on retrouve une <b>fatigue persistante<\/b> qui vous donne l\u2019impression d\u2019avoir couru un marathon alors que vous avez juste essay\u00e9 de plier votre linge. Ajoutez \u00e0 cela des <b>troubles de la concentration<\/b>, o\u00f9 votre esprit ressemble \u00e0 un navigateur internet avec 47 onglets ouverts, mais aucun ne fonctionne correctement. Et n\u2019oublions pas les <b>maux de t\u00eate r\u00e9currents<\/b>, ces compagnons ind\u00e9sirables qui vous font regretter d\u2019avoir oubli\u00e9 votre parac\u00e9tamol.<\/p>\n<\/p>\n<p>Mais ce n\u2019est pas tout ! Le Covid long a aussi un penchant pour les effets plus subtils, mais tout aussi d\u00e9rangeants. Certains patients rapportent des <b>pertes de m\u00e9moire<\/b> qui vous font chercher vos cl\u00e9s pendant 20 minutes avant de r\u00e9aliser qu\u2019elles sont dans votre poche. D\u2019autres \u00e9voquent des <b>troubles du sommeil<\/b>, o\u00f9 dormir devient un d\u00e9fi digne d\u2019un concours de cirque. Et pour couronner le tout, certaines personnes ressentent des <b>vertiges<\/b> ou des <b>sensations de brouillard mental<\/b>, comme si leur cerveau avait d\u00e9cid\u00e9 de prendre des vacances sans pr\u00e9venir. Bref, le Covid long n\u2019a pas fini de nous surprendre\u2026 et de nous \u00e9puiser.<\/p>\n<p><h3>Vos questions, nos r\u00e9ponses : D\u00e9m\u00ealons le vrai du faux sur les sympt\u00f4mes neurologiques<\/h3>\n<p><\/p>\n<ul><\/p>\n<li><b>Le Covid long peut-il provoquer des troubles neurologiques graves ?<\/b><br \/>\n  Dans de rares cas, oui. Certains patients rapportent des sympt\u00f4mes comme des engourdissements, des difficult\u00e9s \u00e0 marcher ou m\u00eame des crises d\u2019\u00e9pilepsie. Mais rassurez-vous, ces cas restent exceptionnels.<\/li>\n<p><\/p>\n<li><b>Combien de temps durent ces sympt\u00f4mes ?<\/b><br \/>\n  C\u2019est la grande loterie ! Pour certains, c\u2019est une affaire de quelques semaines. Pour d\u2019autres, cela peut tra\u00eener pendant des mois. Patience et suivi m\u00e9dical sont de mise.<\/li>\n<p><\/p>\n<li><b>Existe-t-il des traitements pour ces sympt\u00f4mes ?<\/b><br \/>\n  Pas de rem\u00e8de miracle, mais des approches comme la r\u00e9\u00e9ducation cognitive, la gestion du stress ou certains m\u00e9dicaments peuvent aider \u00e0 soulager ces d\u00e9sagr\u00e9ments.<\/li>\n<p>\n<\/ul>\n<\/p>\n<h2>Quand disparaissent les sympt\u00f4mes du Covid ?<\/h2>\n<p>Ah, la question qui taraude l\u2019humanit\u00e9 depuis que le mot <i>\u201cCovid\u201d<\/i> a envahi nos conversations de salon (et nos r\u00eaves les plus fous). <b>Les sympt\u00f4mes du Covid<\/b>, ces petits compagnons ind\u00e9sirables, ont la f\u00e2cheuse tendance \u00e0 s\u2019accrocher comme une chanson ent\u00eatante. Pour la plupart des gens, ils disparaissent en <b>2 \u00e0 3 semaines<\/b>, comme une mauvaise s\u00e9rie Netflix qu\u2019on finit par oublier. Mais attention, chez certains, c\u2019est une autre histoire : fatigue persistante, toux r\u00e9calcitrante, ou m\u00eame perte de go\u00fbt et d\u2019odorat peuvent s\u2019inviter \u00e0 la f\u00eate bien plus longtemps. On appelle \u00e7a le <b>Covid long<\/b>, et c\u2019est un peu comme un invit\u00e9 qui ne comprend pas qu\u2019il est temps de partir.<\/p>\n<p>La dur\u00e9e des sympt\u00f4mes d\u00e9pend aussi de plusieurs facteurs : votre \u00e2ge, votre \u00e9tat de sant\u00e9 g\u00e9n\u00e9ral, et m\u00eame votre niveau de patience face aux \u00e9ternuements intempestifs. Par exemple, les jeunes adultes en bonne sant\u00e9 voient souvent leurs sympt\u00f4mes s\u2019envoler en une semaine ou deux, tandis que les personnes \u00e2g\u00e9es ou celles avec des comorbidit\u00e9s peuvent devoir composer avec eux plus longtemps. Et puis, il y a ces fameux <b>sympt\u00f4mes r\u00e9siduels<\/b>, comme la fatigue ou l\u2019essoufflement, qui peuvent tra\u00eener comme une odeur de poisson dans le frigo. Moralit\u00e9 : chaque corps r\u00e9agit diff\u00e9remment, et le Covid, lui, adore jouer les prolongations.<\/p>\n<p>[aib_post_related url=&rsquo;\/tendances\/mini-justicier-personnage\/&rsquo; title=&rsquo;Le mini justicier personnage qui d\u00e9fie les limites de l&#039;imaginaire !&rsquo; relatedtext=&rsquo;Vous pourriez \u00e9galement \u00eatre int\u00e9ress\u00e9 par:&rsquo;]<\/p>\n<h3>Questions qui br\u00fblent les l\u00e8vres (et les claviers)<\/h3>\n<p><\/p>\n<ul><\/p>\n<li><b>Combien de temps dure la toux post-Covid ?<\/b> \u2013 Entre une semaine et un mois, mais parfois plus si vous avez la malchance de croiser une version particuli\u00e8rement t\u00eatue du virus.<\/li>\n<p><\/p>\n<li><b>Et la perte de go\u00fbt et d\u2019odorat ?<\/b> \u2013 \u00c7a peut prendre quelques jours \u00e0 plusieurs semaines pour retrouver vos super-powers olfactifs. Patience, jeune padawan.<\/li>\n<p><\/p>\n<li><b>Le Covid long, c\u2019est quoi exactement ?<\/b> \u2013 C\u2019est quand les sympt\u00f4mes persistent au-del\u00e0 de 4 semaines, comme un mauvais r\u00eave qui refuse de s\u2019estomper. On parle de fatigue, de brouillard mental, et parfois m\u00eame de palpitations.<\/li>\n<p>\n<\/ul><\/p>\n","protected":false},"excerpt":{"rendered":"<p>Quels sont les sympt\u00f4mes de la Covid longue ? La Covid longue, cette petite f\u00e2cheuse qui s\u2019incruste sans pr\u00e9venir, se manifeste par une ribambelle de sympt\u00f4mes aussi vari\u00e9s qu\u2019un buffet \u00e0 volont\u00e9. Fatigue chronique, essoufflement, brouillard c\u00e9r\u00e9bral, douleurs musculaires ou articulaires\u2026 la liste est si longue qu\u2019on pourrait en faire un roman. Certains patients ressentent&#8230;<\/p>\n","protected":false},"author":1,"featured_media":7334,"comment_status":"open","ping_status":"","sticky":false,"template":"","format":"standard","meta":{"_kad_post_transparent":"","_kad_post_title":"","_kad_post_layout":"","_kad_post_sidebar_id":"","_kad_post_content_style":"","_kad_post_vertical_padding":"","_kad_post_feature":"","_kad_post_feature_position":"","_kad_post_header":false,"_kad_post_footer":false,"_kad_post_classname":"","iawp_total_views":4,"footnotes":""},"categories":[1],"tags":[],"class_list":["post-7333","post","type-post","status-publish","format-standard","has-post-thumbnail","hentry","category-actualites"],"_links":{"self":[{"href":"https:\/\/www.dmoz.fr\/tendances\/wp-json\/wp\/v2\/posts\/7333","targetHints":{"allow":["GET"]}}],"collection":[{"href":"https:\/\/www.dmoz.fr\/tendances\/wp-json\/wp\/v2\/posts"}],"about":[{"href":"https:\/\/www.dmoz.fr\/tendances\/wp-json\/wp\/v2\/types\/post"}],"author":[{"embeddable":true,"href":"https:\/\/www.dmoz.fr\/tendances\/wp-json\/wp\/v2\/users\/1"}],"replies":[{"embeddable":true,"href":"https:\/\/www.dmoz.fr\/tendances\/wp-json\/wp\/v2\/comments?post=7333"}],"version-history":[{"count":0,"href":"https:\/\/www.dmoz.fr\/tendances\/wp-json\/wp\/v2\/posts\/7333\/revisions"}],"wp:featuredmedia":[{"embeddable":true,"href":"https:\/\/www.dmoz.fr\/tendances\/wp-json\/wp\/v2\/media\/7334"}],"wp:attachment":[{"href":"https:\/\/www.dmoz.fr\/tendances\/wp-json\/wp\/v2\/media?parent=7333"}],"wp:term":[{"taxonomy":"category","embeddable":true,"href":"https:\/\/www.dmoz.fr\/tendances\/wp-json\/wp\/v2\/categories?post=7333"},{"taxonomy":"post_tag","embeddable":true,"href":"https:\/\/www.dmoz.fr\/tendances\/wp-json\/wp\/v2\/tags?post=7333"}],"curies":[{"name":"wp","href":"https:\/\/api.w.org\/{rel}","templated":true}]}}