{"id":7337,"date":"2025-08-17T11:03:33","date_gmt":"2025-08-17T10:03:33","guid":{"rendered":"https:\/\/www.dmoz.fr\/tendances\/aurore-delplace-fort-boyard\/"},"modified":"2025-08-17T11:03:33","modified_gmt":"2025-08-17T10:03:33","slug":"aurore-delplace-fort-boyard","status":"publish","type":"post","link":"https:\/\/www.dmoz.fr\/tendances\/aurore-delplace-fort-boyard\/","title":{"rendered":"Aurore Delplace : ses secrets in\u00e9dits sur Fort Boyard r\u00e9v\u00e9l\u00e9s"},"content":{"rendered":"<p><\/p>\n<div id='video-container' data-video-id='0iGqqWbKlXU' style='width:100%; height:auto; max-width:587px; position: relative;'>\n<div class='image-video-plugin' style='background:url(\"https:\/\/img.youtube.com\/vi\/0iGqqWbKlXU\/0.jpg\") center no-repeat; background-size: cover;'><\/div>\n<p>        <span class='youtube-play-button'><\/span><br \/>\n        <noscript><a href=\"https:\/\/www.youtube.com\/watch?v=0iGqqWbKlXU\" target=\"_blank\" rel=\"noopener\"><\/a><\/noscript>\n    <\/div>\n<p><\/p>\n<h2>Qui est en couple avec Aurore Delplace ?<\/h2>\n<p>Aurore Delplace, cette \u00e9toile montante du petit \u00e9cran, a toujours su garder une partie de sa vie priv\u00e9e \u00e0 l\u2019abri des projecteurs. Mais, comme une bonne s\u00e9rie \u00e0 suspense, les rumeurs et les sp\u00e9culations vont bon train. Alors, qui partage le canap\u00e9 et les pop-corns avec elle ? <b>Romain, son compagnon<\/b>, semble \u00eatre celui qui a gagn\u00e9 le jackpot \u00e9motionnel. Ce duo discret mais solide navigue ensemble dans les eaux parfois tumultueuses de la c\u00e9l\u00e9brit\u00e9, tout en gardant leur relation \u00e0 l\u2019abri des regards trop insistants.<\/p>\n<p>Si Aurore est connue pour ses r\u00f4les charismatiques \u00e0 l\u2019\u00e9cran, Romain, lui, pr\u00e9f\u00e8re rester dans l\u2019ombre, jouant le r\u00f4le du partenaire attentionn\u00e9 et complice. Leur histoire, bien que peu expos\u00e9e, semble \u00eatre un m\u00e9lange parfait de complicit\u00e9 et de respect mutuel. Ensemble, ils forment un tandem \u00e9quilibr\u00e9, o\u00f9 chacun apporte sa touche personnelle \u00e0 cette belle harmonie.<\/p>\n<p><h3>Les questions qui br\u00fblent les l\u00e8vres<\/h3>\n<p><\/p>\n<ul><\/p>\n<li><b>Depuis combien de temps sont-ils ensemble ?<\/b> Bien que la date exacte reste un myst\u00e8re, leur relation semble durer depuis plusieurs ann\u00e9es, preuve d\u2019une belle stabilit\u00e9.<\/li>\n<p><\/p>\n<li><b>Comment se passe leur vie de couple ?<\/b> Discrets mais complices, ils partagent des moments simples, loin des paillettes et des cam\u00e9ras.<\/li>\n<p><\/p>\n<li><b>Romain est-il aussi c\u00e9l\u00e8bre qu\u2019Aurore ?<\/b> Non, il pr\u00e9f\u00e8re rester dans l\u2019ombre, laissant Aurore briller sur le devant de la sc\u00e8ne.<\/li>\n<p>\n<\/ul>\n<\/p>\n<p>Aurore Delplace et Romain, c\u2019est un peu comme un bon vin : plus le temps passe, plus leur relation semble s\u2019\u00e9panouir. Et si les d\u00e9tails restent bien gard\u00e9s, une chose est s\u00fbre : leur histoire est une belle le\u00e7on de discr\u00e9tion et d\u2019amour.<\/p>\n<p><h2>Pourquoi Olivier Minne va-t-il quitter Fort Boyard ?<\/h2>\n<p><\/p>\n<p>La rumeur court, les sp\u00e9culations vont bon train, et les fans de <b>Fort Boyard<\/b> se demandent si Olivier Minne, l\u2019embl\u00e9matique ma\u00eetre des lieux, va vraiment tourner la page. Apr\u00e8s des ann\u00e9es \u00e0 animer cette \u00e9mission culte, le pr\u00e9sentateur aurait-il d\u00e9cid\u00e9 de passer le flambeau ? Les raisons \u00e9voqu\u00e9es sont multiples : fatigue, envie de nouveaux d\u00e9fis, ou simplement le d\u00e9sir de laisser la place \u00e0 une nouvelle g\u00e9n\u00e9ration. Mais ne nous emballons pas trop vite, car Olivier Minne reste discret sur le sujet, laissant planer le myst\u00e8re, comme dans les \u00e9nigmes de la forteresse.<\/p>\n<p><\/p>\n<p>Certains murmurent qu\u2019il pourrait s\u2019agir d\u2019un <b>coup de th\u00e9\u00e2tre m\u00e9diatique<\/b>, une strat\u00e9gie pour relancer l\u2019int\u00e9r\u00eat autour de l\u2019\u00e9mission. D\u2019autres imaginent d\u00e9j\u00e0 un ultime d\u00e9fi o\u00f9 Olivier devra affronter le P\u00e8re Fouras pour obtenir sa libert\u00e9. Quoi qu\u2019il en soit, une chose est s\u00fbre : si Olivier Minne quitte <b>Fort Boyard<\/b>, ce sera un tournant historique pour l\u2019\u00e9mission. Les t\u00e9l\u00e9spectateurs, eux, retiendront son charisme, son humour et sa capacit\u00e9 \u00e0 faire trembler les candidats tout en les encourageant. Reste \u00e0 savoir qui pourrait prendre la rel\u00e8ve\u2026 et si la forteresse survivra sans son ma\u00eetre incontest\u00e9.<\/p>\n<\/p>\n<p><h3>Vos questions, nos r\u00e9ponses (ou presque)<\/h3>\n<p><\/p>\n<ul><\/p>\n<li><b>Olivier Minne a-t-il confirm\u00e9 son d\u00e9part ?<\/b> Pas officiellement, mais les rumeurs sont persistantes, et les indices s\u2019accumulent comme les pi\u00e8ces d\u2019or dans le tr\u00e9sor de Fort Boyard.<\/li>\n<p><\/p>\n<li><b>Qui pourrait le remplacer ?<\/b> Les noms circulent, mais personne ne semble \u00e0 la hauteur\u2026 sauf peut-\u00eatre un candidat ayant r\u00e9ussi tous les d\u00e9fis de la forteresse.<\/li>\n<p><\/p>\n<li><b>Est-ce la fin de Fort Boyard ?<\/b> Pas si vite ! L\u2019\u00e9mission a surv\u00e9cu \u00e0 plusieurs changements, et elle pourrait bien rena\u00eetre de ses cendres, comme le Ph\u00e9nix.<\/li>\n<p>\n<\/ul>\n<\/p>\n<h2>Est-ce que les candidats de Fort Boyard sont pay\u00e9s ?<\/h2>\n<p>Ah, la question qui br\u00fble les l\u00e8vres de tous les fans de Fort Boyard : <b>les candidats sont-ils pay\u00e9s pour affronter les \u00e9preuves les plus folles de la t\u00e9l\u00e9vision fran\u00e7aise ?<\/b> Eh bien, pr\u00e9parez-vous \u00e0 une r\u00e9ponse qui pourrait vous surprendre. Non, les candidats ne per\u00e7oivent pas de salaire pour leur participation \u00e0 l\u2019\u00e9mission. Leur r\u00e9compense ? La gloire \u00e9ph\u00e9m\u00e8re, une dose d\u2019adr\u00e9naline et, bien s\u00fbr, les pr\u00e9cieux Boyards qu\u2019ils parviennent \u00e0 accumuler pour leur association. En somme, ils jouent pour la bonne cause, pas pour remplir leur portefeuille. Mais rassurez-vous, ils ne repartent pas les mains vides : les frais de d\u00e9placement et d\u2019h\u00e9bergement sont pris en charge, et ils ont droit \u00e0 un petit cadeau souvenir pour immortaliser leur aventure.<\/p>\n<p>Alors, pourquoi s\u2019engager dans cette aventure si ce n\u2019est pas pour l\u2019argent ? La r\u00e9ponse est simple : <b>l\u2019exp\u00e9rience unique<\/b>. Imaginez-vous d\u00e9fier le Temps, affronter les \u00e9nigmes du P\u00e8re Fouras ou encore plonger dans la fameuse salle des coffres. C\u2019est une opportunit\u00e9 de vivre quelque chose d\u2019extraordinaire, de se d\u00e9passer et de cr\u00e9er des souvenirs inoubliables. Et puis, avouons-le, qui n\u2019a jamais r\u00eav\u00e9 de se mesurer \u00e0 Fort Boyard, m\u00eame sans promesse de ch\u00e8que \u00e0 la cl\u00e9 ?<\/p>\n<p>[aib_post_related url=&rsquo;\/tendances\/hauteur-standard-plan-de-travail\/&rsquo; title=&rsquo;Hauteur standard plan de travail : d\u00e9couvrez les secrets d&#039;une cuisine ergonomique !&rsquo; relatedtext=&rsquo;Vous pourriez \u00e9galement \u00eatre int\u00e9ress\u00e9 par:&rsquo;]<\/p>\n<p><h3>Questions que vous vous posez (et on y r\u00e9pond !)<\/h3>\n<ul>\n<li><b>Les candidats gagnent-ils de l\u2019argent avec les Boyards ?<\/b> Non, les Boyards sont convertis en dons pour leur association choisie, pas pour leur compte en banque.<\/li>\n<li><b>Y a-t-il des avantages mat\u00e9riels pour les participants ?<\/b> Oui, ils re\u00e7oivent un petit cadeau souvenir et leurs frais sont couverts.<\/li>\n<li><b>Pourquoi participer si ce n\u2019est pas r\u00e9mun\u00e9r\u00e9 ?<\/b> Pour l\u2019exp\u00e9rience, le d\u00e9fi et la chance de vivre une aventure hors du commun !<\/li>\n<\/ul>\n<p>[aib_post_related url=&rsquo;\/tendances\/loi-mariage-sans-papier\/&rsquo; title=&rsquo;Loi mariage sans papier : d\u00e9couvrez les secrets m\u00e9connus de cette l\u00e9gislation surprenante !&rsquo; relatedtext=&rsquo;Vous pourriez \u00e9galement \u00eatre int\u00e9ress\u00e9 par:&rsquo;]<\/p>\n<h2>Est-ce qu&rsquo;Aurore Delplace a des enfants ?<\/h2>\n<p><h2>Est-ce qu&rsquo;Aurore Delplace a des enfants ?<\/h2>\n<p>\nAurore Delplace, cette figure aussi \u00e9nigmatique qu\u2019\u00e9l\u00e9gante, suscite bien des interrogations, notamment sur sa vie priv\u00e9e. <strong>A-t-elle des enfants ?<\/strong> La r\u00e9ponse, chers curieux, est un peu comme une recette secr\u00e8te : on en parle, mais on ne conna\u00eet pas toujours tous les ingr\u00e9dients. \u00c0 ce jour, Aurore Delplace n\u2019a pas officiellement confirm\u00e9 \u00eatre m\u00e8re. Elle pr\u00e9f\u00e8re garder une partie de son jardin secret bien \u00e0 l\u2019abri des regards indiscrets, ce qui, avouons-le, ajoute \u00e0 son charme myst\u00e9rieux.<\/p>\n<p>[aib_post_related url=&rsquo;\/tendances\/prime-de-partage-de-la-valeur-obligatoire\/&rsquo; title=&rsquo;Prime de partage de la valeur obligatoire : d\u00e9couvrez ce que cela change pour vous !&rsquo; relatedtext=&rsquo;Vous pourriez \u00e9galement \u00eatre int\u00e9ress\u00e9 par:&rsquo;]<\/p>\n<p>Cependant, il est important de noter que l\u2019absence d\u2019informations publiques ne signifie pas absence tout court. Aurore Delplace pourrait tr\u00e8s bien avoir choisi de prot\u00e9ger sa vie familiale des projecteurs, une d\u00e9cision tout \u00e0 fait compr\u00e9hensible dans un monde o\u00f9 les r\u00e9seaux sociaux sont parfois un peu trop\u2026 envahissants. Alors, <strong>des enfants ou pas ?<\/strong> La balle est dans son camp, et on la laisse tranquillement d\u00e9cider si elle souhaite un jour partager cette facette de sa vie.<\/p>\n<p><h3>Les questions que vous vous posez (et qu\u2019on se pose aussi)<\/h3>\n<p><\/p>\n<ul><\/p>\n<li><b>Aurore Delplace a-t-elle d\u00e9j\u00e0 \u00e9voqu\u00e9 ses enfants dans ses interviews ?<\/b> Non, elle n\u2019a jamais abord\u00e9 ce sujet de mani\u00e8re publique.<\/li>\n<p><\/p>\n<li><b>Pourquoi est-ce si difficile de trouver des informations sur sa vie familiale ?<\/b> Parce qu\u2019elle pr\u00e9f\u00e8re garder sa vie priv\u00e9e\u2026 priv\u00e9e, tout simplement !<\/li>\n<p><\/p>\n<li><b>Y a-t-il des photos d\u2019Aurore Delplace avec des enfants ?<\/b> Aucune photo publique ne confirme qu\u2019elle est m\u00e8re.<\/li>\n<p>\n<\/ul><\/p>\n","protected":false},"excerpt":{"rendered":"<p>Qui est en couple avec Aurore Delplace ? Aurore Delplace, cette \u00e9toile montante du petit \u00e9cran, a toujours su garder une partie de sa vie priv\u00e9e \u00e0 l\u2019abri des projecteurs. Mais, comme une bonne s\u00e9rie \u00e0 suspense, les rumeurs et les sp\u00e9culations vont bon train. Alors, qui partage le canap\u00e9 et les pop-corns avec elle&#8230;<\/p>\n","protected":false},"author":1,"featured_media":7338,"comment_status":"open","ping_status":"","sticky":false,"template":"","format":"standard","meta":{"_kad_post_transparent":"","_kad_post_title":"","_kad_post_layout":"","_kad_post_sidebar_id":"","_kad_post_content_style":"","_kad_post_vertical_padding":"","_kad_post_feature":"","_kad_post_feature_position":"","_kad_post_header":false,"_kad_post_footer":false,"_kad_post_classname":"","iawp_total_views":0,"footnotes":""},"categories":[1],"tags":[],"class_list":["post-7337","post","type-post","status-publish","format-standard","has-post-thumbnail","hentry","category-actualites"],"_links":{"self":[{"href":"https:\/\/www.dmoz.fr\/tendances\/wp-json\/wp\/v2\/posts\/7337","targetHints":{"allow":["GET"]}}],"collection":[{"href":"https:\/\/www.dmoz.fr\/tendances\/wp-json\/wp\/v2\/posts"}],"about":[{"href":"https:\/\/www.dmoz.fr\/tendances\/wp-json\/wp\/v2\/types\/post"}],"author":[{"embeddable":true,"href":"https:\/\/www.dmoz.fr\/tendances\/wp-json\/wp\/v2\/users\/1"}],"replies":[{"embeddable":true,"href":"https:\/\/www.dmoz.fr\/tendances\/wp-json\/wp\/v2\/comments?post=7337"}],"version-history":[{"count":0,"href":"https:\/\/www.dmoz.fr\/tendances\/wp-json\/wp\/v2\/posts\/7337\/revisions"}],"wp:featuredmedia":[{"embeddable":true,"href":"https:\/\/www.dmoz.fr\/tendances\/wp-json\/wp\/v2\/media\/7338"}],"wp:attachment":[{"href":"https:\/\/www.dmoz.fr\/tendances\/wp-json\/wp\/v2\/media?parent=7337"}],"wp:term":[{"taxonomy":"category","embeddable":true,"href":"https:\/\/www.dmoz.fr\/tendances\/wp-json\/wp\/v2\/categories?post=7337"},{"taxonomy":"post_tag","embeddable":true,"href":"https:\/\/www.dmoz.fr\/tendances\/wp-json\/wp\/v2\/tags?post=7337"}],"curies":[{"name":"wp","href":"https:\/\/api.w.org\/{rel}","templated":true}]}}