{"id":7361,"date":"2025-08-17T23:22:04","date_gmt":"2025-08-17T22:22:04","guid":{"rendered":"https:\/\/www.dmoz.fr\/tendances\/mylene-farmer-enfant\/"},"modified":"2025-08-17T23:22:04","modified_gmt":"2025-08-17T22:22:04","slug":"mylene-farmer-enfant","status":"publish","type":"post","link":"https:\/\/www.dmoz.fr\/tendances\/mylene-farmer-enfant\/","title":{"rendered":"Myl\u00e8ne Farmer et son enfant : les secrets d\u2019une maternit\u00e9 myst\u00e9rieuse"},"content":{"rendered":"<p><\/p>\n<div id='video-container' data-video-id='Tykts22Rj9s' style='width:100%; height:auto; max-width:587px; position: relative;'>\n<div class='image-video-plugin' style='background:url(\"https:\/\/img.youtube.com\/vi\/Tykts22Rj9s\/0.jpg\") center no-repeat; background-size: cover;'><\/div>\n<p>        <span class='youtube-play-button'><\/span><br \/>\n        <noscript><a href=\"https:\/\/www.youtube.com\/watch?v=Tykts22Rj9s\" target=\"_blank\" rel=\"noopener\"><\/a><\/noscript>\n    <\/div>\n<p><\/p>\n<p><h2>Est-ce que Myl\u00e8ne Farmer a un enfant ?<\/h2>\n<p><\/p>\n<p>Myl\u00e8ne Farmer, la reine myst\u00e9rieuse de la chanson fran\u00e7aise, a toujours su cultiver le secret autour de sa vie priv\u00e9e. Alors, quand il s\u2019agit de savoir si elle a un enfant, la r\u00e9ponse est&hellip; <strong>non<\/strong>. Aucune trace de maternit\u00e9 dans son parcours, ni dans ses interviews, ni dans les rares confidences qu\u2019elle a bien voulu partager. Myl\u00e8ne pr\u00e9f\u00e8re visiblement chanter l\u2019amour, la m\u00e9lancolie et les tourments de l\u2019\u00e2me plut\u00f4t que les couches-culottes et les biberons. Et avouons-le, on a du mal \u00e0 l\u2019imaginer en maman poule entre deux concerts mythiques et des clips cin\u00e9matographiques.<\/p>\n<p><\/p>\n<p>Pourtant, la question revient souvent, comme si le public ne pouvait s\u2019emp\u00eacher de chercher des traces de vie familiale chez cette artiste si \u00e9nigmatique. Mais Myl\u00e8ne Farmer, c\u2019est avant tout une femme qui a choisi de consacrer sa vie \u00e0 son art, \u00e0 ses passions et \u00e0 ses projets cr\u00e9atifs. Si elle a des enfants, ce sont sans doute ses chansons, ses albums et ses performances sc\u00e9niques, qu\u2019elle ch\u00e9rit comme des \u0153uvres d\u2019art. Alors, pas de petits Farmer en vue, mais une discographie qui, elle, ne cesse de grandir et de nous \u00e9merveiller.<\/p>\n<\/p>\n<p><h3>Les questions qui br\u00fblent les l\u00e8vres (et les r\u00e9ponses qui calment les esprits)<\/h3>\n<p><\/p>\n<ul><\/p>\n<li><b>Myl\u00e8ne Farmer a-t-elle d\u00e9j\u00e0 \u00e9voqu\u00e9 sa maternit\u00e9 ?<\/b> Non, jamais. Elle a toujours gard\u00e9 ce sujet hors de ses discussions publiques.<\/li>\n<p><\/p>\n<li><b>Pourquoi cette question revient-elle si souvent ?<\/b> Parce que Myl\u00e8ne est une ic\u00f4ne, et les ic\u00f4nes, on veut tout savoir sur elles&hellip; m\u00eame ce qu\u2019elles ne veulent pas r\u00e9v\u00e9ler.<\/li>\n<p><\/p>\n<li><b>Et si elle avait un enfant en secret ?<\/b> Avec Myl\u00e8ne, tout est possible, mais jusqu\u2019\u00e0 preuve du contraire, rien n\u2019indique qu\u2019elle soit maman.<\/li>\n<p>\n<\/ul>\n<\/p>\n<p>[aib_post_related url=&rsquo;\/tendances\/grossier-personnage-mots-fleches\/&rsquo; title=&rsquo;Grossier personnage mots fl\u00e9ch\u00e9s : d\u00e9chiffrez les indices pour un amusement garanti !&rsquo; relatedtext=&rsquo;Vous pourriez \u00e9galement \u00eatre int\u00e9ress\u00e9 par:&rsquo;]<\/p>\n<h2>Qui est le mari de Myl\u00e8ne Farmer ?<\/h2>\n<p>Myl\u00e8ne Farmer, l\u2019ic\u00f4ne myst\u00e9rieuse de la chanson fran\u00e7aise, a toujours su garder sa vie priv\u00e9e sous cl\u00e9, comme un tr\u00e9sor bien gard\u00e9 dans un coffre-fort. Alors, quand on \u00e9voque la question de son mari, on entre dans un territoire aussi secret que les paroles de ses chansons. <strong>En r\u00e9alit\u00e9, Myl\u00e8ne Farmer n\u2019a jamais officialis\u00e9 de mariage.<\/strong> Pourtant, il y a un homme qui occupe une place centrale dans sa vie depuis des d\u00e9cennies : <strong>Thierry Suc<\/strong>, son manager et producteur. Ensemble, ils forment un duo aussi l\u00e9gendaire que Lennon et McCartney, mais en version discr\u00e8te et fran\u00e7aise. Si certains sp\u00e9culent sur une relation amoureuse, Myl\u00e8ne pr\u00e9f\u00e8re laisser planer le myst\u00e8re, comme une m\u00e9lodie qui ne se d\u00e9voile jamais enti\u00e8rement.<\/p>\n<p>Thierry Suc, c\u2019est un peu l\u2019homme de l\u2019ombre qui a permis \u00e0 Myl\u00e8ne Farmer de briller sous les projecteurs. Leur collaboration artistique et professionnelle est si fusionnelle qu\u2019on pourrait presque les imaginer unis par un pacte secret. <strong>Pourtant, Myl\u00e8ne n\u2019a jamais confirm\u00e9 de relation matrimoniale avec lui.<\/strong> Elle, qui a chant\u00e9 l\u2019amour, la passion et la solitude, semble pr\u00e9f\u00e9rer garder cette part de sa vie hors des feux de la rampe. Alors, est-ce que Thierry Suc est son mari ? La r\u00e9ponse reste aussi \u00e9nigmatique que le sourire de la Joconde.<\/p>\n<p>[aib_post_related url=&rsquo;\/tendances\/macadam-restaurant-une-experience-culinaire-decontractee\/&rsquo; title=&rsquo;Macadam Restaurant : une exp\u00e9rience culinaire d\u00e9contract\u00e9e&rsquo; relatedtext=&rsquo;Vous pourriez \u00e9galement \u00eatre int\u00e9ress\u00e9 par:&rsquo;]<\/p>\n<h3>Questions que vous vous posez (sans oser le demander)<\/h3>\n<p><\/p>\n<ul><\/p>\n<li><b>Myl\u00e8ne Farmer est-elle mari\u00e9e ?<\/b> Officiellement, non. Mais Thierry Suc est son compagnon de route depuis des ann\u00e9es.<\/li>\n<p><\/p>\n<li><b>Pourquoi Myl\u00e8ne Farmer ne parle-t-elle pas de sa vie priv\u00e9e ?<\/b> Parce que le myst\u00e8re, c\u2019est son style. Et avouons-le, \u00e7a lui va plut\u00f4t bien.<\/li>\n<p><\/p>\n<li><b>Thierry Suc et Myl\u00e8ne Farmer sont-ils ensemble ?<\/b> Leur complicit\u00e9 est ind\u00e9niable, mais le mot &ldquo;ensemble&rdquo; reste un myst\u00e8re \u00e0 part enti\u00e8re.<\/li>\n<p>\n<\/ul>\n<\/p>\n<h2>Qui est le nouveau compagnon de Myl\u00e8ne Farmer ?<\/h2>\n<p>Myl\u00e8ne Farmer, la diva myst\u00e9rieuse de la chanson fran\u00e7aise, a toujours su garder sa vie priv\u00e9e sous cl\u00e9, comme un tr\u00e9sor bien gard\u00e9. Pourtant, les rumeurs vont bon train concernant son nouveau compagnon. Si les m\u00e9dias se frottent les mains, les fans, eux, sont partag\u00e9s entre curiosit\u00e9 et respect pour l\u2019intimit\u00e9 de leur idole. <strong>Qui est donc cet homme qui a su capter l\u2019attention de la star aux yeux de braise ?<\/strong> Les sp\u00e9culations vont du monde artistique \u00e0 celui des affaires, mais une chose est s\u00fbre : Myl\u00e8ne Farmer ne fait rien comme tout le monde, et son choix ne manquera pas de surprendre.<\/p>\n<p>Les paparazzi ont tent\u00e9 de capturer des clich\u00e9s vol\u00e9s, mais Myl\u00e8ne, toujours aussi insaisissable, semble jouer avec eux comme un chat avec une souris. <strong>Est-ce un artiste, un homme d\u2019affaires, ou peut-\u00eatre m\u00eame un inconnu qui a su la s\u00e9duire par son authenticit\u00e9 ?<\/strong> Les th\u00e9ories fusent, mais la chanteuse pr\u00e9f\u00e8re garder le myst\u00e8re, comme elle l\u2019a toujours fait. Apr\u00e8s tout, n\u2019est-ce pas ce qui la rend si fascinante ?<\/p>\n<p>[aib_post_related url=&rsquo;\/tendances\/ex-femme-thierry\/&rsquo; title=&rsquo;Ex-femme de Thierry : les r\u00e9v\u00e9lations in\u00e9dites qui vont vous surprendre&rsquo; relatedtext=&rsquo;Vous pourriez \u00e9galement \u00eatre int\u00e9ress\u00e9 par:&rsquo;]<\/p>\n<h3>Les questions qui br\u00fblent les l\u00e8vres<\/h3>\n<p><\/p>\n<ul><\/p>\n<li><b>Myl\u00e8ne Farmer est-elle vraiment en couple ?<\/b> Les rumeurs sont persistantes, mais la star n\u2019a rien confirm\u00e9 officiellement.<\/li>\n<p><\/p>\n<li><b>Qui est cet homme myst\u00e9rieux ?<\/b> Les noms circulent, mais Myl\u00e8ne garde ses cartes pr\u00e8s de son c\u0153ur.<\/li>\n<p><\/p>\n<li><b>Pourquoi tant de myst\u00e8re ?<\/b> Parce que Myl\u00e8ne Farmer est et restera une \u00e9nigme, et c\u2019est bien ce qu\u2019on adore chez elle.<\/li>\n<p>\n<\/ul>\n<\/p>\n<h2>Quelle est la maladie de Myl\u00e8ne Farmer ?<\/h2>\n<p>Myl\u00e8ne Farmer, cette \u00e9nigme musicale drap\u00e9e de myst\u00e8re, a souvent suscit\u00e9 des interrogations sur sa sant\u00e9. <b>Rumeurs et sp\u00e9culations<\/b> ont couru comme des petits soldats indiscrets, mais la chanteuse a toujours gard\u00e9 un silence quasi-monastique sur le sujet. Certains ont \u00e9voqu\u00e9 des probl\u00e8mes de sant\u00e9 li\u00e9s \u00e0 son rythme de travail effr\u00e9n\u00e9, d\u2019autres ont imagin\u00e9 des maux plus complexes. Pourtant, Myl\u00e8ne Farmer n\u2019a jamais officiellement confirm\u00e9 souffrir d\u2019une maladie sp\u00e9cifique. Son secret bien gard\u00e9 ajoute une couche suppl\u00e9mentaire \u00e0 son personnage, aussi insaisissable qu\u2019une m\u00e9lodie envo\u00fbtante.<\/p>\n<p>Dans un monde o\u00f9 les c\u00e9l\u00e9brit\u00e9s partagent parfois trop, Myl\u00e8ne Farmer pr\u00e9f\u00e8re laisser planer le doute. <b>Son art<\/b>, sombre et po\u00e9tique, semble \u00eatre le seul miroir de son \u00e2me. Si elle a travers\u00e9 des \u00e9preuves de sant\u00e9, elle les a transform\u00e9es en force cr\u00e9atrice, comme en t\u00e9moignent ses textes profonds et ses performances sc\u00e9niques intenses. Alors, maladie ou pas, une chose est s\u00fbre : Myl\u00e8ne Farmer reste une artiste in\u00e9gal\u00e9e, dont le myst\u00e8re fait partie int\u00e9grante de son charisme.<\/p>\n<p><h3>Les questions que vous vous posez (et on y r\u00e9pond !)<\/h3>\n<ul>\n<li><b>Myl\u00e8ne Farmer a-t-elle parl\u00e9 de sa sant\u00e9 publiquement ?<\/b> Non, la chanteuse a toujours pr\u00e9f\u00e9r\u00e9 garder ces d\u00e9tails priv\u00e9s, pr\u00e9f\u00e9rant laisser son art parler pour elle.<\/li>\n<li><b>Y a-t-il des rumeurs sp\u00e9cifiques sur sa maladie ?<\/b> Oui, certaines rumeurs \u00e9voquent des probl\u00e8mes de sant\u00e9 li\u00e9s \u00e0 son style de vie intense, mais rien n\u2019a \u00e9t\u00e9 confirm\u00e9.<\/li>\n<li><b>Comment Myl\u00e8ne Farmer g\u00e8re-t-elle son image malgr\u00e9 ces sp\u00e9culations ?<\/b> Avec une \u00e9l\u00e9gance et une discr\u00e9tion qui renforcent son aura myst\u00e9rieuse, tout simplement.<\/li>\n<\/ul>\n","protected":false},"excerpt":{"rendered":"<p>Est-ce que Myl\u00e8ne Farmer a un enfant ? Myl\u00e8ne Farmer, la reine myst\u00e9rieuse de la chanson fran\u00e7aise, a toujours su cultiver le secret autour de sa vie priv\u00e9e. Alors, quand il s\u2019agit de savoir si elle a un enfant, la r\u00e9ponse est&hellip; non. Aucune trace de maternit\u00e9 dans son parcours, ni dans ses interviews, ni&#8230;<\/p>\n","protected":false},"author":1,"featured_media":7362,"comment_status":"open","ping_status":"","sticky":false,"template":"","format":"standard","meta":{"_kad_post_transparent":"","_kad_post_title":"","_kad_post_layout":"","_kad_post_sidebar_id":"","_kad_post_content_style":"","_kad_post_vertical_padding":"","_kad_post_feature":"","_kad_post_feature_position":"","_kad_post_header":false,"_kad_post_footer":false,"_kad_post_classname":"","iawp_total_views":2,"footnotes":""},"categories":[1],"tags":[],"class_list":["post-7361","post","type-post","status-publish","format-standard","has-post-thumbnail","hentry","category-actualites"],"_links":{"self":[{"href":"https:\/\/www.dmoz.fr\/tendances\/wp-json\/wp\/v2\/posts\/7361","targetHints":{"allow":["GET"]}}],"collection":[{"href":"https:\/\/www.dmoz.fr\/tendances\/wp-json\/wp\/v2\/posts"}],"about":[{"href":"https:\/\/www.dmoz.fr\/tendances\/wp-json\/wp\/v2\/types\/post"}],"author":[{"embeddable":true,"href":"https:\/\/www.dmoz.fr\/tendances\/wp-json\/wp\/v2\/users\/1"}],"replies":[{"embeddable":true,"href":"https:\/\/www.dmoz.fr\/tendances\/wp-json\/wp\/v2\/comments?post=7361"}],"version-history":[{"count":0,"href":"https:\/\/www.dmoz.fr\/tendances\/wp-json\/wp\/v2\/posts\/7361\/revisions"}],"wp:featuredmedia":[{"embeddable":true,"href":"https:\/\/www.dmoz.fr\/tendances\/wp-json\/wp\/v2\/media\/7362"}],"wp:attachment":[{"href":"https:\/\/www.dmoz.fr\/tendances\/wp-json\/wp\/v2\/media?parent=7361"}],"wp:term":[{"taxonomy":"category","embeddable":true,"href":"https:\/\/www.dmoz.fr\/tendances\/wp-json\/wp\/v2\/categories?post=7361"},{"taxonomy":"post_tag","embeddable":true,"href":"https:\/\/www.dmoz.fr\/tendances\/wp-json\/wp\/v2\/tags?post=7361"}],"curies":[{"name":"wp","href":"https:\/\/api.w.org\/{rel}","templated":true}]}}