{"id":7504,"date":"2025-08-20T17:10:02","date_gmt":"2025-08-20T16:10:02","guid":{"rendered":"https:\/\/www.dmoz.fr\/tendances\/philippe-etchebest-taille\/"},"modified":"2025-08-20T17:10:02","modified_gmt":"2025-08-20T16:10:02","slug":"philippe-etchebest-taille","status":"publish","type":"post","link":"https:\/\/www.dmoz.fr\/tendances\/philippe-etchebest-taille\/","title":{"rendered":"D\u00e9couvrez la v\u00e9ritable taille de Philippe Etchebest et ses secrets de r\u00e9ussite"},"content":{"rendered":"<p><\/p>\n<div id='video-container' data-video-id='0YG4IOeZ0eU' style='width:100%; height:auto; max-width:587px; position: relative;'>\n<div class='image-video-plugin' style='background:url(\"https:\/\/img.youtube.com\/vi\/0YG4IOeZ0eU\/0.jpg\") center no-repeat; background-size: cover;'><\/div>\n<p>        <span class='youtube-play-button'><\/span><br \/>\n        <noscript><a href=\"https:\/\/www.youtube.com\/watch?v=0YG4IOeZ0eU\" target=\"_blank\" rel=\"noopener\"><\/a><\/noscript>\n    <\/div>\n<p><\/p>\n<h2>Quelle est la taille de Philippe Etchebest ?<\/h2>\n<p>Philippe Etchebest, ce chef \u00e9toil\u00e9 au caract\u00e8re bien tremp\u00e9 et \u00e0 la pr\u00e9sence aussi imposante que ses plats, mesure <strong>1,88 m\u00e8tre<\/strong>. Une stature qui lui permet de dominer non seulement les cuisines, mais aussi les \u00e9crans de t\u00e9l\u00e9vision avec une aisance d\u00e9concertante. Cette taille, associ\u00e9e \u00e0 son charisme l\u00e9gendaire, en fait une figure incontournable du paysage culinaire fran\u00e7ais. On pourrait presque dire qu\u2019il cuisine aussi haut qu\u2019il est grand, avec des recettes qui montent en fl\u00e8che dans le c\u0153ur des gourmets.<\/p>\n<p>Si la taille de Philippe Etchebest est souvent un sujet de curiosit\u00e9, c\u2019est sans doute parce qu\u2019elle refl\u00e8te parfaitement son personnage : grand, solide et impossible \u00e0 manquer. Que ce soit dans <em>Top Chef<\/em> ou dans son \u00e9mission <em>Cauchemar en cuisine<\/em>, il impose naturellement son autorit\u00e9, sans jamais avoir besoin de monter sur un tabouret. Une taille qui, finalement, semble \u00eatre le parfait ingr\u00e9dient pour un chef aussi embl\u00e9matique.<\/p>\n<p><h3>Questions br\u00fblantes sur la taille du chef Etchebest<\/h3>\n<p><\/p>\n<ul><\/p>\n<li><b>Philippe Etchebest est-il vraiment plus grand que la moyenne ?<\/b> Absolument ! Avec ses 1,88 m, il d\u00e9passe largement la taille moyenne des Fran\u00e7ais, qui est d\u2019environ 1,75 m.<\/li>\n<p><\/p>\n<li><b>Sa taille influence-t-elle son style en cuisine ?<\/b> Pas directement, mais elle ajoute sans conteste \u00e0 son aura de chef autoritaire et charismatique.<\/li>\n<p><\/p>\n<li><b>Est-ce que sa taille est un atout \u00e0 la t\u00e9l\u00e9vision ?<\/b> Sans aucun doute ! Elle renforce sa pr\u00e9sence \u00e0 l\u2019\u00e9cran et contribue \u00e0 son image de leader.<\/li>\n<p>\n<\/ul>\n<\/p>\n<p><h2>Quelle est la maladie de Philippe Etchebest ?<\/h2>\n<p>\nPhilippe Etchebest, ce chef \u00e9toil\u00e9 au franc-parler l\u00e9gendaire et au charisme aussi tranchant que ses couteaux, a r\u00e9cemment \u00e9voqu\u00e9 un sujet plus s\u00e9rieux que ses habituelles critiques culinaires : sa sant\u00e9. Le c\u00e9l\u00e8bre jur\u00e9 de <em>Top Chef<\/em> a r\u00e9v\u00e9l\u00e9 souffrir d\u2019une <strong>apn\u00e9e du sommeil<\/strong>, un trouble qui, loin d\u2019\u00eatre une blague, peut s\u00e9rieusement impacter la qualit\u00e9 de vie. Imaginez : un homme qui respire la passion pour la gastronomie, mais dont la respiration nocturne fait des pauses malvenues. Ironie du sort pour quelqu\u2019un qui passe sa vie \u00e0 inspirer les autres !<\/p>\n<p>L\u2019apn\u00e9e du sommeil, caract\u00e9ris\u00e9e par des interruptions r\u00e9p\u00e9t\u00e9es de la respiration pendant la nuit, n\u2019est pas une maladie \u00e0 prendre \u00e0 la l\u00e9g\u00e8re. Elle peut entra\u00eener fatigue chronique, troubles de la concentration et m\u00eame des risques cardiovasculaires. Philippe Etchebest a choisi de partager son exp\u00e9rience pour sensibiliser le public \u00e0 cette pathologie souvent sous-estim\u00e9e. Car oui, m\u00eame les chefs \u00e9toil\u00e9s ont leurs faiblesses, et parfois, elles se cachent sous la couette plut\u00f4t que dans la casserole.<\/p>\n<p><h3>Questions br\u00fblantes sur la sant\u00e9 de Philippe Etchebest<\/h3>\n<p><\/p>\n<ul><\/p>\n<li><b>Quels sont les sympt\u00f4mes de l\u2019apn\u00e9e du sommeil ?<\/b> Ronflements, r\u00e9veils fr\u00e9quents et somnolence diurne sont les signes les plus courants.<\/li>\n<p><\/p>\n<li><b>Comment Philippe Etchebest g\u00e8re-t-il sa maladie ?<\/b> Il utilise un appareil \u00e0 pression positive continue (PPC) pour maintenir ses voies respiratoires ouvertes pendant son sommeil.<\/li>\n<p><\/p>\n<li><b>L\u2019apn\u00e9e du sommeil est-elle fr\u00e9quente ?<\/b> Oui, elle touche environ 5 \u00e0 10 % de la population, mais beaucoup de cas restent non diagnostiqu\u00e9s.<\/li>\n<p><\/p>\n<li><b>Peut-on pr\u00e9venir cette maladie ?<\/b> Adopter un mode de vie sain, \u00e9viter l\u2019alcool et le tabac, et maintenir un poids \u00e9quilibr\u00e9 peuvent r\u00e9duire les risques.<\/li>\n<p>\n<\/ul>\n<\/p>\n<p><h2>Quel est le salaire de Philippe Etchebest ?<\/h2>\n<p>\nPhilippe Etchebest, ce chef \u00e9toil\u00e9 au caract\u00e8re bien tremp\u00e9 et \u00e0 la toque l\u00e9gendaire, ne se contente pas de mitonner des plats sublimes. Il mijote \u00e9galement une carri\u00e8re florissante qui lui permet de garnir son compte en banque avec \u00e9l\u00e9gance. <strong>Estim\u00e9 entre 2 et 3 millions d\u2019euros par an<\/strong>, son salaire est \u00e0 la hauteur de son talent et de son influence dans le monde culinaire. Entre ses restaurants gastronomiques, ses \u00e9missions t\u00e9l\u00e9vis\u00e9es, ses livres et ses collaborations, Philippe Etchebest a su transformer sa passion en un v\u00e9ritable empire. Pas mal pour un homme qui a commenc\u00e9 comme apprenti cuisinier !<\/p>\n<p>Mais attention, derri\u00e8re ce chiffre impressionnant se cache un travail acharn\u00e9. Philippe Etchebest ne compte pas ses heures, que ce soit derri\u00e8re les fourneaux ou devant les cam\u00e9ras. <strong>Son salaire refl\u00e8te non seulement son expertise culinaire, mais aussi son sens aigu des affaires et son charisme m\u00e9diatique.<\/strong> Entre \u00ab Cauchemar en cuisine \u00bb et \u00ab Top Chef \u00bb, il a su s\u00e9duire le public tout en restant fid\u00e8le \u00e0 ses valeurs. Un m\u00e9lange savoureux qui fait de lui l\u2019un des chefs les mieux pay\u00e9s de France.<\/p>\n<p><h3>Curieux d\u2019en savoir plus ? Voici quelques r\u00e9ponses croustillantes<\/h3>\n<p>\n<b>D\u2019o\u00f9 vient l\u2019essentiel de ses revenus ?<\/b><br \/>\nPhilippe Etchebest diversifie ses sources de revenus comme il varie ses recettes : restaurants, t\u00e9l\u00e9vision, livres, partenariats\u2026 Un vrai festin financier !<\/p>\n<p>[aib_post_related url=&rsquo;\/tendances\/la-malediction-de-la-dame-blanche\/&rsquo; title=&rsquo;La mal\u00e9diction de la dame blanche : d\u00e9couvrez la v\u00e9rit\u00e9 derri\u00e8re ce myst\u00e8re terrifiant !&rsquo; relatedtext=&rsquo;Vous pourriez \u00e9galement \u00eatre int\u00e9ress\u00e9 par:&rsquo;]<\/p>\n<p><b>Est-il le chef le mieux pay\u00e9 de France ?<\/b><br \/>\nIl figure sans doute parmi les mieux pay\u00e9s, mais la concurrence est rude avec des noms comme Alain Ducasse ou Guy Savoy. Chacun a sa recette secr\u00e8te pour r\u00e9ussir !<\/p>\n<p><b>Comment a-t-il construit sa fortune ?<\/b><br \/>\nAvec une pinc\u00e9e de talent, une bonne dose de travail et un zeste de m\u00e9diatisation, Philippe Etchebest a su transformer sa passion en succ\u00e8s. Un vrai mod\u00e8le d\u2019entrepreneuriat culinaire.<\/p>\n<h2>Combien d&rsquo;enfants Philippe Etchebest a-t-il ?<\/h2>\n<p>[aib_post_related url=&rsquo;\/tendances\/kelly-massol\/&rsquo; title=&rsquo;Kelly massol : la r\u00e9v\u00e9lation qui va bouleverser votre vision de l&#039;art contemporain&rsquo; relatedtext=&rsquo;Vous pourriez \u00e9galement \u00eatre int\u00e9ress\u00e9 par:&rsquo;]<\/p>\n<p><h2>Combien d&rsquo;enfants Philippe Etchebest a-t-il ?<\/h2>\n<p><\/p>\n<p>Philippe Etchebest, ce chef \u00e9toil\u00e9 au caract\u00e8re bien tremp\u00e9 et \u00e0 la toque l\u00e9gendaire, est \u00e9galement un papa combl\u00e9. <strong>Il est le fier p\u00e8re de deux enfants<\/strong>, un fils et une fille, qui semblent avoir h\u00e9rit\u00e9 de son \u00e9nergie d\u00e9bordante. Loin des fourneaux et des cam\u00e9ras, le c\u00e9l\u00e8bre jur\u00e9 de <em>Top Chef<\/em> consacre une partie de son temps \u00e0 sa famille, un aspect de sa vie qu\u2019il ch\u00e9rit profond\u00e9ment. Bien qu\u2019il soit discret sur ce sujet, quelques rares interviews laissent entrevoir un homme attach\u00e9 \u00e0 ses racines et \u00e0 son r\u00f4le de p\u00e8re. <\/p>\n<\/p>\n<p><b>Ses enfants, bien qu\u2019\u00e9loign\u00e9s des projecteurs<\/b>, semblent avoir grandi dans un univers o\u00f9 la passion culinaire est omnipr\u00e9sente. On peut imaginer des d\u00eeners familiaux o\u00f9 les recettes de papa sont test\u00e9es et approuv\u00e9es avec enthousiasme. Philippe Etchebest, avec son franc-parler et son humour bien connu, est sans doute un p\u00e8re qui transmet ses valeurs avec la m\u00eame intensit\u00e9 qu\u2019il met dans ses plats. Une famille o\u00f9 l\u2019amour et la bonne cuisine se partagent \u00e0 pleines mains, quoi de plus savoureux ?<\/p>\n<p>[aib_post_related url=&rsquo;\/tendances\/lola-dumenil-cge\/&rsquo; title=&rsquo;Lola dumenil \u00e7ge : la r\u00e9v\u00e9lation artistique qui bouscule les codes !&rsquo; relatedtext=&rsquo;Vous pourriez \u00e9galement \u00eatre int\u00e9ress\u00e9 par:&rsquo;]<\/p>\n<p><h3>Questions que vous vous posez (et auxquelles on r\u00e9pond avec plaisir)<\/h3>\n<p><\/p>\n<ul><\/p>\n<li><b>Quels sont les pr\u00e9noms des enfants de Philippe Etchebest ?<\/b> Le chef pr\u00e9f\u00e8re garder leur intimit\u00e9, mais il a mentionn\u00e9 avoir un fils et une fille.<\/li>\n<p><\/p>\n<li><b>Est-ce que ses enfants suivent ses pas dans la cuisine ?<\/b> Pour l\u2019instant, rien n\u2019indique qu\u2019ils se lancent dans la gastronomie, mais qui sait ce que l\u2019avenir r\u00e9serve ?<\/li>\n<p><\/p>\n<li><b>Comment Philippe Etchebest concilie-t-il sa carri\u00e8re et sa vie de famille ?<\/b> Malgr\u00e9 un emploi du temps charg\u00e9, il accorde une grande importance \u00e0 ses moments en famille.<\/li>\n<p>\n<\/ul><\/p>\n","protected":false},"excerpt":{"rendered":"<p>Quelle est la taille de Philippe Etchebest ? Philippe Etchebest, ce chef \u00e9toil\u00e9 au caract\u00e8re bien tremp\u00e9 et \u00e0 la pr\u00e9sence aussi imposante que ses plats, mesure 1,88 m\u00e8tre. Une stature qui lui permet de dominer non seulement les cuisines, mais aussi les \u00e9crans de t\u00e9l\u00e9vision avec une aisance d\u00e9concertante. Cette taille, associ\u00e9e \u00e0 son&#8230;<\/p>\n","protected":false},"author":1,"featured_media":7505,"comment_status":"open","ping_status":"","sticky":false,"template":"","format":"standard","meta":{"_kad_post_transparent":"","_kad_post_title":"","_kad_post_layout":"","_kad_post_sidebar_id":"","_kad_post_content_style":"","_kad_post_vertical_padding":"","_kad_post_feature":"","_kad_post_feature_position":"","_kad_post_header":false,"_kad_post_footer":false,"_kad_post_classname":"","iawp_total_views":60,"footnotes":""},"categories":[1],"tags":[],"class_list":["post-7504","post","type-post","status-publish","format-standard","has-post-thumbnail","hentry","category-actualites"],"_links":{"self":[{"href":"https:\/\/www.dmoz.fr\/tendances\/wp-json\/wp\/v2\/posts\/7504","targetHints":{"allow":["GET"]}}],"collection":[{"href":"https:\/\/www.dmoz.fr\/tendances\/wp-json\/wp\/v2\/posts"}],"about":[{"href":"https:\/\/www.dmoz.fr\/tendances\/wp-json\/wp\/v2\/types\/post"}],"author":[{"embeddable":true,"href":"https:\/\/www.dmoz.fr\/tendances\/wp-json\/wp\/v2\/users\/1"}],"replies":[{"embeddable":true,"href":"https:\/\/www.dmoz.fr\/tendances\/wp-json\/wp\/v2\/comments?post=7504"}],"version-history":[{"count":0,"href":"https:\/\/www.dmoz.fr\/tendances\/wp-json\/wp\/v2\/posts\/7504\/revisions"}],"wp:featuredmedia":[{"embeddable":true,"href":"https:\/\/www.dmoz.fr\/tendances\/wp-json\/wp\/v2\/media\/7505"}],"wp:attachment":[{"href":"https:\/\/www.dmoz.fr\/tendances\/wp-json\/wp\/v2\/media?parent=7504"}],"wp:term":[{"taxonomy":"category","embeddable":true,"href":"https:\/\/www.dmoz.fr\/tendances\/wp-json\/wp\/v2\/categories?post=7504"},{"taxonomy":"post_tag","embeddable":true,"href":"https:\/\/www.dmoz.fr\/tendances\/wp-json\/wp\/v2\/tags?post=7504"}],"curies":[{"name":"wp","href":"https:\/\/api.w.org\/{rel}","templated":true}]}}