{"id":7522,"date":"2025-08-21T02:22:45","date_gmt":"2025-08-21T01:22:45","guid":{"rendered":"https:\/\/www.dmoz.fr\/tendances\/black-gil\/"},"modified":"2025-08-21T02:22:45","modified_gmt":"2025-08-21T01:22:45","slug":"black-gil","status":"publish","type":"post","link":"https:\/\/www.dmoz.fr\/tendances\/black-gil\/","title":{"rendered":""},"content":{"rendered":"<p><\/p>\n<div id='video-container' data-video-id='Rd4O9IfdFlM' style='width:100%; height:auto; max-width:587px; position: relative;'>\n<div class='image-video-plugin' style='background:url(\"https:\/\/img.youtube.com\/vi\/Rd4O9IfdFlM\/0.jpg\") center no-repeat; background-size: cover;'><\/div>\n<p>        <span class='youtube-play-button'><\/span><br \/>\n        <noscript><a href=\"https:\/\/www.youtube.com\/watch?v=Rd4O9IfdFlM\" target=\"_blank\" rel=\"noopener\"><\/a><\/noscript>\n    <\/div>\n<p><\/p>\n<p><h2>Black Gil<\/h2>\n<p><\/p>\n<p>Le <strong>Black Gil<\/strong>, ce nom qui r\u00e9sonne comme une l\u00e9gende urbaine dans l\u2019univers des accessoires de luxe, est bien plus qu\u2019un simple objet. C\u2019est une d\u00e9claration, un symbole d\u2019\u00e9l\u00e9gance audacieuse et de sophistication brute. Imaginez un accessoire qui fusionne le minimalisme moderne avec un charisme irr\u00e9sistible, le tout envelopp\u00e9 dans un noir profond qui semble absorber la lumi\u00e8re. Le <strong>Black Gil<\/strong> n\u2019est pas juste un choix, c\u2019est une exp\u00e9rience. Que ce soit pour sublimer votre tenue ou pour affirmer votre style unique, il s\u2019impose comme un incontournable pour ceux qui osent se d\u00e9marquer sans crier. Et attention, une fois que vous l\u2019avez adopt\u00e9, il y a peu de chances que vous puissiez vous en passer.<\/p>\n<\/p>\n<p>[aib_post_related url=&rsquo;\/tendances\/forcez-votre-destin-pdf-gratuit\/&rsquo; title=&rsquo;Forcez votre destin : t\u00e9l\u00e9chargez le pdf gratuit qui change tout !&rsquo; relatedtext=&rsquo;Vous pourriez \u00e9galement \u00eatre int\u00e9ress\u00e9 par:&rsquo;]<\/p>\n<p>Mais qu\u2019est-ce qui rend le <b>Black Gil<\/b> si sp\u00e9cial ? D\u2019abord, son design, d\u2019une simplicit\u00e9 presque provocante, cache une attention aux d\u00e9tails qui fr\u00f4le l\u2019obsession. Chaque courbe, chaque mat\u00e9riau est soigneusement choisi pour offrir une exp\u00e9rience tactile et visuelle sans pareille. Ensuite, sa polyvalence : que vous soyez en costume trois pi\u00e8ces ou en jean et baskets, le <b>Black Gil<\/b> s\u2019int\u00e8gre parfaitement, ajoutant une touche d\u2019\u00e9l\u00e9gance sans effort. Et enfin, son aura. Oui, vous avez bien lu, le <b>Black Gil<\/b> a une aura. Il attire les regards, suscite les questions et, surtout, inspire l\u2019admiration. Si vous cherchez \u00e0 faire une entr\u00e9e remarqu\u00e9e, c\u2019est votre alli\u00e9 id\u00e9al.<\/p>\n<p>[aib_post_related url=&rsquo;\/tendances\/lydia-hadjara\/&rsquo; title=&rsquo;Lydia Hadjara : l&#039;artiste qui red\u00e9finit les fronti\u00e8res de la cr\u00e9ativit\u00e9&rsquo; relatedtext=&rsquo;Vous pourriez \u00e9galement \u00eatre int\u00e9ress\u00e9 par:&rsquo;]<\/p>\n<h3>Vos questions, nos r\u00e9ponses : tout sur le Black Gil<\/h3>\n<p><\/p>\n<ul><\/p>\n<li><b>Le Black Gil est-il adapt\u00e9 \u00e0 tous les styles ?<\/b> Absolument ! Que vous soyez adepte du classique, du streetwear ou de l\u2019extravagance, il s\u2019adapte \u00e0 votre personnalit\u00e9.<\/li>\n<p><\/p>\n<li><b>Comment entretenir mon Black Gil ?<\/b> Un chiffon doux et un peu d\u2019amour suffisent \u00e0 pr\u00e9server son \u00e9clat et sa long\u00e9vit\u00e9.<\/li>\n<p><\/p>\n<li><b>Est-ce un investissement qui vaut le coup ?<\/b> Sans h\u00e9sitation. Le <strong>Black Gil<\/strong> est bien plus qu\u2019un accessoire, c\u2019est un compagnon de style pour la vie.<\/li>\n<p>\n<\/ul><\/p>\n","protected":false},"excerpt":{"rendered":"<p>Black Gil Le Black Gil, ce nom qui r\u00e9sonne comme une l\u00e9gende urbaine dans l\u2019univers des accessoires de luxe, est bien plus qu\u2019un simple objet. C\u2019est une d\u00e9claration, un symbole d\u2019\u00e9l\u00e9gance audacieuse et de sophistication brute. Imaginez un accessoire qui fusionne le minimalisme moderne avec un charisme irr\u00e9sistible, le tout envelopp\u00e9 dans un noir profond&#8230;<\/p>\n","protected":false},"author":1,"featured_media":7523,"comment_status":"open","ping_status":"","sticky":false,"template":"","format":"standard","meta":{"_kad_post_transparent":"","_kad_post_title":"","_kad_post_layout":"","_kad_post_sidebar_id":"","_kad_post_content_style":"","_kad_post_vertical_padding":"","_kad_post_feature":"","_kad_post_feature_position":"","_kad_post_header":false,"_kad_post_footer":false,"_kad_post_classname":"","iawp_total_views":0,"footnotes":""},"categories":[1],"tags":[],"class_list":["post-7522","post","type-post","status-publish","format-standard","has-post-thumbnail","hentry","category-actualites"],"_links":{"self":[{"href":"https:\/\/www.dmoz.fr\/tendances\/wp-json\/wp\/v2\/posts\/7522","targetHints":{"allow":["GET"]}}],"collection":[{"href":"https:\/\/www.dmoz.fr\/tendances\/wp-json\/wp\/v2\/posts"}],"about":[{"href":"https:\/\/www.dmoz.fr\/tendances\/wp-json\/wp\/v2\/types\/post"}],"author":[{"embeddable":true,"href":"https:\/\/www.dmoz.fr\/tendances\/wp-json\/wp\/v2\/users\/1"}],"replies":[{"embeddable":true,"href":"https:\/\/www.dmoz.fr\/tendances\/wp-json\/wp\/v2\/comments?post=7522"}],"version-history":[{"count":0,"href":"https:\/\/www.dmoz.fr\/tendances\/wp-json\/wp\/v2\/posts\/7522\/revisions"}],"wp:featuredmedia":[{"embeddable":true,"href":"https:\/\/www.dmoz.fr\/tendances\/wp-json\/wp\/v2\/media\/7523"}],"wp:attachment":[{"href":"https:\/\/www.dmoz.fr\/tendances\/wp-json\/wp\/v2\/media?parent=7522"}],"wp:term":[{"taxonomy":"category","embeddable":true,"href":"https:\/\/www.dmoz.fr\/tendances\/wp-json\/wp\/v2\/categories?post=7522"},{"taxonomy":"post_tag","embeddable":true,"href":"https:\/\/www.dmoz.fr\/tendances\/wp-json\/wp\/v2\/tags?post=7522"}],"curies":[{"name":"wp","href":"https:\/\/api.w.org\/{rel}","templated":true}]}}