{"id":7558,"date":"2025-08-21T22:15:13","date_gmt":"2025-08-21T21:15:13","guid":{"rendered":"https:\/\/www.dmoz.fr\/tendances\/aux-ames-bien-nees-la-valeur-nattend\/"},"modified":"2025-08-21T22:15:13","modified_gmt":"2025-08-21T21:15:13","slug":"aux-ames-bien-nees-la-valeur-nattend","status":"publish","type":"post","link":"https:\/\/www.dmoz.fr\/tendances\/aux-ames-bien-nees-la-valeur-nattend\/","title":{"rendered":"Aux \u00e2mes bien n\u00e9es, la valeur n\u2019attend : d\u00e9couvrez le secret intemporel"},"content":{"rendered":"<p><\/p>\n<div id='video-container' data-video-id='NNzLN-auN-0' style='width:100%; height:auto; max-width:587px; position: relative;'>\n<div class='image-video-plugin' style='background:url(\"https:\/\/img.youtube.com\/vi\/NNzLN-auN-0\/0.jpg\") center no-repeat; background-size: cover;'><\/div>\n<p>        <span class='youtube-play-button'><\/span><br \/>\n        <noscript><a href=\"https:\/\/www.youtube.com\/watch?v=NNzLN-auN-0\" target=\"_blank\" rel=\"noopener\"><\/a><\/noscript>\n    <\/div>\n<p><\/p>\n<h2>Qui est l&rsquo;auteur de la citation \u00ab\u00a0Aux \u00e2mes bien n\u00e9es, la valeur n&rsquo;attend point le nombre d&rsquo;ann\u00e9es\u00a0\u00bb ?<\/h2>\n<p>Ah, cette citation ! Une p\u00e9pite de sagesse qui r\u00e9sonne comme un coup de baguette magique dans l\u2019esprit des curieux. L\u2019auteur de cette phrase, aussi profonde qu\u2019un abysse et aussi \u00e9l\u00e9gante qu\u2019un tango argentin, n\u2019est autre que <b>Pierre Corneille<\/b>. Oui, ce g\u00e9ant du th\u00e9\u00e2tre fran\u00e7ais du XVIIe si\u00e8cle, celui qui a donn\u00e9 vie \u00e0 des personnages aussi dramatiques qu\u2019un ciel d\u2019orage. Cette phrase est tir\u00e9e de sa pi\u00e8ce <i>Le Cid<\/i>, un chef-d\u2019\u0153uvre o\u00f9 l\u2019honneur, l\u2019amour et la jeunesse se m\u00ealent dans un ballet de dilemmes et de passions. Corneille, avec son g\u00e9nie, nous rappelle que la valeur d\u2019une personne ne se mesure pas \u00e0 la longueur de sa vie, mais \u00e0 la noblesse de son \u00e2me. Une le\u00e7on intemporelle, servie avec une pointe de panache.<\/p>\n<p>Mais attention, ne vous y trompez pas : si cette citation semble l\u00e9g\u00e8re comme une plume, elle est en r\u00e9alit\u00e9 lourde de sens. Corneille, en bon dramaturge, savait comment toucher les c\u0153urs et les esprits. <b>\u00ab\u00a0Aux \u00e2mes bien n\u00e9es, la valeur n&rsquo;attend point le nombre d&rsquo;ann\u00e9es\u00a0\u00bb<\/b> est devenue une maxime souvent reprise pour souligner que le courage et la grandeur ne sont pas l\u2019apanage des vieux sages. Les jeunes, eux aussi, peuvent briller comme des \u00e9toiles filantes dans le ciel de l\u2019histoire. Et c\u2019est peut-\u00eatre l\u00e0 que r\u00e9side toute la magie de Corneille : il nous invite \u00e0 croire en la noblesse de l\u2019\u00e2me, quel que soit l\u2019\u00e2ge de son propri\u00e9taire.<\/p>\n<p><h3>Vous vous posez des questions ? On a les r\u00e9ponses !<\/h3>\n<ul>\n<li><b>Cette citation est-elle toujours d\u2019actualit\u00e9 ?<\/b> Absolument ! Elle r\u00e9sonne encore aujourd\u2019hui, notamment pour valoriser les jeunes talents et leurs initiatives.<\/li>\n<li><b>Dans quel contexte Corneille a-t-il \u00e9crit cette phrase ?<\/b> Elle est prononc\u00e9e par Don Di\u00e8gue dans <i>Le Cid<\/i>, pour encourager son fils Rodrigue \u00e0 agir avec bravoure, malgr\u00e9 son jeune \u00e2ge.<\/li>\n<li><b>Pourquoi cette phrase est-elle si c\u00e9l\u00e8bre ?<\/b> Parce qu\u2019elle r\u00e9sume, en une seule ligne, une v\u00e9rit\u00e9 universelle : la valeur ne se compte pas en ann\u00e9es, mais en actes.<\/li>\n<\/ul>\n<h2>C&rsquo;est quoi une \u00e2me bien n\u00e9e ?<\/h2>\n<p><h2>C&rsquo;est quoi une \u00e2me bien n\u00e9e ?<\/h2>\n<p><\/p>\n<p>Une \u00e2me bien n\u00e9e, c\u2019est un peu comme un croissant au beurre : d\u00e9licat, savoureux et impossible \u00e0 imiter parfaitement. Il s\u2019agit d\u2019une personne dot\u00e9e d\u2019une noblesse de c\u0153ur inn\u00e9e, une sorte de <b>charme naturel<\/b> qui transcende les codes sociaux. Imaginez quelqu\u2019un qui sourit \u00e0 la vie, qui fait preuve de g\u00e9n\u00e9rosit\u00e9 sans calcul et qui semble toujours savoir quoi dire (ou ne pas dire) pour illuminer une pi\u00e8ce. Ce n\u2019est pas une question de naissance aristocratique, mais plut\u00f4t d\u2019une <b>\u00e9l\u00e9gance int\u00e9rieure<\/b> qui se manifeste dans les petits gestes du quotidien.<\/p>\n<\/p>\n<p>Une \u00e2me bien n\u00e9e, c\u2019est aussi celle qui trouve le bonheur dans les choses simples, comme partager un caf\u00e9 avec un ami ou admirer un coucher de soleil. Elle ne se laisse pas emporter par les temp\u00eates de l\u2019ego ou les tourbillons de la vanit\u00e9. Au contraire, elle rayonne par sa <b>sinc\u00e9rit\u00e9<\/b> et sa capacit\u00e9 \u00e0 \u00e9couter sans juger. En somme, c\u2019est une personne qui inspire sans effort, un peu comme une m\u00e9lodie qui vous accompagne toute la journ\u00e9e sans que vous ne sachiez pourquoi. Et si vous en croisez une, gardez-la pr\u00e9cieusement : elles sont rares, comme les bonnes blagues en r\u00e9union de famille.<\/p>\n<p>[aib_post_related url=&rsquo;\/tendances\/samanta-cotta-et-sa-copine\/&rsquo; title=&rsquo;Samanta Cotta et sa copine : d\u00e9couvrez leur histoire fascinante et inattendue&rsquo; relatedtext=&rsquo;Vous pourriez \u00e9galement \u00eatre int\u00e9ress\u00e9 par:&rsquo;]<\/p>\n<p><h3>Questions que vous vous posez (sans oser les demander)<\/h3>\n<p><\/p>\n<ul><\/p>\n<li><b>Une \u00e2me bien n\u00e9e, est-ce g\u00e9n\u00e9tique ou acquis ?<\/b> Ni l\u2019un ni l\u2019autre, c\u2019est un savant m\u00e9lange de sensibilit\u00e9 et de choix personnels. On na\u00eet peut-\u00eatre avec une pr\u00e9disposition, mais c\u2019est la vie qui sculpte l\u2019\u00e2me.<\/li>\n<p><\/p>\n<li><b>Peut-on devenir une \u00e2me bien n\u00e9e ?<\/b> Absolument ! Cela demande de la bienveillance, de l\u2019\u00e9coute et une bonne dose d\u2019auto-d\u00e9rision. Mais attention, \u00e7a ne se commande pas sur Amazon.<\/li>\n<p><\/p>\n<li><b>Comment reconna\u00eetre une \u00e2me bien n\u00e9e ?<\/b> C\u2019est simple : elle vous fait sentir bien, sans effort. Si vous vous sentez plus l\u00e9ger apr\u00e8s une conversation, c\u2019est probablement le signe que vous en avez crois\u00e9 une.<\/li>\n<p>\n<\/ul>\n<\/p>\n<p><h2>Quelle est la citation la plus c\u00e9l\u00e8bre sur le nombre des ann\u00e9es ?<\/h2>\n<p><\/p>\n<p>Si les ann\u00e9es pouvaient parler, elles nous murmureraient probablement : <b>\u00ab Ce n\u2019est pas le nombre qui compte, mais ce que vous en faites \u00bb<\/b>. Cette phrase, souvent attribu\u00e9e \u00e0 des sages anonymes, r\u00e9sume \u00e0 merveille l\u2019id\u00e9e que le temps n\u2019est qu\u2019un chiffre si l\u2019on oublie de lui donner du sens. Mais la palme de la citation la plus c\u00e9l\u00e8bre sur le sujet revient sans conteste \u00e0 <b>George Bernard Shaw<\/b> avec son c\u00e9l\u00e8bre : <b>\u00ab La jeunesse est une chose merveilleuse. Quel dommage de la gaspiller avec des jeunes. \u00bb<\/b>. Une phrase qui, avec son humour l\u00e9gendaire, nous rappelle que les ann\u00e9es ne sont pas une excuse pour ne pas vivre pleinement, peu importe l\u2019\u00e2ge.<\/p>\n<\/p>\n<p>D\u2019autres esprits brillants ont \u00e9galement marqu\u00e9 cette th\u00e9matique. <b>Marc Aur\u00e8le<\/b>, par exemple, a d\u00e9clar\u00e9 : <b>\u00ab Ne perds pas le reste de ta vie \u00e0 te pr\u00e9occuper du temps pass\u00e9. \u00bb<\/b>. Une mani\u00e8re \u00e9l\u00e9gante de nous rappeler que compter les ann\u00e9es est une chose, mais les vivre en est une autre. Et puis, il y a <b>Gabriel Garc\u00eda M\u00e1rquez<\/b>, qui a \u00e9crit : <b>\u00ab Ce n\u2019est pas vrai que les gens cessent de poursuivre leurs r\u00eaves parce qu\u2019ils vieillissent. Ils vieillissent parce qu\u2019ils cessent de poursuivre leurs r\u00eaves. \u00bb<\/b>. Une citation qui donne \u00e0 r\u00e9fl\u00e9chir sur la mani\u00e8re dont nous mesurons le temps et sur l\u2019importance de ne jamais cesser de r\u00eaver, peu importe le nombre de bougies sur le g\u00e2teau.<\/p>\n<p><h3>Questions qui vous br\u00fblent les l\u00e8vres (et les r\u00e9ponses qui vous apaiseront)<\/h3>\n<p><\/p>\n<ul><\/p>\n<li><b>Pourquoi ces citations sur les ann\u00e9es sont-elles si populaires ?<\/b> Parce qu\u2019elles touchent \u00e0 une v\u00e9rit\u00e9 universelle : le temps est pr\u00e9cieux, mais c\u2019est notre attitude qui lui donne de la valeur.<\/li>\n<p><\/p>\n<li><b>Comment appliquer ces citations dans la vie quotidienne ?<\/b> En arr\u00eatant de compter les ann\u00e9es et en commen\u00e7ant \u00e0 compter les exp\u00e9riences, les rires et les moments inoubliables.<\/li>\n<p><\/p>\n<li><b>Ces citations peuvent-elles nous aider \u00e0 mieux vieillir ?<\/b> Absolument ! Elles nous rappellent que l\u2019\u00e2ge n\u2019est qu\u2019un chiffre, mais que l\u2019esprit, lui, peut rester \u00e9ternellement jeune.<\/li>\n<p>\n<\/ul>\n<\/p>\n<h2>Quelle est la valeur qui n&rsquo;attend pas le nombre d&rsquo;ann\u00e9es ?<\/h2>\n<p>La valeur qui n\u2019attend pas le nombre d\u2019ann\u00e9es, c\u2019est <strong>l\u2019audace<\/strong>. Cette qualit\u00e9, souvent r\u00e9serv\u00e9e aux jeunes esprits insouciants, ne se mesure pas \u00e0 l\u2019aune des ann\u00e9es v\u00e9cues, mais \u00e0 la capacit\u00e9 de saisir les opportunit\u00e9s sans tergiverser. Que vous ayez 20 ans ou 60 ans, l\u2019audace reste cette \u00e9tincelle qui vous pousse \u00e0 franchir les limites, \u00e0 oser l\u2019inconnu et \u00e0 d\u00e9fier les conventions. Elle ne vieillit pas, elle ne se fane pas, elle ne se range jamais dans un tiroir poussi\u00e9reux. <strong>L\u2019audace, c\u2019est l\u2019\u00e9nergie vitale qui fait bouger le monde<\/strong>, peu importe le nombre de bougies sur votre g\u00e2teau d\u2019anniversaire.<\/p>\n<p>Pourtant, on a souvent tendance \u00e0 associer la sagesse \u00e0 l\u2019\u00e2ge, comme si l\u2019exp\u00e9rience devait n\u00e9cessairement rimer avec prudence. Mais <strong>l\u2019audace, elle, n\u2019a pas besoin de permission<\/strong>. Elle est cette force qui permet \u00e0 un jeune entrepreneur de lancer son entreprise sans garantie de succ\u00e8s, ou \u00e0 un retrait\u00e9 de se lancer dans un tour du monde en solitaire. Elle ne se pr\u00e9occupe pas du temps qui passe, mais de l\u2019instant pr\u00e9sent. Alors, que vous soyez en train de r\u00eaver \u00e0 votre prochain projet ou de repenser votre vie, rappelez-vous : <strong>l\u2019audace est la seule valeur qui ne prend pas de rides<\/strong>.<\/p>\n<p>[aib_post_related url=&rsquo;\/tendances\/ex-de-melanie-dedigama\/&rsquo; title=&rsquo;Ex de m\u00e9lanie dedigama : d\u00e9couvrez les secrets de son succ\u00e8s !&rsquo; relatedtext=&rsquo;Vous pourriez \u00e9galement \u00eatre int\u00e9ress\u00e9 par:&rsquo;]<\/p>\n<p><h3>Questions br\u00fblantes sur l\u2019audace<\/h3>\n<p><\/p>\n<ul><\/p>\n<li><b>L\u2019audace, est-ce r\u00e9serv\u00e9 aux jeunes ?<\/b> Absolument pas ! L\u2019audace est une question de mindset, pas de date de naissance. Que vous ayez 18 ou 80 ans, elle est \u00e0 port\u00e9e de main.<\/li>\n<p><\/p>\n<li><b>Comment cultiver son audace au quotidien ?<\/b> Commencez par sortir de votre zone de confort, m\u00eame dans les petites choses. Osez dire &ldquo;oui&rdquo; \u00e0 des opportunit\u00e9s inattendues et &ldquo;non&rdquo; \u00e0 ce qui ne vous inspire plus.<\/li>\n<p><\/p>\n<li><b>L\u2019audace peut-elle \u00eatre risqu\u00e9e ?<\/b> Bien s\u00fbr, mais c\u2019est pr\u00e9cis\u00e9ment ce qui la rend pr\u00e9cieuse. Sans risque, pas de r\u00e9compense. Alors, pr\u00eat \u00e0 jouer le jeu ?<\/li>\n<p>\n<\/ul><\/p>\n","protected":false},"excerpt":{"rendered":"<p>Qui est l&rsquo;auteur de la citation \u00ab\u00a0Aux \u00e2mes bien n\u00e9es, la valeur n&rsquo;attend point le nombre d&rsquo;ann\u00e9es\u00a0\u00bb ? Ah, cette citation ! Une p\u00e9pite de sagesse qui r\u00e9sonne comme un coup de baguette magique dans l\u2019esprit des curieux. L\u2019auteur de cette phrase, aussi profonde qu\u2019un abysse et aussi \u00e9l\u00e9gante qu\u2019un tango argentin, n\u2019est autre que&#8230;<\/p>\n","protected":false},"author":1,"featured_media":7559,"comment_status":"open","ping_status":"","sticky":false,"template":"","format":"standard","meta":{"_kad_post_transparent":"","_kad_post_title":"","_kad_post_layout":"","_kad_post_sidebar_id":"","_kad_post_content_style":"","_kad_post_vertical_padding":"","_kad_post_feature":"","_kad_post_feature_position":"","_kad_post_header":false,"_kad_post_footer":false,"_kad_post_classname":"","iawp_total_views":18,"footnotes":""},"categories":[1],"tags":[],"class_list":["post-7558","post","type-post","status-publish","format-standard","has-post-thumbnail","hentry","category-actualites"],"_links":{"self":[{"href":"https:\/\/www.dmoz.fr\/tendances\/wp-json\/wp\/v2\/posts\/7558","targetHints":{"allow":["GET"]}}],"collection":[{"href":"https:\/\/www.dmoz.fr\/tendances\/wp-json\/wp\/v2\/posts"}],"about":[{"href":"https:\/\/www.dmoz.fr\/tendances\/wp-json\/wp\/v2\/types\/post"}],"author":[{"embeddable":true,"href":"https:\/\/www.dmoz.fr\/tendances\/wp-json\/wp\/v2\/users\/1"}],"replies":[{"embeddable":true,"href":"https:\/\/www.dmoz.fr\/tendances\/wp-json\/wp\/v2\/comments?post=7558"}],"version-history":[{"count":0,"href":"https:\/\/www.dmoz.fr\/tendances\/wp-json\/wp\/v2\/posts\/7558\/revisions"}],"wp:featuredmedia":[{"embeddable":true,"href":"https:\/\/www.dmoz.fr\/tendances\/wp-json\/wp\/v2\/media\/7559"}],"wp:attachment":[{"href":"https:\/\/www.dmoz.fr\/tendances\/wp-json\/wp\/v2\/media?parent=7558"}],"wp:term":[{"taxonomy":"category","embeddable":true,"href":"https:\/\/www.dmoz.fr\/tendances\/wp-json\/wp\/v2\/categories?post=7558"},{"taxonomy":"post_tag","embeddable":true,"href":"https:\/\/www.dmoz.fr\/tendances\/wp-json\/wp\/v2\/tags?post=7558"}],"curies":[{"name":"wp","href":"https:\/\/api.w.org\/{rel}","templated":true}]}}