{"id":7564,"date":"2025-08-22T01:16:42","date_gmt":"2025-08-22T00:16:42","guid":{"rendered":"https:\/\/www.dmoz.fr\/tendances\/sophie-jovillard-mari\/"},"modified":"2025-08-22T01:16:42","modified_gmt":"2025-08-22T00:16:42","slug":"sophie-jovillard-mari","status":"publish","type":"post","link":"https:\/\/www.dmoz.fr\/tendances\/sophie-jovillard-mari\/","title":{"rendered":"Sophie jovillard mari : d\u00e9couvrez l\u2019homme derri\u00e8re la c\u00e9l\u00e8bre pr\u00e9sentatrice"},"content":{"rendered":"<p><\/p>\n<div id='video-container' data-video-id='3Rm3ykeI3d4' style='width:100%; height:auto; max-width:587px; position: relative;'>\n<div class='image-video-plugin' style='background:url(\"https:\/\/img.youtube.com\/vi\/3Rm3ykeI3d4\/0.jpg\") center no-repeat; background-size: cover;'><\/div>\n<p>        <span class='youtube-play-button'><\/span><br \/>\n        <noscript><a href=\"https:\/\/www.youtube.com\/watch?v=3Rm3ykeI3d4\" target=\"_blank\" rel=\"noopener\"><\/a><\/noscript>\n    <\/div>\n<p><\/p>\n<h2>Sophie Jovillard a-t-elle des enfants ?<\/h2>\n<p>Sophie Jovillard, l\u2019\u00e9g\u00e9rie des voyages et pr\u00e9sentatrice embl\u00e9matique de l\u2019\u00e9mission <em>\u00c9chapp\u00e9es Belles<\/em>, garde sa vie priv\u00e9e plus secr\u00e8te qu\u2019un tr\u00e9sor enfoui au fond de l\u2019oc\u00e9an. Alors, la question qui taraude les esprits : <strong>a-t-elle des enfants ?<\/strong> Eh bien, ch\u00e8re communaut\u00e9 de curieux, la r\u00e9ponse est\u2026 non. Sophie Jovillard n\u2019a pas d\u2019enfant. Elle semble avoir choisi de consacrer son \u00e9nergie \u00e0 parcourir le globe, nous offrant des r\u00e9cits captivants et des paysages \u00e0 couper le souffle, plut\u00f4t que de se lancer dans l\u2019aventure de la parentalit\u00e9. Et franchement, avec un tel emploi du temps, on la comprend !<\/p>\n<p><b>Mais pourquoi un tel myst\u00e8re autour de sa vie personnelle ?<\/b> C\u2019est simple : Sophie Jovillard pr\u00e9f\u00e8re laisser ses voyages parler pour elle. Elle incarne cette libert\u00e9 sans attaches, cette soif de d\u00e9couverte qui ne laisse gu\u00e8re de place aux poussettes et aux biberons. Si vous esp\u00e9riez des anecdotes sur ses bambins, il va falloir vous contenter de ses r\u00e9cits exotiques et de ses rencontres insolites. Apr\u00e8s tout, ses &ldquo;enfants&rdquo; pourraient bien \u00eatre les innombrables destinations qu\u2019elle a explor\u00e9es et partag\u00e9es avec nous \u00e0 l\u2019\u00e9cran.<\/p>\n<p>[aib_post_related url=&rsquo;\/tendances\/patricia-kaas-analyse-de-sa-silhouette-et-de-son-parcours\/&rsquo; title=&rsquo;Patricia Kaas : analyse de sa silhouette et de son parcours&rsquo; relatedtext=&rsquo;Vous pourriez \u00e9galement \u00eatre int\u00e9ress\u00e9 par:&rsquo;]<\/p>\n<h3>Les questions que vous vous posez (et les r\u00e9ponses que vous m\u00e9ritez)<\/h3>\n<ul>\n<li><b>Sophie Jovillard a-t-elle d\u00e9j\u00e0 \u00e9voqu\u00e9 son d\u00e9sir d\u2019avoir des enfants ?<\/b> Non, elle n\u2019a jamais abord\u00e9 ce sujet publiquement, pr\u00e9f\u00e9rant garder le focus sur ses passions et son m\u00e9tier.<\/li>\n<li><b>Est-elle mari\u00e9e ou en couple ?<\/b> L\u00e0 encore, myst\u00e8re total. Sophie Jovillard reste discr\u00e8te sur sa vie sentimentale, pr\u00e9f\u00e9rant laisser planer le doute.<\/li>\n<li><b>Pourquoi tant de curiosit\u00e9 autour de sa vie priv\u00e9e ?<\/b> Parce que, avouons-le, quand on admire quelqu\u2019un, on veut tout savoir\u2026 m\u00eame si on ne saura probablement jamais tout !<\/li>\n<\/ul>\n<p><h2>Pourquoi Sophie Jovillard a-t-elle toujours un chapeau ?<\/h2>\n<p><\/p>\n<p>Sophie Jovillard, l\u2019\u00e9g\u00e9rie des voyages et des escapades t\u00e9l\u00e9visuelles, arbore son chapeau avec une \u00e9l\u00e9gance qui ne passe jamais inaper\u00e7ue. Mais pourquoi cette accessoire semble-t-il coll\u00e9 \u00e0 son image ? <b>Le chapeau est bien plus qu\u2019un simple accessoire de mode<\/b> pour elle : c\u2019est une signature, un symbole de son esprit aventurier et de son style unique. Que ce soit sous le soleil br\u00fblant du d\u00e9sert ou dans les ruelles ombrag\u00e9es d\u2019un village m\u00e9diterran\u00e9en, Sophie porte son chapeau comme un bouclier contre les \u00e9l\u00e9ments, mais aussi comme une d\u00e9claration d\u2019ind\u00e9pendance. Elle nous rappelle que l\u2019\u00e9l\u00e9gance n\u2019est pas incompatible avec l\u2019exploration, et que m\u00eame en plein trek, on peut rester chic.<\/p>\n<p><\/p>\n<p>Au-del\u00e0 de l\u2019aspect pratique \u2013 parce qu\u2019un chapeau prot\u00e8ge des UV et \u00e9vite les coups de soleil \u2013, cet accessoire est devenu une partie int\u00e9grante de son personnage. <b>Il incarne son charisme et son audace<\/b>, tout en ajoutant une touche de myst\u00e8re \u00e0 sa personnalit\u00e9. Sophie Jovillard ne se contente pas de voyager, elle raconte des histoires, et son chapeau en fait partie. C\u2019est comme si chaque bord de son chapeau avait une anecdote \u00e0 partager, chaque pli une aventure \u00e0 raconter. Alors, quand vous la voyez \u00e0 l\u2019\u00e9cran avec son fid\u00e8le couvre-chef, souvenez-vous : ce n\u2019est pas juste un chapeau, c\u2019est une extension de son \u00e2me voyageuse.<\/p>\n<\/p>\n<p><h3>Les questions que vous vous posez sur le chapeau de Sophie Jovillard<\/h3>\n<p><\/p>\n<ul><\/p>\n<li><b>Quel type de chapeau Sophie Jovillard porte-t-elle ?<\/b> Sophie opte souvent pour des chapeaux \u00e0 larges bords, parfaits pour se prot\u00e9ger du soleil tout en restant styl\u00e9s.<\/li>\n<p><\/p>\n<li><b>Pourquoi est-ce devenu sa marque de fabrique ?<\/b> Parce qu\u2019il refl\u00e8te son esprit aventurier et son go\u00fbt pour l\u2019\u00e9l\u00e9gance, tout en \u00e9tant un accessoire pratique.<\/li>\n<p><\/p>\n<li><b>O\u00f9 trouve-t-elle ses chapeaux ?<\/b> Bien que Sophie ne d\u00e9voile pas ses adresses secr\u00e8tes, on peut supposer qu\u2019elle les choisit avec soin lors de ses voyages \u00e0 travers le monde.<\/li>\n<p>\n<\/ul>\n<\/p>\n<p><h2>O\u00f9 vit Sophie Jovillard ?<\/h2>\n<p>\nSophie Jovillard, la c\u00e9l\u00e8bre globe-trotteuse et pr\u00e9sentatrice de l\u2019\u00e9mission <i>\u00c9chapp\u00e9es belles<\/i>, semble avoir pass\u00e9 sa vie \u00e0 parcourir le monde. Mais o\u00f9 pose-t-elle ses valises quand elle n\u2019est pas en train de filmer des paysages \u00e0 couper le souffle ? <strong>Paris<\/strong>, bien s\u00fbr ! La capitale fran\u00e7aise est son port d\u2019attache, un endroit o\u00f9 elle peut se ressourcer entre deux aventures. Entre les caf\u00e9s typiques, les march\u00e9s anim\u00e9s et les rues pleines de charme, Sophie semble avoir trouv\u00e9 un \u00e9quilibre parfait entre l\u2019effervescence urbaine et la tranquillit\u00e9 dont elle a besoin.<\/p>\n<p>Mais ne vous y trompez pas : m\u00eame si elle vit \u00e0 Paris, Sophie Jovillard reste une nomade dans l\u2019\u00e2me. Son appartement refl\u00e8te probablement ses nombreux voyages, avec des souvenirs ramen\u00e9s des quatre coins du globe. <strong>Des tapis berb\u00e8res, des objets artisanaux asiatiques, des photos de ses escapades<\/strong> \u2013 son int\u00e9rieur doit \u00eatre une v\u00e9ritable invitation au voyage. Et quand elle n\u2019est pas chez elle, elle est s\u00fbrement en train de pr\u00e9parer sa prochaine destination, toujours pr\u00eate \u00e0 repartir explorer le monde.<\/p>\n<p><h3>Questions que vous vous posez s\u00fbrement sur Sophie Jovillard<\/h3>\n<p><\/p>\n<ul><\/p>\n<li><b>Sophie Jovillard vit-elle seule \u00e0 Paris ?<\/b> Elle garde sa vie priv\u00e9e bien discr\u00e8te, mais on imagine qu\u2019elle partage son quotidien avec ses proches et ses souvenirs de voyage.<\/li>\n<p><\/p>\n<li><b>Pourquoi a-t-elle choisi Paris comme r\u00e9sidence principale ?<\/b> La capitale offre un m\u00e9lange unique de culture, de gastronomie et de proximit\u00e9 avec les a\u00e9roports, id\u00e9al pour une voyageuse comme elle.<\/li>\n<p><\/p>\n<li><b>Son appartement ressemble-t-il \u00e0 une auberge espagnole ?<\/b> Sans aucun doute ! Avec ses tr\u00e9sors ramen\u00e9s de ses voyages, son int\u00e9rieur doit \u00eatre un v\u00e9ritable mus\u00e9e personnel.<\/li>\n<p>\n<\/ul>\n<\/p>\n<p><h2>Combien de langues parle Sophie Jovillard ?<\/h2>\n<p>\nSophie Jovillard, cette globe-trotteuse charismatique et pr\u00e9sentatrice hors pair, semble avoir fait de la plan\u00e8te son terrain de jeu linguistique. Mais combien de langues ma\u00eetrise-t-elle vraiment ? Si l\u2019on en croit ses nombreux voyages et ses \u00e9changes \u00e0 l\u2019\u00e9cran, <strong>Sophie parle couramment le fran\u00e7ais<\/strong>, sa langue maternelle, et <strong>l\u2019anglais<\/strong>, qu\u2019elle utilise avec aisance lors de ses reportages internationaux. Son talent pour les langues ne s\u2019arr\u00eate pas l\u00e0 : elle aurait \u00e9galement des notions d\u2019espagnol et d\u2019italien, qu\u2019elle glisse habilement dans ses conversations pour mieux connecter avec les locaux.<\/p>\n<p>Cependant, ne vous attendez pas \u00e0 ce qu\u2019elle soit une polyglotte inv\u00e9t\u00e9r\u00e9e capable de discuter astrophysique en mandarin ou de n\u00e9gocier un tapis en arabe dialectal. Sophie Jovillard pr\u00e9f\u00e8re <strong>pratiquer les langues de mani\u00e8re pragmatique<\/strong>, en les utilisant comme un outil pour enrichir ses rencontres et ses aventures. Apr\u00e8s tout, son vrai talent r\u00e9side dans sa capacit\u00e9 \u00e0 raconter des histoires, qu\u2019elles soient en fran\u00e7ais, en anglais ou avec un soup\u00e7on d\u2019accent italien pour pimenter le tout.<\/p>\n<p>[aib_post_related url=&rsquo;\/tendances\/webcam-chamrousse\/&rsquo; title=&rsquo;D\u00e9couvrez la magie des webcams \u00e0 Chamrousse : plongez au c\u0153ur des Alpes en direct !&rsquo; relatedtext=&rsquo;Vous pourriez \u00e9galement \u00eatre int\u00e9ress\u00e9 par:&rsquo;]<\/p>\n<p><h3>Les langues de Sophie Jovillard : vos questions, nos r\u00e9ponses<\/h3>\n<p>\n<b>Sophie Jovillard parle-t-elle couramment plusieurs langues ?<\/b><br \/>\nOui, elle ma\u00eetrise le fran\u00e7ais et l\u2019anglais avec brio, et poss\u00e8de des bases en espagnol et en italien.<\/p>\n<p><b>Pourquoi apprend-elle des langues \u00e9trang\u00e8res ?<\/b><br \/>\nPour mieux s\u2019immerger dans les cultures locales et rendre ses reportages plus authentiques.<\/p>\n<p>[aib_post_related url=&rsquo;\/tendances\/tsunami-alerte\/&rsquo; title=&rsquo;Tsunami alerte : \u00eates-vous vraiment pr\u00eat \u00e0 faire face \u00e0 l&#039;inattendu ?&rsquo; relatedtext=&rsquo;Vous pourriez \u00e9galement \u00eatre int\u00e9ress\u00e9 par:&rsquo;]<\/p>\n<p><b>Peut-elle tenir une conversation complexe dans toutes ces langues ?<\/b><br \/>\nPas forc\u00e9ment, mais elle sait utiliser ses comp\u00e9tences linguistiques pour cr\u00e9er des liens et capturer l\u2019essence de ses voyages.<\/p>\n<p><b>Est-ce qu\u2019elle apprend d\u2019autres langues actuellement ?<\/b><br \/>\nRien n\u2019est confirm\u00e9, mais avec son amour pour les d\u00e9couvertes, rien ne serait surprenant !<\/p>\n","protected":false},"excerpt":{"rendered":"<p>Sophie Jovillard a-t-elle des enfants ? Sophie Jovillard, l\u2019\u00e9g\u00e9rie des voyages et pr\u00e9sentatrice embl\u00e9matique de l\u2019\u00e9mission \u00c9chapp\u00e9es Belles, garde sa vie priv\u00e9e plus secr\u00e8te qu\u2019un tr\u00e9sor enfoui au fond de l\u2019oc\u00e9an. Alors, la question qui taraude les esprits : a-t-elle des enfants ? Eh bien, ch\u00e8re communaut\u00e9 de curieux, la r\u00e9ponse est\u2026 non. Sophie Jovillard&#8230;<\/p>\n","protected":false},"author":1,"featured_media":7565,"comment_status":"open","ping_status":"","sticky":false,"template":"","format":"standard","meta":{"_kad_post_transparent":"","_kad_post_title":"","_kad_post_layout":"","_kad_post_sidebar_id":"","_kad_post_content_style":"","_kad_post_vertical_padding":"","_kad_post_feature":"","_kad_post_feature_position":"","_kad_post_header":false,"_kad_post_footer":false,"_kad_post_classname":"","iawp_total_views":1,"footnotes":""},"categories":[1],"tags":[],"class_list":["post-7564","post","type-post","status-publish","format-standard","has-post-thumbnail","hentry","category-actualites"],"_links":{"self":[{"href":"https:\/\/www.dmoz.fr\/tendances\/wp-json\/wp\/v2\/posts\/7564","targetHints":{"allow":["GET"]}}],"collection":[{"href":"https:\/\/www.dmoz.fr\/tendances\/wp-json\/wp\/v2\/posts"}],"about":[{"href":"https:\/\/www.dmoz.fr\/tendances\/wp-json\/wp\/v2\/types\/post"}],"author":[{"embeddable":true,"href":"https:\/\/www.dmoz.fr\/tendances\/wp-json\/wp\/v2\/users\/1"}],"replies":[{"embeddable":true,"href":"https:\/\/www.dmoz.fr\/tendances\/wp-json\/wp\/v2\/comments?post=7564"}],"version-history":[{"count":0,"href":"https:\/\/www.dmoz.fr\/tendances\/wp-json\/wp\/v2\/posts\/7564\/revisions"}],"wp:featuredmedia":[{"embeddable":true,"href":"https:\/\/www.dmoz.fr\/tendances\/wp-json\/wp\/v2\/media\/7565"}],"wp:attachment":[{"href":"https:\/\/www.dmoz.fr\/tendances\/wp-json\/wp\/v2\/media?parent=7564"}],"wp:term":[{"taxonomy":"category","embeddable":true,"href":"https:\/\/www.dmoz.fr\/tendances\/wp-json\/wp\/v2\/categories?post=7564"},{"taxonomy":"post_tag","embeddable":true,"href":"https:\/\/www.dmoz.fr\/tendances\/wp-json\/wp\/v2\/tags?post=7564"}],"curies":[{"name":"wp","href":"https:\/\/api.w.org\/{rel}","templated":true}]}}