{"id":7604,"date":"2025-08-22T22:01:48","date_gmt":"2025-08-22T21:01:48","guid":{"rendered":"https:\/\/www.dmoz.fr\/tendances\/fils-du-son\/"},"modified":"2025-08-22T22:01:48","modified_gmt":"2025-08-22T21:01:48","slug":"fils-du-son","status":"publish","type":"post","link":"https:\/\/www.dmoz.fr\/tendances\/fils-du-son\/","title":{"rendered":"Fils du son : d\u00e9couvrez l\u2019h\u00e9ritage musical qui r\u00e9sonne \u00e0 travers les g\u00e9n\u00e9rations"},"content":{"rendered":"<p><\/p>\n<div id='video-container' data-video-id='fiCi9ypdLFM' style='width:100%; height:auto; max-width:587px; position: relative;'>\n<div class='image-video-plugin' style='background:url(\"https:\/\/img.youtube.com\/vi\/fiCi9ypdLFM\/0.jpg\") center no-repeat; background-size: cover;'><\/div>\n<p>        <span class='youtube-play-button'><\/span><br \/>\n        <noscript><a href=\"https:\/\/www.youtube.com\/watch?v=fiCi9ypdLFM\" target=\"_blank\" rel=\"noopener\"><\/a><\/noscript>\n    <\/div>\n<p><\/p>\n<h2>Quel est le programme du Festival Au Fil Du Son 2025 ?<\/h2>\n<p>Le Festival Au Fil Du Son 2025 promet d\u2019\u00eatre une <strong>symphonie d\u2019\u00e9motions<\/strong> o\u00f9 chaque note r\u00e9sonne comme une invitation \u00e0 l\u2019\u00e9vasion. Cette \u00e9dition, plus ambitieuse que jamais, d\u00e9voile un programme aussi riche qu\u2019\u00e9clectique, m\u00ealant <strong>concerts en plein air<\/strong>, <strong>ateliers interactifs<\/strong> et <strong>performances artistiques<\/strong> qui bousculent les conventions. Imaginez des soir\u00e9es o\u00f9 les stars internationales partagent la sc\u00e8ne avec des talents locaux, le tout dans une ambiance chaleureuse et festive. Que vous soyez fan de jazz, de rock, de musique \u00e9lectronique ou de world music, le festival a pr\u00e9vu de quoi ravir vos oreilles et faire danser vos pieds. Et ce n\u2019est pas tout : des <strong>projections cin\u00e9matographiques musicales<\/strong> et des <strong>rencontres avec les artistes<\/strong> ajouteront une touche d\u2019intimit\u00e9 \u00e0 cette exp\u00e9rience unique.<\/p>\n<p>Pour 2025, l\u2019organisation a mis les petits plats dans les grands : des <strong>sc\u00e8nes immersives<\/strong> seront install\u00e9es dans des lieux insolites, transformant la ville en un v\u00e9ritable terrain de jeu musical. Le programme, disponible d\u00e8s maintenant sur le site officiel, d\u00e9taille chaque journ\u00e9e avec pr\u00e9cision, pour que vous puissiez organiser votre escapade sans rien manquer. <strong>\u00c9v\u00e9nements gratuits<\/strong>, <strong>pass VIP<\/strong>, <strong>zones de restauration gourmande<\/strong>\u2026 tout est pens\u00e9 pour que vous viviez une aventure inoubliable. Alors, pr\u00e9parez-vous \u00e0 vibrer au rythme du Festival Au Fil Du Son 2025, o\u00f9 la musique n\u2019est pas seulement \u00e9cout\u00e9e, mais v\u00e9cue.<\/p>\n<p><h3>Vous avez des questions ? On a les r\u00e9ponses !<\/h3>\n<p><\/p>\n<ul><\/p>\n<li><b>O\u00f9 trouver le programme complet ?<\/b> Tout est disponible sur le site officiel du festival, avec des filtres pour faciliter votre recherche.<\/li>\n<p><\/p>\n<li><b>Y a-t-il des \u00e9v\u00e9nements gratuits ?<\/b> Absolument ! Plusieurs concerts et ateliers sont accessibles sans billet.<\/li>\n<p><\/p>\n<li><b>Comment acheter des pass VIP ?<\/b> Les pass sont en vente en ligne, avec des options pour chaque budget.<\/li>\n<p><\/p>\n<li><b>Le festival est-il adapt\u00e9 aux enfants ?<\/b> Oui, des animations sp\u00e9ciales sont pr\u00e9vues pour les plus jeunes.<\/li>\n<p>\n<\/ul>\n<\/p>\n<p><h2>O\u00f9 se trouve le fil du son ?<\/h2>\n<p><\/p>\n<p>Ah, le fameux <b>fil du son<\/b> ! Cette petite merveille technologique qui semble jouer \u00e0 cache-cache d\u00e8s qu\u2019on en a besoin. Vous savez, ce c\u00e2ble discret qui relie votre enceinte \u00e0 votre t\u00e9l\u00e9phone ou votre ordinateur, et qui, sans pr\u00e9venir, d\u00e9cide de se transformer en spaghetti sous votre bureau. G\u00e9n\u00e9ralement, il se trouve l\u00e0 o\u00f9 vous l\u2019avez pos\u00e9 la derni\u00e8re fois, mais comme il a un don pour se camoufler, mieux vaut suivre quelques indices : cherchez pr\u00e8s de votre \u00e9quipement audio, derri\u00e8re votre meuble TV, ou, plus probablement, enroul\u00e9 autour d\u2019un autre c\u00e2ble dans un joyeux d\u00e9sordre. Et si vous ne le trouvez pas, respirez profond\u00e9ment, il r\u00e9appara\u00eetra au moment o\u00f9 vous y penserez le moins.<\/p>\n<\/p>\n<p>Pour les plus organis\u00e9s (ou ceux qui aspirent \u00e0 le devenir), le <b>fil du son<\/b> aime se nicher dans des tiroirs d\u00e9di\u00e9s aux c\u00e2bles, soigneusement rang\u00e9s avec des attaches Velcro. Pour les autres, il pr\u00e9f\u00e8re se lover dans un coin obscur de votre sac \u00e0 dos ou s\u2019entortiller autour de votre chargeur de portable. Conseil d\u2019ami : investissez dans un \u00e9tui ou une bo\u00eete pour vos c\u00e2bles. Non seulement vous retrouverez votre fil du son en un clin d\u2019\u0153il, mais vous \u00e9viterez aussi les n\u0153uds dignes d\u2019un marin en herbe. Et si vous \u00eates du genre \u00e0 perdre tout ce qui est filiforme, optez pour un mod\u00e8le color\u00e9 ou fluorescent \u2013 parce que la vie est trop courte pour chercher un c\u00e2ble noir dans un amas de c\u00e2bles noirs.<\/p>\n<p><h3>Questions qui m\u00e9ritent une r\u00e9ponse (et un peu d\u2019humour)<\/h3>\n<p><\/p>\n<ul><\/p>\n<li><b>Pourquoi mon fil du son dispara\u00eet-il toujours ?<\/b> Parce qu\u2019il a un doctorat en magie et qu\u2019il adore vous tester. Ou peut-\u00eatre parce que vous le rangez n\u2019importe o\u00f9. \u00c0 vous de voir.<\/li>\n<p><\/p>\n<li><b>Existe-t-il un moyen infaillible de le retrouver ?<\/b> Oui, achetez-en trois. Vous en perdrez deux, mais le troisi\u00e8me sera toujours l\u00e0. La loi de Murphy version c\u00e2bles.<\/li>\n<p><\/p>\n<li><b>Le fil du son a-t-il une vie secr\u00e8te ?<\/b> Absolument. La nuit, il organise des r\u00e9unions avec les autres c\u00e2bles pour discuter de la meilleure fa\u00e7on de se cacher. C\u2019est un complot, je vous dis.<\/li>\n<p>\n<\/ul>\n<\/p>\n<p><h2>Quelle est la programmation du festival AU FIL DU SON ?<\/h2>\n<p><\/p>\n<p>Le festival <strong>AU FIL DU SON<\/strong> est une symphonie d\u2019artistes, de genres et d\u2019\u00e9motions qui se d\u00e9ploie comme une partition bien orchestr\u00e9e. Imaginez une sc\u00e8ne o\u00f9 se succ\u00e8dent des talents locaux, des stars internationales et des d\u00e9couvertes musicales qui font vibrer l\u2019air d\u2019une \u00e9nergie contagieuse. <strong>Jazz, rock, \u00e9lectro, world music<\/strong> : chaque jour est une nouvelle aventure sonore, o\u00f9 les m\u00e9lomanes et les curieux trouvent leur bonheur. Les organisateurs ont soigneusement tiss\u00e9 un programme qui m\u00eale grands noms et p\u00e9pites \u00e9mergentes, offrant une exp\u00e9rience aussi \u00e9clectique qu\u2019inoubliable. Pr\u00e9parez-vous \u00e0 danser, r\u00eaver et vivre des moments uniques au rythme des performances.<\/p>\n<\/p>\n<p>Pour ne rien manquer, le festival propose des <b>horaire d\u00e9taill\u00e9s<\/b> disponibles sur son site officiel, ainsi qu\u2019une application mobile pour suivre les temps forts en temps r\u00e9el. Des concerts en plein air aux sessions intimistes, en passant par des ateliers interactifs, chaque moment est pens\u00e9 pour cr\u00e9er une immersion totale. Et si vous vous demandez comment choisir entre deux artistes qui jouent en m\u00eame temps, pas de panique : les organisateurs ont pr\u00e9vu des <b>replay acoustiques<\/b> pour ceux qui veulent tout vivre (ou presque). Avec une programmation aussi riche, le seul vrai d\u00e9fi sera de trouver le temps de dormir !<\/p>\n<p><h3>Vous avez des questions ? On a les r\u00e9ponses !<\/h3>\n<p><\/p>\n<ul><\/p>\n<li><b>Quels sont les artistes phares cette ann\u00e9e ?<\/b> Le line-up inclut des t\u00eates d\u2019affiche comme [Nom de l\u2019artiste] et [Nom de l\u2019artiste], mais aussi des talents \u00e9mergents \u00e0 ne pas manquer.<\/li>\n<p><\/p>\n<li><b>Y a-t-il des activit\u00e9s en dehors des concerts ?<\/b> Absolument ! Des ateliers, des rencontres avec les artistes et m\u00eame des zones d\u00e9tente sont pr\u00e9vus pour enrichir votre exp\u00e9rience.<\/li>\n<p><\/p>\n<li><b>Comment acc\u00e9der au programme complet ?<\/b> Rendez-vous sur le site officiel du festival ou t\u00e9l\u00e9chargez l\u2019application pour tout savoir en un clic.<\/li>\n<p>\n<\/ul>\n<\/p>\n<h2>Quel festival aura lieu le 24 juillet 2025 ?<\/h2>\n<p>[aib_post_related url=&rsquo;\/tendances\/om-valence-chaine\/&rsquo; title=&rsquo;Om valence chaine : d\u00e9couvrez le secret derri\u00e8re cette innovation r\u00e9volutionnaire&rsquo; relatedtext=&rsquo;Vous pourriez \u00e9galement \u00eatre int\u00e9ress\u00e9 par:&rsquo;]<\/p>\n<p>Le 24 juillet 2025, marquez vos agendas d\u2019une encre ind\u00e9l\u00e9bile (ou d\u2019un Post-it si vous pr\u00e9f\u00e9rez), car c\u2019est la date o\u00f9 se d\u00e9roulera le <strong>Festival International de Jazz de Montr\u00e9al<\/strong>. Ce rendez-vous musical, aussi incontournable qu\u2019une poutine \u00e0 minuit, r\u00e9unira les plus grands noms du jazz, du blues et des genres apparent\u00e9s. Imaginez : des notes qui dansent dans l\u2019air, des m\u00e9lodies qui chatouillent vos oreilles et une ambiance si \u00e9lectrique qu\u2019elle pourrait faire fonctionner une ville enti\u00e8re. Ce festival, c\u2019est l\u2019\u00e9quivalent d\u2019un voyage sonore sans passeport, o\u00f9 chaque concert est une escale vers l\u2019\u00e9motion pure.<\/p>\n<p>Mais attention, ce n\u2019est pas qu\u2019une affaire de m\u00e9lomanes avertis ! Le <strong>Festival de Jazz de Montr\u00e9al<\/strong> est aussi un \u00e9v\u00e9nement familial, o\u00f9 l\u2019on vient autant pour la musique que pour l\u2019ambiance festive. Entre les sc\u00e8nes ext\u00e9rieures gratuites, les food trucks qui rivalisent de cr\u00e9ativit\u00e9 culinaire et les ateliers pour initier les plus jeunes, il y en a pour tous les go\u00fbts. Et si vous vous demandez pourquoi cette date est si sp\u00e9ciale, c\u2019est tout simplement parce que le festival co\u00efncide avec la <strong>F\u00eate Nationale du Qu\u00e9bec<\/strong>, ajoutant une touche patriotique \u00e0 cette c\u00e9l\u00e9bration musicale.<\/p>\n<p>[aib_post_related url=&rsquo;\/tendances\/redacteur-en-chef-tf1-guillaume-porteu\/&rsquo; title=&rsquo;Guillaume Porteu : le r\u00e9dacteur en chef de TF1 qui transforme l&#039;information en art&rsquo; relatedtext=&rsquo;Vous pourriez \u00e9galement \u00eatre int\u00e9ress\u00e9 par:&rsquo;]<\/p>\n<h3>Vous avez des questions ? On a les r\u00e9ponses !<\/h3>\n<p><\/p>\n<ul><\/p>\n<li><b>O\u00f9 se d\u00e9roule le festival ?<\/b> Au c\u0153ur de Montr\u00e9al, dans le Quartier des Spectacles, un endroit aussi dynamique qu\u2019un kangourou apr\u00e8s un expresso.<\/li>\n<p><\/p>\n<li><b>Est-ce payant ?<\/b> Certains concerts sont gratuits, tandis que d\u2019autres n\u00e9cessitent un billet. Mais rassurez-vous, il y en a pour tous les budgets, du plus modeste au plus flamboyant.<\/li>\n<p><\/p>\n<li><b>Quels artistes seront pr\u00e9sents ?<\/b> La programmation est encore secr\u00e8te, mais attendez-vous \u00e0 des t\u00eates d\u2019affiche internationales et \u00e0 des d\u00e9couvertes locales qui vont vous \u00e9blouir.<\/li>\n<p><\/p>\n<li><b>Comment s\u2019y pr\u00e9parer ?<\/b> Pr\u00e9voyez des chaussures confortables, un c\u0153ur ouvert et une soif insatiable de bonne musique. Et n\u2019oubliez pas votre parapluie, car m\u00eame les dieux du jazz ne contr\u00f4lent pas la m\u00e9t\u00e9o !<\/li>\n<p>\n<\/ul><\/p>\n","protected":false},"excerpt":{"rendered":"<p>Quel est le programme du Festival Au Fil Du Son 2025 ? Le Festival Au Fil Du Son 2025 promet d\u2019\u00eatre une symphonie d\u2019\u00e9motions o\u00f9 chaque note r\u00e9sonne comme une invitation \u00e0 l\u2019\u00e9vasion. Cette \u00e9dition, plus ambitieuse que jamais, d\u00e9voile un programme aussi riche qu\u2019\u00e9clectique, m\u00ealant concerts en plein air, ateliers interactifs et performances artistiques&#8230;<\/p>\n","protected":false},"author":1,"featured_media":7605,"comment_status":"open","ping_status":"","sticky":false,"template":"","format":"standard","meta":{"_kad_post_transparent":"","_kad_post_title":"","_kad_post_layout":"","_kad_post_sidebar_id":"","_kad_post_content_style":"","_kad_post_vertical_padding":"","_kad_post_feature":"","_kad_post_feature_position":"","_kad_post_header":false,"_kad_post_footer":false,"_kad_post_classname":"","iawp_total_views":1,"footnotes":""},"categories":[1],"tags":[],"class_list":["post-7604","post","type-post","status-publish","format-standard","has-post-thumbnail","hentry","category-actualites"],"_links":{"self":[{"href":"https:\/\/www.dmoz.fr\/tendances\/wp-json\/wp\/v2\/posts\/7604","targetHints":{"allow":["GET"]}}],"collection":[{"href":"https:\/\/www.dmoz.fr\/tendances\/wp-json\/wp\/v2\/posts"}],"about":[{"href":"https:\/\/www.dmoz.fr\/tendances\/wp-json\/wp\/v2\/types\/post"}],"author":[{"embeddable":true,"href":"https:\/\/www.dmoz.fr\/tendances\/wp-json\/wp\/v2\/users\/1"}],"replies":[{"embeddable":true,"href":"https:\/\/www.dmoz.fr\/tendances\/wp-json\/wp\/v2\/comments?post=7604"}],"version-history":[{"count":0,"href":"https:\/\/www.dmoz.fr\/tendances\/wp-json\/wp\/v2\/posts\/7604\/revisions"}],"wp:featuredmedia":[{"embeddable":true,"href":"https:\/\/www.dmoz.fr\/tendances\/wp-json\/wp\/v2\/media\/7605"}],"wp:attachment":[{"href":"https:\/\/www.dmoz.fr\/tendances\/wp-json\/wp\/v2\/media?parent=7604"}],"wp:term":[{"taxonomy":"category","embeddable":true,"href":"https:\/\/www.dmoz.fr\/tendances\/wp-json\/wp\/v2\/categories?post=7604"},{"taxonomy":"post_tag","embeddable":true,"href":"https:\/\/www.dmoz.fr\/tendances\/wp-json\/wp\/v2\/tags?post=7604"}],"curies":[{"name":"wp","href":"https:\/\/api.w.org\/{rel}","templated":true}]}}