{"id":7642,"date":"2025-08-23T19:02:19","date_gmt":"2025-08-23T18:02:19","guid":{"rendered":"https:\/\/www.dmoz.fr\/tendances\/notre-dame-de-paris-spectacle\/"},"modified":"2025-08-23T19:02:19","modified_gmt":"2025-08-23T18:02:19","slug":"notre-dame-de-paris-spectacle","status":"publish","type":"post","link":"https:\/\/www.dmoz.fr\/tendances\/notre-dame-de-paris-spectacle\/","title":{"rendered":"D\u00e9couvrez le spectacle Notre-Dame de Paris : une exp\u00e9rience inoubliable \u00e0 Paris"},"content":{"rendered":"<p><\/p>\n<div id='video-container' data-video-id='Gd41hcY6ysI' style='width:100%; height:auto; max-width:587px; position: relative;'>\n<div class='image-video-plugin' style='background:url(\"https:\/\/img.youtube.com\/vi\/Gd41hcY6ysI\/0.jpg\") center no-repeat; background-size: cover;'><\/div>\n<p>        <span class='youtube-play-button'><\/span><br \/>\n        <noscript><a href=\"https:\/\/www.youtube.com\/watch?v=Gd41hcY6ysI\" target=\"_blank\" rel=\"noopener\"><\/a><\/noscript>\n    <\/div>\n<p><\/p>\n<h2>Quels sont les chanteurs qui ont chant\u00e9 dans Notre-Dame de Paris ?<\/h2>\n<p>Ah, <b>Notre-Dame de Paris<\/b>, cette cath\u00e9drale qui a vu d\u00e9filer plus de chanteurs que de gargouilles ! Si les pierres pouvaient chanter, elles auraient sans doute une playlist digne des plus grands festivals. Parmi les voix qui ont r\u00e9sonn\u00e9 sous ses vo\u00fbtes, on trouve des artistes aussi vari\u00e9s que des notes sur une port\u00e9e. <b>Johnny Hallyday<\/b>, le rockeur fran\u00e7ais l\u00e9gendaire, y a offert un concert m\u00e9morable en 2000, prouvant que m\u00eame les murs gothiques peuvent swinguer. Et puis, comment oublier <b>Charles Aznavour<\/b>, dont la voix enveloppante a caress\u00e9 les vieilles pierres en 1978, comme une douce m\u00e9lodie intemporelle ?<\/p>\n<p>Mais ce n\u2019est pas tout ! <b>Mireille Mathieu<\/b>, la voix d\u2019or de la chanson fran\u00e7aise, a elle aussi illumin\u00e9 Notre-Dame de sa pr\u00e9sence en 1989. Et pour ceux qui pr\u00e9f\u00e8rent les m\u00e9lodies plus contemporaines, <b>Zaz<\/b> a fait vibrer la cath\u00e9drale en 2013, apportant une touche de modernit\u00e9 \u00e0 ce lieu charg\u00e9 d\u2019histoire. Sans oublier <b>Andrea Bocelli<\/b>, dont la voix d\u2019op\u00e9ra a transcend\u00e9 les si\u00e8cles lors d\u2019un concert \u00e9mouvant en 2019, quelques mois apr\u00e8s l\u2019incendie qui a \u00e9mu le monde entier. Ces artistes, parmi d\u2019autres, ont transform\u00e9 Notre-Dame en une sc\u00e8ne unique, o\u00f9 la musique et l\u2019histoire se rencontrent dans un ballet harmonieux.<\/p>\n<p><h3>Vous vous posez des questions sur ces concerts l\u00e9gendaires ?<\/h3>\n<ul>\n<li><b>Quel artiste a \u00e9t\u00e9 le premier \u00e0 chanter dans Notre-Dame de Paris ?<\/b> Si les archives ne sont pas toujours bavardes, on sait que des concerts y sont organis\u00e9s depuis plusieurs d\u00e9cennies, avec des noms prestigieux qui ont marqu\u00e9 les esprits.<\/li>\n<li><b>Y a-t-il des chanteurs internationaux qui ont perform\u00e9 dans la cath\u00e9drale ?<\/b> Absolument ! Des artistes comme Andrea Bocelli ont apport\u00e9 leur touche internationale \u00e0 ce lieu embl\u00e9matique.<\/li>\n<li><b>Est-ce que ces concerts sont encore organis\u00e9s aujourd\u2019hui ?<\/b> Apr\u00e8s l\u2019incendie de 2019, les concerts ont \u00e9t\u00e9 temporairement suspendus, mais la magie de la musique devrait bient\u00f4t r\u00e9sonner \u00e0 nouveau sous les vo\u00fbtes de Notre-Dame.<\/li>\n<\/ul>\n<p><h2>O\u00f9 se joue Notre-Dame de Paris en 2025 ?<\/h2>\n<p><\/p>\n<p>En 2025, le spectacle mythique de <b>Notre-Dame de Paris<\/b> revient sur sc\u00e8ne, et pas n\u2019importe o\u00f9 ! Cette com\u00e9die musicale, qui a conquis des millions de c\u0153urs depuis sa cr\u00e9ation, s\u2019installera dans l\u2019embl\u00e9matique <b>Palais des Congr\u00e8s de Paris<\/b>. Un lieu qui, entre nous, ne manque pas de panache pour accueillir l\u2019histoire tragique et po\u00e9tique de Quasimodo, Esm\u00e9ralda et Frollo. Le Palais des Congr\u00e8s, avec son acoustique impeccable et son ambiance grandiose, promet de sublimer les m\u00e9lodies inoubliables de Richard Cocciante et les textes percutants de Luc Plamondon. Si vous n\u2019avez pas encore vu ce chef-d\u2019\u0153uvre, c\u2019est l\u2019occasion ou jamais de vous laisser emporter par cette fresque musicale hors du commun.<\/p>\n<\/p>\n<p>Mais pourquoi le Palais des Congr\u00e8s, me direz-vous ? Tout simplement parce que ce lieu mythique est un \u00e9crin parfait pour un spectacle de cette envergure. Avec ses <b>3000 places<\/b>, il offre une exp\u00e9rience immersive o\u00f9 chaque note, chaque \u00e9motion, r\u00e9sonne avec intensit\u00e9. Et pour ceux qui redoutent les bouchons parisiens, sachez que le Palais des Congr\u00e8s est facilement accessible gr\u00e2ce \u00e0 son emplacement strat\u00e9gique pr\u00e8s de la Porte Maillot. Alors, pr\u00e9parez vos agendas, car les repr\u00e9sentations de <b>Notre-Dame de Paris<\/b> en 2025 s\u2019annoncent d\u00e9j\u00e0 comme un \u00e9v\u00e9nement incontournable. Et si vous h\u00e9sitez encore, rappelez-vous : manquer \u00e7a, c\u2019est un peu comme refuser une invitation \u00e0 un d\u00eener avec Victor Hugo lui-m\u00eame. Dommage, non ?<\/p>\n<p><h3>Vous avez des questions ? On a les r\u00e9ponses !<\/h3>\n<p><\/p>\n<ul><\/p>\n<li><b>O\u00f9 acheter les billets pour Notre-Dame de Paris en 2025 ?<\/b> Les billets sont disponibles sur le site officiel du Palais des Congr\u00e8s et sur les plateformes partenaires. Foncez, \u00e7a part vite !<\/li>\n<p><\/p>\n<li><b>Quelles sont les dates des repr\u00e9sentations ?<\/b> Le calendrier complet sera d\u00e9voil\u00e9 prochainement, mais pr\u00e9voyez de bloquer vos soir\u00e9es d\u00e8s le d\u00e9but de l\u2019ann\u00e9e 2025.<\/li>\n<p><\/p>\n<li><b>Le spectacle est-il accessible aux enfants ?<\/b> Absolument ! Bien que l\u2019histoire soit intense, la magie de la musique et des d\u00e9cors enchantera les petits comme les grands.<\/li>\n<p>\n<\/ul>\n<\/p>\n<p><h2>Quel est le programme des concerts \u00e0 Notre-Dame de Paris ?<\/h2>\n<p><\/p>\n<p>Ah, Notre-Dame de Paris ! Ce monument qui fait vibrer les pierres et les \u00e2mes depuis des si\u00e8cles. Mais saviez-vous qu\u2019en plus de son architecture \u00e9poustouflante, elle offre aussi une programmation musicale \u00e0 couper le souffle ? <b>Le programme des concerts<\/b> est un m\u00e9lange savoureux de musique sacr\u00e9e, classique et contemporaine, o\u00f9 chaque note r\u00e9sonne sous les vo\u00fbtes majestueuses de la cath\u00e9drale. Que vous soyez fan de Bach, de Mozart ou de compositions plus modernes, il y a forc\u00e9ment un concert qui vous fera frissonner. Les chorales, les orchestres et les organistes se relaient pour transformer chaque soir\u00e9e en un moment magique, presque divin. Et oui, m\u00eame les anges doivent envier notre place dans les trav\u00e9es !<\/p>\n<\/p>\n<p>Pour ne rien manquer de ces \u00e9v\u00e9nements, consultez r\u00e9guli\u00e8rement le <b>calendrier officiel<\/b> de Notre-Dame. Les concerts y sont soigneusement r\u00e9pertori\u00e9s, avec des d\u00e9tails sur les artistes, les \u0153uvres interpr\u00e9t\u00e9es et les horaires. Attention, les places partent vite, surtout pour les \u00e9v\u00e9nements phares comme les r\u00e9citals d\u2019orgue ou les messes en musique. Alors, si vous voulez \u00e9viter de pleurer devant un \u00ab\u00a0complet\u00a0\u00bb affich\u00e9 sur l\u2019\u00e9cran, anticipez ! Et n\u2019oubliez pas : assister \u00e0 un concert dans ce lieu embl\u00e9matique, c\u2019est comme voyager dans le temps, mais avec une meilleure acoustique.<\/p>\n<p><h3>Vous avez des questions ? On a les r\u00e9ponses !<\/h3>\n<p><\/p>\n<ul><\/p>\n<li><b>Quels sont les tarifs des concerts ?<\/b> Les prix varient selon l\u2019\u00e9v\u00e9nement, mais comptez g\u00e9n\u00e9ralement entre 20\u20ac et 50\u20ac pour une place. Les \u00e9tudiants et les moins de 26 ans b\u00e9n\u00e9ficient souvent de r\u00e9ductions.<\/li>\n<p><\/p>\n<li><b>Faut-il r\u00e9server \u00e0 l\u2019avance ?<\/b> Absolument ! Les concerts \u00e0 Notre-Dame sont tr\u00e8s pris\u00e9s, alors mieux vaut s\u2019y prendre t\u00f4t pour \u00e9viter les mauvaises surprises.<\/li>\n<p><\/p>\n<li><b>Quel est le meilleur moment pour assister \u00e0 un concert ?<\/b> Les soir\u00e9es en semaine sont souvent moins fr\u00e9quent\u00e9es, mais les week-ends offrent une ambiance plus festive. \u00c0 vous de choisir !<\/li>\n<p>\n<\/ul>\n<\/p>\n<p><h2>O\u00f9 passe le spectacle Notre-Dame de Paris ?<\/h2>\n<p><\/p>\n<p>Le spectacle <strong>Notre-Dame de Paris<\/strong>, ce monument musical qui fait vibrer les \u00e2mes depuis plus de deux d\u00e9cennies, ne se contente pas de rester dans les archives de la gloire. Non, il voyage, il bouge, il s\u2019exporte avec panache ! Apr\u00e8s avoir enflamm\u00e9 la sc\u00e8ne du Palais des Congr\u00e8s de Paris, ce chef-d\u2019\u0153uvre sign\u00e9 Luc Plamondon et Richard Cocciante a pris ses valises pour conqu\u00e9rir d\u2019autres horizons. <strong>De Paris \u00e0 Montr\u00e9al, en passant par Tokyo ou Beyrouth<\/strong>, le spectacle traverse les continents avec une \u00e9l\u00e9gance digne d\u2019un v\u00e9ritable ambassadeur culturel. Chaque repr\u00e9sentation est une invitation \u00e0 red\u00e9couvrir l\u2019histoire intemporelle de Quasimodo, Esm\u00e9ralda et Frollo, port\u00e9e par des voix qui donnent des frissons.<\/p>\n<\/p>\n<p>Mais o\u00f9 exactement peut-on retrouver cette p\u00e9pite artistique aujourd\u2019hui ? <b>Le spectacle tourne r\u00e9guli\u00e8rement dans des salles prestigieuses<\/b>, adaptant sa mise en sc\u00e8ne pour s\u2019int\u00e9grer harmonieusement \u00e0 chaque lieu. Que ce soit dans des th\u00e9\u00e2tres historiques, des ar\u00e8nes modernes ou m\u00eame en plein air, <b>Notre-Dame de Paris<\/b> s\u2019adapte sans jamais perdre son essence. Les amateurs de musique et de th\u00e9\u00e2tre peuvent suivre les annonces officielles pour savoir o\u00f9 poser leurs yeux et leurs oreilles lors de la prochaine repr\u00e9sentation. Car, oui, ce spectacle est bien plus qu\u2019un simple divertissement : c\u2019est une exp\u00e9rience qui marque les esprits et les c\u0153urs.<\/p>\n<p>[aib_post_related url=&rsquo;\/tendances\/maladie-de-lyme\/&rsquo; title=&rsquo;Maladie de Lyme : tout ce que vous devez savoir pour vous prot\u00e9ger&rsquo; relatedtext=&rsquo;Vous pourriez \u00e9galement \u00eatre int\u00e9ress\u00e9 par:&rsquo;]<\/p>\n<h3>Questions Br\u00fblantes sur le Parcours du Spectacle<\/h3>\n<p><\/p>\n<ul><\/p>\n<li><b>Le spectacle est-il toujours jou\u00e9 \u00e0 Paris ?<\/b> Non, il voyage \u00e0 travers le monde, mais revient parfois dans la capitale pour des repr\u00e9sentations sp\u00e9ciales.<\/li>\n<p><\/p>\n<li><b>Comment savoir o\u00f9 aura lieu la prochaine repr\u00e9sentation ?<\/b> Suivez les annonces officielles sur le site du spectacle ou les r\u00e9seaux sociaux d\u00e9di\u00e9s.<\/li>\n<p><\/p>\n<li><b>Le spectacle est-il adapt\u00e9 pour les enfants ?<\/b> Absolument ! C\u2019est une histoire universelle qui touche tous les \u00e2ges, m\u00eame si certaines sc\u00e8nes peuvent \u00eatre intenses.<\/li>\n<p><\/p>\n<li><b>Peut-on retrouver la distribution originale lors des tourn\u00e9es ?<\/b> Certains artistes l\u00e9gendaires font des apparitions, mais chaque tourn\u00e9e propose de nouveaux talents.<\/li>\n<p>\n<\/ul><\/p>\n","protected":false},"excerpt":{"rendered":"<p>Quels sont les chanteurs qui ont chant\u00e9 dans Notre-Dame de Paris ? Ah, Notre-Dame de Paris, cette cath\u00e9drale qui a vu d\u00e9filer plus de chanteurs que de gargouilles ! Si les pierres pouvaient chanter, elles auraient sans doute une playlist digne des plus grands festivals. Parmi les voix qui ont r\u00e9sonn\u00e9 sous ses vo\u00fbtes, on&#8230;<\/p>\n","protected":false},"author":1,"featured_media":7643,"comment_status":"open","ping_status":"","sticky":false,"template":"","format":"standard","meta":{"_kad_post_transparent":"","_kad_post_title":"","_kad_post_layout":"","_kad_post_sidebar_id":"","_kad_post_content_style":"","_kad_post_vertical_padding":"","_kad_post_feature":"","_kad_post_feature_position":"","_kad_post_header":false,"_kad_post_footer":false,"_kad_post_classname":"","iawp_total_views":5,"footnotes":""},"categories":[1],"tags":[],"class_list":["post-7642","post","type-post","status-publish","format-standard","has-post-thumbnail","hentry","category-actualites"],"_links":{"self":[{"href":"https:\/\/www.dmoz.fr\/tendances\/wp-json\/wp\/v2\/posts\/7642","targetHints":{"allow":["GET"]}}],"collection":[{"href":"https:\/\/www.dmoz.fr\/tendances\/wp-json\/wp\/v2\/posts"}],"about":[{"href":"https:\/\/www.dmoz.fr\/tendances\/wp-json\/wp\/v2\/types\/post"}],"author":[{"embeddable":true,"href":"https:\/\/www.dmoz.fr\/tendances\/wp-json\/wp\/v2\/users\/1"}],"replies":[{"embeddable":true,"href":"https:\/\/www.dmoz.fr\/tendances\/wp-json\/wp\/v2\/comments?post=7642"}],"version-history":[{"count":0,"href":"https:\/\/www.dmoz.fr\/tendances\/wp-json\/wp\/v2\/posts\/7642\/revisions"}],"wp:featuredmedia":[{"embeddable":true,"href":"https:\/\/www.dmoz.fr\/tendances\/wp-json\/wp\/v2\/media\/7643"}],"wp:attachment":[{"href":"https:\/\/www.dmoz.fr\/tendances\/wp-json\/wp\/v2\/media?parent=7642"}],"wp:term":[{"taxonomy":"category","embeddable":true,"href":"https:\/\/www.dmoz.fr\/tendances\/wp-json\/wp\/v2\/categories?post=7642"},{"taxonomy":"post_tag","embeddable":true,"href":"https:\/\/www.dmoz.fr\/tendances\/wp-json\/wp\/v2\/tags?post=7642"}],"curies":[{"name":"wp","href":"https:\/\/api.w.org\/{rel}","templated":true}]}}