{"id":7648,"date":"2025-08-23T22:05:34","date_gmt":"2025-08-23T21:05:34","guid":{"rendered":"https:\/\/www.dmoz.fr\/tendances\/incendie-aude-sigean\/"},"modified":"2025-08-23T22:05:34","modified_gmt":"2025-08-23T21:05:34","slug":"incendie-aude-sigean","status":"publish","type":"post","link":"https:\/\/www.dmoz.fr\/tendances\/incendie-aude-sigean\/","title":{"rendered":"Incendie \u00e0 Aude Sigean : ce qu\u2019il s\u2019est vraiment pass\u00e9 et les cons\u00e9quences inattendues"},"content":{"rendered":"<p><\/p>\n<div id='video-container' data-video-id='A66JXh3T1ZM' style='width:100%; height:auto; max-width:587px; position: relative;'>\n<div class='image-video-plugin' style='background:url(\"https:\/\/img.youtube.com\/vi\/A66JXh3T1ZM\/0.jpg\") center no-repeat; background-size: cover;'><\/div>\n<p>        <span class='youtube-play-button'><\/span><br \/>\n        <noscript><a href=\"https:\/\/www.youtube.com\/watch?v=A66JXh3T1ZM\" target=\"_blank\" rel=\"noopener\"><\/a><\/noscript>\n    <\/div>\n<p><\/p>\n<h2>Quelle est l&rsquo;origine du feu dans l&rsquo;Aude ?<\/h2>\n<p>L\u2019origine des feux dans l\u2019Aude, ce d\u00e9partement du sud de la France si charmant mais parfois si inflammable, est souvent li\u00e9e \u00e0 un cocktail explosif de facteurs naturels et humains. <strong>Le climat m\u00e9diterran\u00e9en<\/strong>, avec ses \u00e9t\u00e9s chauds et secs, transforme la v\u00e9g\u00e9tation en v\u00e9ritable poudri\u00e8re. Ajoutez \u00e0 cela le vent fort, comme le c\u00e9l\u00e8bre <strong>vent de Cers<\/strong>, et vous obtenez une recette id\u00e9ale pour des d\u00e9parts de feu. Mais ne jetons pas toute la faute sur Dame Nature ! Les activit\u00e9s humaines, comme les barbecues mal \u00e9teints, les m\u00e9gots de cigarette jet\u00e9s n\u00e9gligemment ou les travaux agricoles, jouent aussi un r\u00f4le majeur dans ces drames environnementaux.<\/p>\n<p>Les incendies dans l\u2019Aude ne sont pas une nouveaut\u00e9, mais leur fr\u00e9quence et leur intensit\u00e9 ont augment\u00e9 ces derni\u00e8res ann\u00e9es, notamment \u00e0 cause du <strong>changement climatique<\/strong>. Les zones foresti\u00e8res, comme les garrigues et les pin\u00e8des, sont particuli\u00e8rement vuln\u00e9rables. Les pompiers, ces h\u00e9ros en tenue rouge, luttent sans rel\u00e2che contre ces flammes d\u00e9vorantes, mais la pr\u00e9vention reste la meilleure arme. Alors, si vous passez par l\u2019Aude, gardez un \u0153il sur votre comportement : un petit geste peut \u00e9viter une grande catastrophe.<\/p>\n<p><h3>Vos questions br\u00fblantes sur les feux dans l\u2019Aude<\/h3>\n<p><\/p>\n<ul><\/p>\n<li><b>Quels sont les mois les plus \u00e0 risque pour les incendies dans l\u2019Aude ?<\/b> Les mois de juillet et ao\u00fbt sont les plus critiques, avec des temp\u00e9ratures \u00e9lev\u00e9es et une s\u00e9cheresse persistante.<\/li>\n<p><\/p>\n<li><b>Comment les feux dans l\u2019Aude sont-ils ma\u00eetris\u00e9s ?<\/b> Les pompiers utilisent des moyens terrestres et a\u00e9riens, comme les Canadairs, pour combattre les flammes, mais la pr\u00e9vention et la vigilance citoyenne sont essentielles.<\/li>\n<p><\/p>\n<li><b>Quelles sont les zones les plus touch\u00e9es par les incendies dans l\u2019Aude ?<\/b> Les zones foresti\u00e8res et les garrigues, notamment autour de Carcassonne et de Narbonne, sont souvent les plus affect\u00e9es.<\/li>\n<p>\n<\/ul>\n<\/p>\n<h2>Quels sont les villages touch\u00e9s par le feu dans l&rsquo;Aude ?<\/h2>\n<p><h2>Quels sont les villages touch\u00e9s par le feu dans l&rsquo;Aude ?<\/h2>\n<p><\/p>\n<p>Dans le d\u00e9partement de l\u2019Aude, plusieurs villages ont malheureusement \u00e9t\u00e9 touch\u00e9s par les flammes, transformant leurs paisibles paysages en sc\u00e8nes de d\u00e9solation. Parmi les plus affect\u00e9s, on retrouve <b>Cuxac-d\u2019Aude<\/b>, o\u00f9 les feux ont ravag\u00e9 des hectares de for\u00eats et de vignobles, laissant les habitants sous le choc. Non loin de l\u00e0, <b>Fleury<\/b> et <b>Villes\u00e8que-des-Corbi\u00e8res<\/b> ont \u00e9galement subi de lourdes pertes, avec des maisons et des terres agricoles r\u00e9duites en cendres. Ces villages, habituellement synonymes de tranquillit\u00e9 et de charme m\u00e9diterran\u00e9en, ont d\u00fb faire face \u00e0 une r\u00e9alit\u00e9 bien diff\u00e9rente.<\/p>\n<\/p>\n<p>D\u2019autres communes, comme <b>Sigean<\/b> et <b>Portel-des-Corbi\u00e8res<\/b>, n\u2019ont pas \u00e9t\u00e9 \u00e9pargn\u00e9es non plus. Les flammes, pouss\u00e9es par des vents violents, ont travers\u00e9 ces territoires avec une rapidit\u00e9 d\u00e9concertante, obligeant les habitants \u00e0 \u00e9vacuer en urgence. M\u00eame <b>Peyriac-de-Mer<\/b>, connu pour ses \u00e9tangs et sa biodiversit\u00e9 exceptionnelle, a vu une partie de son patrimoine naturel partir en fum\u00e9e. Ces \u00e9v\u00e9nements rappellent cruellement la vuln\u00e9rabilit\u00e9 de ces petits villages audois face aux caprices de la nature.<\/p>\n<p>[aib_post_related url=&rsquo;\/tendances\/loi-mariage-sans-papier\/&rsquo; title=&rsquo;Loi mariage sans papier : d\u00e9couvrez les secrets m\u00e9connus de cette l\u00e9gislation surprenante !&rsquo; relatedtext=&rsquo;Vous pourriez \u00e9galement \u00eatre int\u00e9ress\u00e9 par:&rsquo;]<\/p>\n<p><h3>Vos questions, nos r\u00e9ponses : \u00c9claircissements sur les villages sinistr\u00e9s<\/h3>\n<p><\/p>\n<ul><\/p>\n<li><b>Quels sont les villages les plus touch\u00e9s ?<\/b> Cuxac-d\u2019Aude, Fleury, et Villes\u00e8que-des-Corbi\u00e8res figurent parmi les plus gravement affect\u00e9s.<\/li>\n<p><\/p>\n<li><b>Y a-t-il eu des \u00e9vacuations ?<\/b> Oui, plusieurs villages, dont Sigean et Portel-des-Corbi\u00e8res, ont d\u00fb \u00eatre \u00e9vacu\u00e9s en urgence.<\/li>\n<p><\/p>\n<li><b>Quel est l\u2019impact sur l\u2019environnement ?<\/b> Les feux ont d\u00e9truit des for\u00eats, des vignobles et des zones naturelles, notamment autour de Peyriac-de-Mer.<\/li>\n<p>\n<\/ul>\n<\/p>\n<h2>Qui a mis le feu dans l&rsquo;Aude ?<\/h2>\n<p><h2>Qui a mis le feu dans l&rsquo;Aude ?<\/h2>\n<p><\/p>\n<p>Ah, la question qui br\u00fble les l\u00e8vres (et les for\u00eats) depuis cet \u00e9t\u00e9 caniculaire dans l&rsquo;Aude ! <strong>Qui donc a jou\u00e9 les pyromanes dans ce coin paisible du Sud de la France ?<\/strong> Les rumeurs vont bon train, oscillant entre l\u2019accidentel (un m\u00e9got mal \u00e9teint, une \u00e9tincelle de barbecue) et le malveillant (un acte criminel digne d\u2019un sc\u00e9nario de s\u00e9rie polici\u00e8re). Les enqu\u00eateurs, arm\u00e9s de leur flair et de leur expertise, ont pass\u00e9 au peigne fin chaque indice, chaque t\u00e9moignage, pour d\u00e9m\u00ealer le vrai du faux. Car, soyons honn\u00eates, dans une r\u00e9gion o\u00f9 le vent souffle aussi fort que les th\u00e9ories du complot, il faut un sacr\u00e9 courage pour trouver la v\u00e9rit\u00e9.<\/p>\n<p><\/p>\n<p><strong>Les flammes ont ravag\u00e9 des hectares de nature<\/strong>, laissant derri\u00e8re elles un paysage apocalyptique et des habitants en col\u00e8re. Les autorit\u00e9s ont point\u00e9 du doigt plusieurs pistes : une n\u00e9gligence humaine, un acte volontaire, ou m\u00eame une combinaison des deux. Les m\u00e9dias, eux, ont aliment\u00e9 le suspense avec des titres \u00e0 sensation, transformant cette trag\u00e9die en v\u00e9ritable feuilleton estival. Mais au-del\u00e0 des sp\u00e9culations, une chose est s\u00fbre : <strong>l\u2019Aude a besoin de r\u00e9ponses<\/strong>, et surtout, de mesures pour \u00e9viter que cette histoire ne se r\u00e9p\u00e8te. Car, comme le dit si bien un vieil adage local : \u00ab Quand le feu prend, m\u00eame les cigales cessent de chanter. \u00bb<\/p>\n<\/p>\n<p><h3>Les Questions Br\u00fblantes sur l\u2019Incendie de l\u2019Aude<\/h3>\n<p><\/p>\n<ul><\/p>\n<li><b>Quelles sont les principales causes suspect\u00e9es ?<\/b> Les enqu\u00eateurs explorent plusieurs pistes, allant de la n\u00e9gligence humaine \u00e0 des actes criminels volontaires.<\/li>\n<p><\/p>\n<li><b>Y a-t-il des suspects identifi\u00e9s ?<\/b> Pour l\u2019instant, les autorit\u00e9s gardent leurs cartes pr\u00e8s de leur poitrine, mais plusieurs t\u00e9moignages sont en cours d\u2019analyse.<\/li>\n<p><\/p>\n<li><b>Quelles mesures ont \u00e9t\u00e9 prises pour \u00e9viter de nouveaux incendies ?<\/b> Des campagnes de pr\u00e9vention et des restrictions strictes sur les activit\u00e9s \u00e0 risque ont \u00e9t\u00e9 mises en place.<\/li>\n<p><\/p>\n<li><b>Comment les habitants r\u00e9agissent-ils ?<\/b> Entre col\u00e8re et r\u00e9silience, les Audois se mobilisent pour reconstruire et prot\u00e9ger leur r\u00e9gion.<\/li>\n<p>\n<\/ul>\n<\/p>\n<h2>Qui a provoqu\u00e9 l&rsquo;incendie ?<\/h2>\n<p>Ah, la question qui br\u00fble les l\u00e8vres de tous les curieux : <b>qui est le pyromane de service ?<\/b> Les enqu\u00eateurs, arm\u00e9s de leur loupe et de leur sens aiguis\u00e9 du d\u00e9tail, traquent chaque indice comme des d\u00e9tectives en qu\u00eate de la v\u00e9rit\u00e9 ultime. Entre les m\u00e9gots mal \u00e9teints, les installations \u00e9lectriques d\u00e9faillantes et les actes malveillants, les suspects sont l\u00e9gion. Mais ne vous y trompez pas, trouver le coupable n\u2019est pas une simple promenade de sant\u00e9. C\u2019est un v\u00e9ritable jeu de piste o\u00f9 chaque \u00e9l\u00e9ment compte, du moindre filament de cendre \u00e0 la plus infime trace de carbone.<\/p>\n<p>[aib_post_related url=&rsquo;\/tendances\/reddit-mh-wilds\/&rsquo; title=&rsquo;Reddit mh wilds : plongez dans l&#039;univers fascinant de la chasse aux monstres !&rsquo; relatedtext=&rsquo;Vous pourriez \u00e9galement \u00eatre int\u00e9ress\u00e9 par:&rsquo;]<\/p>\n<p>Les causes d\u2019un incendie peuvent \u00eatre aussi vari\u00e9es qu\u2019une playlist Spotify. On parle souvent de <b>n\u00e9gligence humaine<\/b> \u2013 oui, ce barbecue improvis\u00e9 dans le jardin qui a mal tourn\u00e9 \u2013 mais aussi de <b>d\u00e9faillances techniques<\/b>, comme ce vieux grille-pain qui avait jur\u00e9 fid\u00e9lit\u00e9 jusqu\u2019\u00e0 ce qu\u2019il prenne feu. Et puis, il y a les actes criminels, ces fameux incendies volontaires qui font fr\u00e9mir les assurances. Bref, identifier le responsable, c\u2019est un peu comme r\u00e9soudre un puzzle g\u00e9ant, sauf que les pi\u00e8ces sont parfois r\u00e9duites en cendres.<\/p>\n<h3>Les questions qui br\u00fblent (sans jeu de mots)<\/h3>\n<p>[aib_post_related url=&rsquo;\/tendances\/effet-secondaire-vaccin-covid\/&rsquo; title=&rsquo;Effet secondaire vaccin Covid : r\u00e9v\u00e9lations surprenantes \u00e0 d\u00e9couvrir !&rsquo; relatedtext=&rsquo;Vous pourriez \u00e9galement \u00eatre int\u00e9ress\u00e9 par:&rsquo;]<\/p>\n<ul>\n<li><b>Un m\u00e9got peut-il vraiment causer un incendie ?<\/b> Absolument ! Un simple geste d\u2019inattention peut transformer un petit bout de cigarette en une catastrophe monumentale.<\/li>\n<li><b>Les installations \u00e9lectriques sont-elles souvent en cause ?<\/b> Malheureusement, oui. Les vieux fils d\u00e9nud\u00e9s et les surcharges de circuits sont des coupables r\u00e9currents.<\/li>\n<li><b>Comment prouver qu\u2019un incendie est volontaire ?<\/b> Les experts analysent les traces de produits acc\u00e9l\u00e9rateurs et les points d\u2019origine du feu pour d\u00e9masquer les pyromanes en herbe.<\/li>\n<\/ul>\n","protected":false},"excerpt":{"rendered":"<p>Quelle est l&rsquo;origine du feu dans l&rsquo;Aude ? L\u2019origine des feux dans l\u2019Aude, ce d\u00e9partement du sud de la France si charmant mais parfois si inflammable, est souvent li\u00e9e \u00e0 un cocktail explosif de facteurs naturels et humains. Le climat m\u00e9diterran\u00e9en, avec ses \u00e9t\u00e9s chauds et secs, transforme la v\u00e9g\u00e9tation en v\u00e9ritable poudri\u00e8re. Ajoutez \u00e0&#8230;<\/p>\n","protected":false},"author":1,"featured_media":7649,"comment_status":"open","ping_status":"","sticky":false,"template":"","format":"standard","meta":{"_kad_post_transparent":"","_kad_post_title":"","_kad_post_layout":"","_kad_post_sidebar_id":"","_kad_post_content_style":"","_kad_post_vertical_padding":"","_kad_post_feature":"","_kad_post_feature_position":"","_kad_post_header":false,"_kad_post_footer":false,"_kad_post_classname":"","iawp_total_views":0,"footnotes":""},"categories":[1],"tags":[],"class_list":["post-7648","post","type-post","status-publish","format-standard","has-post-thumbnail","hentry","category-actualites"],"_links":{"self":[{"href":"https:\/\/www.dmoz.fr\/tendances\/wp-json\/wp\/v2\/posts\/7648","targetHints":{"allow":["GET"]}}],"collection":[{"href":"https:\/\/www.dmoz.fr\/tendances\/wp-json\/wp\/v2\/posts"}],"about":[{"href":"https:\/\/www.dmoz.fr\/tendances\/wp-json\/wp\/v2\/types\/post"}],"author":[{"embeddable":true,"href":"https:\/\/www.dmoz.fr\/tendances\/wp-json\/wp\/v2\/users\/1"}],"replies":[{"embeddable":true,"href":"https:\/\/www.dmoz.fr\/tendances\/wp-json\/wp\/v2\/comments?post=7648"}],"version-history":[{"count":0,"href":"https:\/\/www.dmoz.fr\/tendances\/wp-json\/wp\/v2\/posts\/7648\/revisions"}],"wp:featuredmedia":[{"embeddable":true,"href":"https:\/\/www.dmoz.fr\/tendances\/wp-json\/wp\/v2\/media\/7649"}],"wp:attachment":[{"href":"https:\/\/www.dmoz.fr\/tendances\/wp-json\/wp\/v2\/media?parent=7648"}],"wp:term":[{"taxonomy":"category","embeddable":true,"href":"https:\/\/www.dmoz.fr\/tendances\/wp-json\/wp\/v2\/categories?post=7648"},{"taxonomy":"post_tag","embeddable":true,"href":"https:\/\/www.dmoz.fr\/tendances\/wp-json\/wp\/v2\/tags?post=7648"}],"curies":[{"name":"wp","href":"https:\/\/api.w.org\/{rel}","templated":true}]}}