{"id":7816,"date":"2025-08-27T12:48:58","date_gmt":"2025-08-27T11:48:58","guid":{"rendered":"https:\/\/www.dmoz.fr\/tendances\/demi-vollering-taille-poids\/"},"modified":"2025-08-27T12:48:58","modified_gmt":"2025-08-27T11:48:58","slug":"demi-vollering-taille-poids","status":"publish","type":"post","link":"https:\/\/www.dmoz.fr\/tendances\/demi-vollering-taille-poids\/","title":{"rendered":"Demi Vollering taille et poids : d\u00e9couvrez les secrets de sa forme olympique"},"content":{"rendered":"<p><\/p>\n<div id='video-container' data-video-id='RTbz6dPf4Fo' style='width:100%; height:auto; max-width:587px; position: relative;'>\n<div class='image-video-plugin' style='background:url(\"https:\/\/img.youtube.com\/vi\/RTbz6dPf4Fo\/0.jpg\") center no-repeat; background-size: cover;'><\/div>\n<p>        <span class='youtube-play-button'><\/span><br \/>\n        <noscript><a href=\"https:\/\/www.youtube.com\/watch?v=RTbz6dPf4Fo\" target=\"_blank\" rel=\"noopener\"><\/a><\/noscript>\n    <\/div>\n<p><\/p>\n<h2>Quelle taille de v\u00e9lo utilise Demi Vollering ?<\/h2>\n<p>Demi Vollering, cette star du peloton cycliste, roule sur un v\u00e9lo taill\u00e9 \u00e0 son image : <strong>performant et parfaitement adapt\u00e9<\/strong>. Pour une athl\u00e8te de son calibre, chaque d\u00e9tail compte, et la taille du cadre n\u2019\u00e9chappe pas \u00e0 cette r\u00e8gle. Elle utilise g\u00e9n\u00e9ralement un cadre de <strong>51 \u00e0 53 cm<\/strong>, une mesure qui correspond \u00e0 sa morphologie et \u00e0 son style de p\u00e9dalage explosif. Cette taille lui permet d\u2019allier confort et efficacit\u00e9, deux \u00e9l\u00e9ments essentiels pour dominer les courses comme la Fl\u00e8che Wallonne ou le Tour de France Femmes.<\/p>\n<p>Le choix de la taille de v\u00e9lo n\u2019est pas anodin, surtout pour une coureuse qui passe des heures en selle. <strong>Un cadre trop grand<\/strong> pourrait nuire \u00e0 sa position a\u00e9rodynamique, tandis qu\u2019un cadre trop petit limiterait sa puissance. Chez Demi Vollering, tout est pens\u00e9 pour optimiser ses performances : la g\u00e9om\u00e9trie du cadre, la hauteur de la selle et m\u00eame la longueur de la potence sont ajust\u00e9s avec une pr\u00e9cision chirurgicale. Apr\u00e8s tout, quand on vise le podium, chaque millim\u00e8tre compte !<\/p>\n<p><h3>Questions que vous vous posez peut-\u00eatre (et les r\u00e9ponses qui vont avec)<\/h3>\n<p><\/p>\n<ul><\/p>\n<li><b>Pourquoi la taille du cadre est-elle si importante ?<\/b> Un cadre bien ajust\u00e9 am\u00e9liore le confort, r\u00e9duit les risques de blessures et maximise l\u2019efficacit\u00e9 du p\u00e9dalage. Pour une coureuse comme Demi, c\u2019est un atout cl\u00e9.<\/li>\n<p><\/p>\n<li><b>Comment choisir la bonne taille de v\u00e9lo ?<\/b> Cela d\u00e9pend de votre taille, de votre morphologie et de votre style de conduite. Un professionnel peut vous aider \u00e0 trouver la mesure parfaite.<\/li>\n<p><\/p>\n<li><b>Demi Vollering utilise-t-elle un v\u00e9lo sur mesure ?<\/b> Bien que ses v\u00e9los soient souvent adapt\u00e9s \u00e0 ses besoins sp\u00e9cifiques, la taille du cadre reste dans une fourchette standard pour les cyclistes de sa stature.<\/li>\n<p>\n<\/ul>\n<\/p>\n<p><h2>Quel est le salaire de Demi Vollering ?<\/h2>\n<p><\/p>\n<p>Ah, Demi Vollering, cette ph\u00e9nom\u00e9nale cycliste n\u00e9erlandaise qui fait trembler les pelotons et r\u00eaver les sponsors ! Mais parlons chiffres, car m\u00eame les champions ont besoin de payer leurs factures (et leurs v\u00e9los de luxe). Le salaire de Demi Vollering, comme celui de nombreuses stars du cyclisme f\u00e9minin, reste un sujet un peu myst\u00e9rieux. <strong>On estime cependant qu\u2019elle gagne entre 200 000 et 400 000 euros par an<\/strong>, selon ses performances, ses contrats et ses primes. Pas mal pour quelqu\u2019un qui passe ses journ\u00e9es \u00e0 p\u00e9daler comme si elle avait un ours \u00e0 ses trousses !<\/p>\n<p>\n[aib_post_related url=&rsquo;\/tendances\/betharame\/&rsquo; title=&rsquo;D\u00e9couvrez Betharame : un tr\u00e9sor cach\u00e9 \u00e0 explorer absolument !&rsquo; relatedtext=&rsquo;Vous pourriez \u00e9galement \u00eatre int\u00e9ress\u00e9 par:&rsquo;]<\/p>\n<p>Mais attention, ce montant n\u2019est pas juste le fruit de ses victoires sur les routes. <strong>Demi Vollering est \u00e9galement soutenue par des sponsors prestigieux<\/strong>, ce qui gonfle consid\u00e9rablement son portefeuille. Entre les contrats avec SD Worx, les partenariats avec des marques de sport et les primes de victoire, elle sait transformer chaque coup de p\u00e9dale en or. En somme, si vous cherchez une motivation pour vous mettre au v\u00e9lo, Demi vous montre que cela peut \u00eatre aussi rentable qu\u2019\u00e9pique !<\/p>\n<\/p>\n<p><h3>Questions Br\u00fblantes sur le Portefeuille de Demi Vollering<\/h3>\n<p><\/p>\n<ul><\/p>\n<li><b>Comment Demi Vollering gagne-t-elle son salaire ?<\/b> Gr\u00e2ce \u00e0 ses performances en course, ses contrats avec SD Worx et ses partenariats avec des marques de sport.<\/li>\n<p><\/p>\n<li><b>Est-ce que son salaire est comparable \u00e0 celui des cyclistes masculins ?<\/b> Pas encore, mais le cyclisme f\u00e9minin est en plein essor, et les \u00e9carts se r\u00e9duisent progressivement.<\/li>\n<p><\/p>\n<li><b>Quel est le plus gros gain de Demi Vollering en une seule course ?<\/b> Les primes varient, mais une victoire majeure peut lui rapporter plusieurs dizaines de milliers d\u2019euros.<\/li>\n<p>\n<\/ul>\n<\/p>\n<h2>Qu&rsquo;est-il arriv\u00e9 \u00e0 Demi Vollering ?<\/h2>\n<p>Demi Vollering, la star n\u00e9erlandaise du cyclisme, a r\u00e9cemment fait parler d\u2019elle, et pas seulement pour ses performances sur le bitume. Apr\u00e8s une saison 2023 marqu\u00e9e par des victoires \u00e9clatantes et des moments de pur suspense, la question br\u00fble les l\u00e8vres : <strong>o\u00f9 est pass\u00e9e Demi Vollering ?<\/strong> Entre rumeurs de transferts, blessures myst\u00e9rieuses et strat\u00e9gies d\u2019\u00e9quipe, la championne a su garder le suspense intact. Certains murmurent qu\u2019elle pr\u00e9pare un come-back fracassant, tandis que d\u2019autres \u00e9voquent une pause bien m\u00e9rit\u00e9e pour recharger les batteries. Une chose est s\u00fbre : Demi reste au c\u0153ur de l\u2019actualit\u00e9 cycliste, m\u00eame lorsqu\u2019elle semble s\u2019\u00e9clipser.<\/p>\n<p><b>Les fans s\u2019interrogent<\/b> : est-ce une tactique pour surprendre ses adversaires ou simplement un moment de r\u00e9flexion pour red\u00e9finir ses objectifs ? Quoi qu\u2019il en soit, Vollering a toujours su jouer avec les attentes, et cette fois ne fait pas exception. Son silence intrigue, mais une chose est certaine : lorsqu\u2019elle reviendra, ce sera avec la m\u00eame d\u00e9termination et la m\u00eame classe qui ont fait d\u2019elle l\u2019une des meilleures coureuses de sa g\u00e9n\u00e9ration.<\/p>\n<p><h3>Les questions qui tourbillonnent autour de Demi Vollering<\/h3>\n<p><\/p>\n<ul><\/p>\n<li><b>Demi Vollering a-t-elle quitt\u00e9 son \u00e9quipe ?<\/b> Les rumeurs de transfert circulent, mais rien n\u2019a \u00e9t\u00e9 officiellement confirm\u00e9. Patience, les amis !<\/li>\n<p><\/p>\n<li><b>Est-elle bless\u00e9e ?<\/b> Aucune information pr\u00e9cise n\u2019a filtr\u00e9, mais les cyclistes de haut niveau savent \u00e9couter leur corps. Une pause strat\u00e9gique, peut-\u00eatre ?<\/li>\n<p><\/p>\n<li><b>Quand reviendra-t-elle en comp\u00e9tition ?<\/b> Le suspense reste entier, mais une chose est s\u00fbre : son retour sera spectaculaire.<\/li>\n<p>\n<\/ul>\n<\/p>\n<p><h2>Qui est le cycliste le plus lourd ?<\/h2>\n<p>\nLe cyclisme, souvent associ\u00e9 \u00e0 la l\u00e9g\u00e8ret\u00e9 et \u00e0 la vitesse, a aussi ses exceptions qui d\u00e9fient les lois de la gravit\u00e9 (et parfois du bon sens). Alors, qui est le cycliste le plus lourd ? <strong>Magnus White<\/strong>, un cycliste amateur am\u00e9ricain, a fait parler de lui en pesant pas moins de 150 kg tout en parcourant des distances impressionnantes. Son histoire est une preuve vivante que le v\u00e9lo n\u2019est pas r\u00e9serv\u00e9 aux silhouettes effil\u00e9es. Avec une d\u00e9termination \u00e0 toute \u00e9preuve, il a montr\u00e9 que la passion pour le cyclisme ne se mesure pas en kilos, mais en kilom\u00e8tres.<\/p>\n<p>Mais parlons aussi de <strong>Clyde<\/strong>, un autre cycliste c\u00e9l\u00e8bre pour son gabarit imposant. Pesant plus de 130 kg, il a particip\u00e9 \u00e0 des courses d\u2019endurance, prouvant que le poids n\u2019est pas un obstacle insurmontable. Ces cyclistes, loin des clich\u00e9s, red\u00e9finissent les standards du sport et inspirent ceux qui pensent que le v\u00e9lo n\u2019est pas pour eux. <strong>Leur secret ?<\/strong> Une combinaison de pers\u00e9v\u00e9rance, de technique et, surtout, d\u2019amour pour la route.<\/p>\n<p>[aib_post_related url=&rsquo;\/tendances\/francois-bayrou-enfants\/&rsquo; title=&rsquo;Francois Bayrou et ses enfants : d\u00e9couvrez les secrets d&#039;une vie familiale m\u00e9connue !&rsquo; relatedtext=&rsquo;Vous pourriez \u00e9galement \u00eatre int\u00e9ress\u00e9 par:&rsquo;]<\/p>\n<h3>Vous vous posez des questions sur les cyclistes lourds ? On a les r\u00e9ponses !<\/h3>\n<p><\/p>\n<ul><\/p>\n<li><b>Est-ce que le poids est un frein pour le cyclisme ?<\/b> Absolument pas ! Avec le bon \u00e9quipement et une technique adapt\u00e9e, tout le monde peut p\u00e9daler, peu importe le nombre sur la balance.<\/li>\n<p><\/p>\n<li><b>Quels sont les d\u00e9fis sp\u00e9cifiques pour les cyclistes lourds ?<\/b> Ils doivent pr\u00eater attention \u00e0 la solidit\u00e9 de leur v\u00e9lo, \u00e0 leur posture et \u00e0 leur rythme pour \u00e9viter les blessures.<\/li>\n<p><\/p>\n<li><b>Y a-t-il des avantages \u00e0 \u00eatre un cycliste lourd ?<\/b> Oui ! En descente, leur poids leur donne un avantage en termes de vitesse et de stabilit\u00e9.<\/li>\n<p>\n<\/ul><\/p>\n","protected":false},"excerpt":{"rendered":"<p>Quelle taille de v\u00e9lo utilise Demi Vollering ? Demi Vollering, cette star du peloton cycliste, roule sur un v\u00e9lo taill\u00e9 \u00e0 son image : performant et parfaitement adapt\u00e9. Pour une athl\u00e8te de son calibre, chaque d\u00e9tail compte, et la taille du cadre n\u2019\u00e9chappe pas \u00e0 cette r\u00e8gle. Elle utilise g\u00e9n\u00e9ralement un cadre de 51 \u00e0&#8230;<\/p>\n","protected":false},"author":1,"featured_media":7817,"comment_status":"open","ping_status":"","sticky":false,"template":"","format":"standard","meta":{"_kad_post_transparent":"","_kad_post_title":"","_kad_post_layout":"","_kad_post_sidebar_id":"","_kad_post_content_style":"","_kad_post_vertical_padding":"","_kad_post_feature":"","_kad_post_feature_position":"","_kad_post_header":false,"_kad_post_footer":false,"_kad_post_classname":"","iawp_total_views":35,"footnotes":""},"categories":[1],"tags":[],"class_list":["post-7816","post","type-post","status-publish","format-standard","has-post-thumbnail","hentry","category-actualites"],"_links":{"self":[{"href":"https:\/\/www.dmoz.fr\/tendances\/wp-json\/wp\/v2\/posts\/7816","targetHints":{"allow":["GET"]}}],"collection":[{"href":"https:\/\/www.dmoz.fr\/tendances\/wp-json\/wp\/v2\/posts"}],"about":[{"href":"https:\/\/www.dmoz.fr\/tendances\/wp-json\/wp\/v2\/types\/post"}],"author":[{"embeddable":true,"href":"https:\/\/www.dmoz.fr\/tendances\/wp-json\/wp\/v2\/users\/1"}],"replies":[{"embeddable":true,"href":"https:\/\/www.dmoz.fr\/tendances\/wp-json\/wp\/v2\/comments?post=7816"}],"version-history":[{"count":0,"href":"https:\/\/www.dmoz.fr\/tendances\/wp-json\/wp\/v2\/posts\/7816\/revisions"}],"wp:featuredmedia":[{"embeddable":true,"href":"https:\/\/www.dmoz.fr\/tendances\/wp-json\/wp\/v2\/media\/7817"}],"wp:attachment":[{"href":"https:\/\/www.dmoz.fr\/tendances\/wp-json\/wp\/v2\/media?parent=7816"}],"wp:term":[{"taxonomy":"category","embeddable":true,"href":"https:\/\/www.dmoz.fr\/tendances\/wp-json\/wp\/v2\/categories?post=7816"},{"taxonomy":"post_tag","embeddable":true,"href":"https:\/\/www.dmoz.fr\/tendances\/wp-json\/wp\/v2\/tags?post=7816"}],"curies":[{"name":"wp","href":"https:\/\/api.w.org\/{rel}","templated":true}]}}