{"id":7840,"date":"2025-08-27T22:14:04","date_gmt":"2025-08-27T21:14:04","guid":{"rendered":"https:\/\/www.dmoz.fr\/tendances\/acteur-pierre-rochefort\/"},"modified":"2025-08-27T22:14:04","modified_gmt":"2025-08-27T21:14:04","slug":"acteur-pierre-rochefort","status":"publish","type":"post","link":"https:\/\/www.dmoz.fr\/tendances\/acteur-pierre-rochefort\/","title":{"rendered":"Pierre Rochefort : l\u2019ascension fulgurante d\u2019un acteur pas comme les autres"},"content":{"rendered":"<p><\/p>\n<div id='video-container' data-video-id='fMlmXITodQs' style='width:100%; height:auto; max-width:587px; position: relative;'>\n<div class='image-video-plugin' style='background:url(\"https:\/\/img.youtube.com\/vi\/fMlmXITodQs\/0.jpg\") center no-repeat; background-size: cover;'><\/div>\n<p>        <span class='youtube-play-button'><\/span><br \/>\n        <noscript><a href=\"https:\/\/www.youtube.com\/watch?v=fMlmXITodQs\" target=\"_blank\" rel=\"noopener\"><\/a><\/noscript>\n    <\/div>\n<p><\/p>\n<h2>Est-ce que Pierre Rochefort est le fils de Jean Rochefort ?<\/h2>\n<p>Ah, la question qui titille les esprits curieux depuis des ann\u00e9es ! <b>Pierre Rochefort<\/b>, cet acteur talentueux au charisme ind\u00e9niable, est-il vraiment le rejeton du l\u00e9gendaire <b>Jean Rochefort<\/b> ? La r\u00e9ponse est un grand <b>OUI<\/b>, et pas seulement parce que leur nom de famille est identique. Pierre est bien le fils de Jean Rochefort, ce monstre sacr\u00e9 du cin\u00e9ma fran\u00e7ais, et de Nicole Garcia, une actrice et r\u00e9alisatrice tout aussi talentueuse. Une lign\u00e9e artistique qui explique sans doute pourquoi Pierre a h\u00e9rit\u00e9 de cette aisance naturelle devant la cam\u00e9ra. Mais attention, ne vous m\u00e9prenez pas : Pierre ne vit pas seulement dans l\u2019ombre de son illustre p\u00e8re. Il a su se forger une carri\u00e8re solide, avec des r\u00f4les vari\u00e9s qui prouvent qu\u2019il a bien plus qu\u2019un nom \u00e0 faire valoir.<\/p>\n<p>D\u2019ailleurs, si Jean Rochefort \u00e9tait connu pour son humour fin et son \u00e9l\u00e9gance \u00e0 l\u2019\u00e9cran, Pierre, lui, apporte une touche de modernit\u00e9 et de fra\u00eecheur \u00e0 l\u2019industrie cin\u00e9matographique. <b>Leur lien familial est ind\u00e9niable<\/b>, mais Pierre a su tracer son propre chemin, sans se laisser enfermer dans le r\u00f4le du \u00ab fils de \u00bb. Et c\u2019est peut-\u00eatre l\u00e0 que r\u00e9side la plus grande ressemblance entre les deux hommes : leur capacit\u00e9 \u00e0 captiver le public, chacun \u00e0 leur mani\u00e8re. Alors oui, Pierre Rochefort est bien le fils de Jean Rochefort, mais il est aussi bien plus que cela : un artiste \u00e0 part enti\u00e8re.<\/p>\n<p><h3>Vous avez encore des doutes ? On vous \u00e9claire !<\/h3>\n<p><\/p>\n<ul><\/p>\n<li><b>Pierre Rochefort a-t-il suivi les pas de son p\u00e8re ?<\/b> Absolument, mais avec son propre style. Il a choisi de perp\u00e9tuer la tradition familiale tout en apportant sa touche personnelle.<\/li>\n<p><\/p>\n<li><b>Jean Rochefort a-t-il influenc\u00e9 la carri\u00e8re de Pierre ?<\/b> Sans aucun doute, mais Pierre a toujours insist\u00e9 sur le fait qu\u2019il a construit sa carri\u00e8re par lui-m\u00eame, avec ses propres choix et ses propres d\u00e9fis.<\/li>\n<p><\/p>\n<li><b>Y a-t-il des projets communs entre p\u00e8re et fils ?<\/b> Malheureusement non, mais on ne peut s\u2019emp\u00eacher de r\u00eaver \u00e0 ce qu\u2019un tel duo aurait pu donner \u00e0 l\u2019\u00e9cran !<\/li>\n<p>\n<\/ul>\n<\/p>\n<h2>Pierre Rochefort est-il le fils de Nicole Garcia ?<\/h2>\n<p>Ah, la grande question qui titille les esprits curieux et les amateurs de g\u00e9n\u00e9alogie artistique ! <b>Pierre Rochefort<\/b>, cet acteur au charisme ind\u00e9niable, est-il vraiment le fils de <b>Nicole Garcia<\/b>, la l\u00e9gendaire actrice et r\u00e9alisatrice fran\u00e7aise ? La r\u00e9ponse est aussi claire qu\u2019un ciel d\u2019\u00e9t\u00e9 : <b>oui, absolument<\/b>. Pierre Rochefort est bien le fils de Nicole Garcia et de l\u2019acteur <b>Jean Rochefort<\/b>, un duo qui a marqu\u00e9 le cin\u00e9ma fran\u00e7ais. Imaginez le pedigree : une m\u00e8re au talent incontestable et un p\u00e8re \u00e0 la moustache l\u00e9gendaire. Pas \u00e9tonnant que Pierre ait h\u00e9rit\u00e9 d\u2019un tel bagage artistique !<\/p>\n<p>[aib_post_related url=&rsquo;\/tendances\/infection-urinaire-transmissible-2\/&rsquo; title=&rsquo;Infection urinaire transmissible : ce que vous devez absolument savoir&rsquo; relatedtext=&rsquo;Vous pourriez \u00e9galement \u00eatre int\u00e9ress\u00e9 par:&rsquo;]<\/p>\n<p>Si vous vous demandez pourquoi cette question revient si souvent, c\u2019est sans doute parce que Pierre Rochefort a su se faire un nom sans forc\u00e9ment brandir l\u2019\u00e9tendard familial. <b>Discret mais talentueux<\/b>, il a suivi ses propres chemins, tout en portant avec gr\u00e2ce l\u2019h\u00e9ritage de ses parents. Alors oui, il est bien le fils de Nicole Garcia, mais il est surtout <b>lui-m\u00eame<\/b>, un acteur qui continue de surprendre et de captiver le public. Une preuve que le talent, \u00e7a se cultive, mais \u00e7a se prouve aussi !<\/p>\n<h3>Les questions qui br\u00fblent les l\u00e8vres (et les r\u00e9ponses qui rafra\u00eechissent)<\/h3>\n<ul>\n<li><b>Pierre Rochefort et Nicole Garcia, une relation proche ?<\/b> Oui, malgr\u00e9 leurs carri\u00e8res respectives, ils partagent une relation familiale solide, m\u00eame si Pierre pr\u00e9f\u00e8re garder sa vie priv\u00e9e loin des projecteurs.<\/li>\n<li><b>Nicole Garcia a-t-elle influenc\u00e9 la carri\u00e8re de Pierre ?<\/b> Sans doute, mais Pierre a toujours affirm\u00e9 vouloir tracer son propre chemin, loin de l\u2019ombre (ou de la lumi\u00e8re) de ses parents.<\/li>\n<li><b>Jean Rochefort a-t-il jou\u00e9 un r\u00f4le dans l\u2019\u00e9ducation artistique de Pierre ?<\/b> Bien s\u00fbr ! Avec un p\u00e8re comme Jean Rochefort, difficile de ne pas \u00eatre berc\u00e9 par le th\u00e9\u00e2tre et le cin\u00e9ma d\u00e8s le plus jeune \u00e2ge.<\/li>\n<\/ul>\n<p><h2>Qui sont les parents de Cl\u00e9mence Rochefort ?<\/h2>\n<p><\/p>\n<p>Ah, les parents de Cl\u00e9mence Rochefort ! Un sujet qui fait couler autant d\u2019encre que de caf\u00e9 dans les salons parisiens. Si Cl\u00e9mence est aujourd\u2019hui une figure incontournable, il faut bien avouer que ses parents ont jou\u00e9 un r\u00f4le <b>crucial<\/b> dans son ascension. Monsieur et Madame Rochefort, des noms qui r\u00e9sonnent avec \u00e9l\u00e9gance et discr\u00e9tion, ont su inculquer \u00e0 leur fille des valeurs solides, un esprit vif et une touche de charme bien fran\u00e7ais. On murmure m\u00eame qu\u2019ils auraient \u00e9t\u00e9 des mentors discrets mais implacables, guidant Cl\u00e9mence vers les sommets sans jamais chercher les feux de la rampe.<\/p>\n<\/p>\n<p>Leur histoire, bien que gard\u00e9e sous cl\u00e9 comme un bon vin de Bourgogne, laisse entrevoir un duo complice et cultiv\u00e9. <b>Monsieur Rochefort<\/b>, homme d\u2019affaires avis\u00e9, et <b>Madame Rochefort<\/b>, artiste aux multiples talents, ont su allier pragmatisme et cr\u00e9ativit\u00e9 pour offrir \u00e0 Cl\u00e9mence un terreau fertile o\u00f9 s\u2019\u00e9panouir. Leur h\u00e9ritage, bien plus que mat\u00e9riel, est celui d\u2019une \u00e9ducation raffin\u00e9e et d\u2019une vision du monde qui a sans doute fa\u00e7onn\u00e9 la personnalit\u00e9 unique de leur fille. Des parents, oui, mais surtout des architectes d\u2019un destin hors du commun.<\/p>\n<p>[aib_post_related url=&rsquo;\/tendances\/etb-evolution-prismatique\/&rsquo; title=&rsquo;Etb evolution prismatique : d\u00e9couvrez les secrets d&#039;une transformation fascinante&rsquo; relatedtext=&rsquo;Vous pourriez \u00e9galement \u00eatre int\u00e9ress\u00e9 par:&rsquo;]<\/p>\n<h3>Les questions que vous vous posez (et qu\u2019on se pose tous)<\/h3>\n<p><\/p>\n<ul><\/p>\n<li><b>Les parents de Cl\u00e9mence Rochefort sont-ils connus du grand public ?<\/b> Non, ils pr\u00e9f\u00e8rent rester dans l\u2019ombre, laissant \u00e0 leur fille le soin de briller.<\/li>\n<p><\/p>\n<li><b>Quel est le secret de leur \u00e9ducation r\u00e9ussie ?<\/b> Un savant m\u00e9lange de rigueur, de libert\u00e9 et de confiance en soi. La recette parfaite, en somme.<\/li>\n<p><\/p>\n<li><b>Ont-ils influenc\u00e9 la carri\u00e8re de Cl\u00e9mence ?<\/b> Indirectement, oui. Leur soutien et leurs conseils ont \u00e9t\u00e9 des piliers essentiels.<\/li>\n<p>\n<\/ul>\n<\/p>\n<h2>Quel est le vrai nom de l&rsquo;acteur Pierre Richard ?<\/h2>\n<p>[aib_post_related url=&rsquo;\/tendances\/myriam-abel-et-son-mari\/&rsquo; title=&rsquo;Myriam abel et son mari : d\u00e9couvrez les secrets d&#039;un couple hors du commun !&rsquo; relatedtext=&rsquo;Vous pourriez \u00e9galement \u00eatre int\u00e9ress\u00e9 par:&rsquo;]<\/p>\n<p>Ah, Pierre Richard, ce g\u00e9ant blond aux airs de r\u00eaveur maladroit, qui a fait rire des g\u00e9n\u00e9rations enti\u00e8res avec ses mimiques et son charme unique. Mais saviez-vous que derri\u00e8re ce nom si familier se cache un autre patronyme, tout aussi fran\u00e7ais mais nettement moins connu ? <b>Pierre Richard s\u2019appelle en r\u00e9alit\u00e9 Pierre Richard Maurice Charles L\u00e9opold Defays<\/b>. Oui, vous avez bien lu : Defays. Un nom qui sonne presque comme un secret bien gard\u00e9, un peu comme si M. Hulot avait cach\u00e9 son passeport dans une valise oubli\u00e9e. Ce choix de nom de sc\u00e8ne, plus simple et accrocheur, lui a permis de se faire une place au soleil dans le monde du cin\u00e9ma, tout en gardant une part de myst\u00e8re autour de son identit\u00e9.<\/p>\n<p>Mais pourquoi avoir opt\u00e9 pour \u00ab\u00a0Pierre Richard\u00a0\u00bb plut\u00f4t que \u00ab\u00a0Pierre Defays\u00a0\u00bb ? La r\u00e9ponse est sans doute \u00e0 chercher du c\u00f4t\u00e9 de la praticit\u00e9 et de l\u2019impact. <b>Pierre Richard<\/b> est facile \u00e0 retenir, fluide \u00e0 prononcer, et surtout, il colle parfaitement \u00e0 l\u2019image de l\u2019acteur : accessible, sympathique et un brin fantaisiste. Pourtant, derri\u00e8re ce nom de sc\u00e8ne se cache un homme qui a su transformer son h\u00e9ritage familial en une carri\u00e8re l\u00e9gendaire. Alors, la prochaine fois que vous regarderez <i>Le Grand Blond avec une chaussure noire<\/i>, souvenez-vous que ce g\u00e9nie comique porte en lui un nom bien plus long que ses c\u00e9l\u00e8bres enjamb\u00e9es.<\/p>\n<p><h3>Questions que vous vous posez (et auxquelles on r\u00e9pond avec panache)<\/h3>\n<p><\/p>\n<ul><\/p>\n<li><b>Pourquoi Pierre Richard a-t-il chang\u00e9 de nom ?<\/b> Parce que &ldquo;Defays&rdquo; est un peu trop s\u00e9rieux pour un homme qui fait rire en tr\u00e9buchant sur un tapis.<\/li>\n<p><\/p>\n<li><b>Est-ce que Pierre Richard utilise encore son vrai nom ?<\/b> Non, il a troqu\u00e9 &ldquo;Defays&rdquo; contre la gloire et les rires du public.<\/li>\n<p><\/p>\n<li><b>Y a-t-il une signification particuli\u00e8re derri\u00e8re &ldquo;Pierre Richard&rdquo; ?<\/b> Aucune, si ce n\u2019est qu\u2019il sonne comme une invitation \u00e0 la l\u00e9g\u00e8ret\u00e9 et \u00e0 la bonne humeur.<\/li>\n<p>\n<\/ul><\/p>\n","protected":false},"excerpt":{"rendered":"<p>Est-ce que Pierre Rochefort est le fils de Jean Rochefort ? Ah, la question qui titille les esprits curieux depuis des ann\u00e9es ! Pierre Rochefort, cet acteur talentueux au charisme ind\u00e9niable, est-il vraiment le rejeton du l\u00e9gendaire Jean Rochefort ? La r\u00e9ponse est un grand OUI, et pas seulement parce que leur nom de famille&#8230;<\/p>\n","protected":false},"author":1,"featured_media":7841,"comment_status":"open","ping_status":"","sticky":false,"template":"","format":"standard","meta":{"_kad_post_transparent":"","_kad_post_title":"","_kad_post_layout":"","_kad_post_sidebar_id":"","_kad_post_content_style":"","_kad_post_vertical_padding":"","_kad_post_feature":"","_kad_post_feature_position":"","_kad_post_header":false,"_kad_post_footer":false,"_kad_post_classname":"","iawp_total_views":5,"footnotes":""},"categories":[1],"tags":[],"class_list":["post-7840","post","type-post","status-publish","format-standard","has-post-thumbnail","hentry","category-actualites"],"_links":{"self":[{"href":"https:\/\/www.dmoz.fr\/tendances\/wp-json\/wp\/v2\/posts\/7840","targetHints":{"allow":["GET"]}}],"collection":[{"href":"https:\/\/www.dmoz.fr\/tendances\/wp-json\/wp\/v2\/posts"}],"about":[{"href":"https:\/\/www.dmoz.fr\/tendances\/wp-json\/wp\/v2\/types\/post"}],"author":[{"embeddable":true,"href":"https:\/\/www.dmoz.fr\/tendances\/wp-json\/wp\/v2\/users\/1"}],"replies":[{"embeddable":true,"href":"https:\/\/www.dmoz.fr\/tendances\/wp-json\/wp\/v2\/comments?post=7840"}],"version-history":[{"count":0,"href":"https:\/\/www.dmoz.fr\/tendances\/wp-json\/wp\/v2\/posts\/7840\/revisions"}],"wp:featuredmedia":[{"embeddable":true,"href":"https:\/\/www.dmoz.fr\/tendances\/wp-json\/wp\/v2\/media\/7841"}],"wp:attachment":[{"href":"https:\/\/www.dmoz.fr\/tendances\/wp-json\/wp\/v2\/media?parent=7840"}],"wp:term":[{"taxonomy":"category","embeddable":true,"href":"https:\/\/www.dmoz.fr\/tendances\/wp-json\/wp\/v2\/categories?post=7840"},{"taxonomy":"post_tag","embeddable":true,"href":"https:\/\/www.dmoz.fr\/tendances\/wp-json\/wp\/v2\/tags?post=7840"}],"curies":[{"name":"wp","href":"https:\/\/api.w.org\/{rel}","templated":true}]}}