{"id":7856,"date":"2025-08-28T06:48:55","date_gmt":"2025-08-28T05:48:55","guid":{"rendered":"https:\/\/www.dmoz.fr\/tendances\/philippe-mabille-fils-de-bernard-mabille\/"},"modified":"2025-08-28T06:48:55","modified_gmt":"2025-08-28T05:48:55","slug":"philippe-mabille-fils-de-bernard-mabille","status":"publish","type":"post","link":"https:\/\/www.dmoz.fr\/tendances\/philippe-mabille-fils-de-bernard-mabille\/","title":{"rendered":"Philippe Mabille fils de Bernard Mabille : l\u2019histoire m\u00e9connue derri\u00e8re leur lien familial"},"content":{"rendered":"<p><\/p>\n<div id='video-container' data-video-id='cEPZNusc9Y4' style='width:100%; height:auto; max-width:587px; position: relative;'>\n<div class='image-video-plugin' style='background:url(\"https:\/\/img.youtube.com\/vi\/cEPZNusc9Y4\/0.jpg\") center no-repeat; background-size: cover;'><\/div>\n<p>        <span class='youtube-play-button'><\/span><br \/>\n        <noscript><a href=\"https:\/\/www.youtube.com\/watch?v=cEPZNusc9Y4\" target=\"_blank\" rel=\"noopener\"><\/a><\/noscript>\n    <\/div>\n<p><\/p>\n<h2>Qui est le p\u00e8re de Philippe Mabille ?<\/h2>\n<p>Philippe Mabille, ce nom qui r\u00e9sonne dans l\u2019univers de la gastronomie et de la t\u00e9l\u00e9vision, a un h\u00e9ritage familial aussi savoureux qu\u2019un bon plat mijot\u00e9. <strong>Le p\u00e8re de Philippe Mabille n\u2019est autre que Jean Mabille<\/strong>, un homme qui a su transmettre \u00e0 son fils une passion pour les arts culinaires et une curiosit\u00e9 insatiable pour les saveurs du monde. Jean Mabille, bien que moins m\u00e9diatis\u00e9 que son c\u00e9l\u00e8bre rejeton, a jou\u00e9 un r\u00f4le cl\u00e9 dans l\u2019\u00e9ducation et l\u2019inspiration de Philippe, lui inculquant des valeurs et une rigueur qui se refl\u00e8tent aujourd\u2019hui dans son travail.<\/p>\n<p>Si Jean Mabille n\u2019a pas fait les gros titres des magazines culinaires, il reste une figure discr\u00e8te mais essentielle dans l\u2019histoire de Philippe. <strong>C\u2019est gr\u00e2ce \u00e0 lui que Philippe a d\u00e9velopp\u00e9 un amour pr\u00e9coce pour la cuisine<\/strong>, un h\u00e9ritage qui a pris des proportions gastronomiques impressionnantes. Jean Mabille, en tant que p\u00e8re, a su cultiver chez son fils une soif d\u2019apprendre et un esprit critique, des qualit\u00e9s qui font aujourd\u2019hui de Philippe un expert reconnu dans son domaine.<\/p>\n<p><h3>Questions qui mijotent dans votre esprit<\/h3>\n<p><\/p>\n<ul><\/p>\n<li><b>Jean Mabille \u00e9tait-il lui-m\u00eame un cuisinier ?<\/b> Pas exactement, mais il a transmis \u00e0 Philippe une passion pour la cuisine et une curiosit\u00e9 pour les saveurs.<\/li>\n<p><\/p>\n<li><b>Comment Jean Mabille a-t-il influenc\u00e9 la carri\u00e8re de Philippe ?<\/b> En lui offrant une \u00e9ducation ax\u00e9e sur la rigueur et l\u2019amour des arts culinaires, il a pos\u00e9 les bases de sa r\u00e9ussite.<\/li>\n<p><\/p>\n<li><b>Philippe Mabille parle-t-il souvent de son p\u00e8re ?<\/b> Oui, il \u00e9voque r\u00e9guli\u00e8rement l\u2019influence de son p\u00e8re dans ses interviews, reconnaissant son r\u00f4le dans son parcours.<\/li>\n<p>\n<\/ul>\n<\/p>\n<p><h2>Bernard Mabille est-il malade ?<\/h2>\n<p><\/p>\n<p>Depuis quelque temps, les rumeurs vont bon train concernant l\u2019\u00e9tat de sant\u00e9 de Bernard Mabille, le c\u00e9l\u00e8bre chef cuisinier et animateur t\u00e9l\u00e9. <strong>Est-il vraiment malade ?<\/strong> La question agite les r\u00e9seaux sociaux et les amateurs de ses \u00e9missions culinaires. Pour l\u2019instant, aucune d\u00e9claration officielle n\u2019a \u00e9t\u00e9 faite par Bernard Mabille lui-m\u00eame ou son entourage. Cependant, certains observateurs ont not\u00e9 son absence r\u00e9cente dans les m\u00e9dias, ce qui a aliment\u00e9 les sp\u00e9culations. Est-ce simplement une pause bien m\u00e9rit\u00e9e ou y a-t-il quelque chose de plus s\u00e9rieux ?<\/p>\n<\/p>\n<p>Il est important de rappeler que Bernard Mabille, avec son style inimitable et son humour d\u00e9capant, reste une figure embl\u00e9matique de la gastronomie fran\u00e7aise. <b>Sa sant\u00e9, si elle est effectivement en jeu, ne doit pas \u00eatre un sujet de pol\u00e9mique<\/b>, mais plut\u00f4t de bienveillance. Les fans esp\u00e8rent le voir bient\u00f4t de retour derri\u00e8re les fourneaux, pr\u00eat \u00e0 partager ses astuces culinaires et ses recettes savoureuses. En attendant, le myst\u00e8re reste entier, et les rumeurs, bien que tenaces, doivent \u00eatre prises avec des pincettes\u2026 de sel, bien s\u00fbr !<\/p>\n<p>[aib_post_related url=&rsquo;\/tendances\/star-embracing-swordmaster-webnovel\/&rsquo; title=&rsquo;Le secret derri\u00e8re le succ\u00e8s de Star embracing swordmaster : une aventure webnovel \u00e0 ne pas manquer !&rsquo; relatedtext=&rsquo;Vous pourriez \u00e9galement \u00eatre int\u00e9ress\u00e9 par:&rsquo;]<\/p>\n<h3>Vos questions, nos r\u00e9ponses (ou presque)<\/h3>\n<p><\/p>\n<ul><\/p>\n<li><b>Bernard Mabille a-t-il confirm\u00e9 une maladie ?<\/b> Non, aucune confirmation officielle n\u2019a \u00e9t\u00e9 donn\u00e9e. Les rumeurs restent des rumeurs.<\/li>\n<p><\/p>\n<li><b>Pourquoi est-il moins pr\u00e9sent \u00e0 la t\u00e9l\u00e9vision ?<\/b> Cela pourrait simplement \u00eatre une pause professionnelle ou personnelle. Rien d\u2019alarmant !<\/li>\n<p><\/p>\n<li><b>Comment ses fans peuvent-ils le soutenir ?<\/b> En restant positifs et en continuant d\u2019appr\u00e9cier son travail. La bienveillance est toujours de mise.<\/li>\n<p>\n<\/ul>\n<\/p>\n<h2>Pourquoi Bernard Mabille n&rsquo;est plus aux grosses t\u00eates ?<\/h2>\n<p>Bernard Mabille, ce chef flamboyant au verbe aussi p\u00e9tillant que ses champagnes, a longtemps \u00e9t\u00e9 une figure incontournable des <strong>Grosses T\u00eates<\/strong>. Pourtant, depuis quelques temps, son absence sur le plateau de cette \u00e9mission culte fait jaser. Alors, que s\u2019est-il pass\u00e9 ? Rassurez-vous, ce n\u2019est pas une histoire de sauce rat\u00e9e ou de mousse qui retombe. En r\u00e9alit\u00e9, Bernard Mabille a choisi de se concentrer sur d\u2019autres projets, tout aussi savoureux, mais moins radiophoniques. Entre ses \u00e9missions t\u00e9l\u00e9vis\u00e9es, ses livres de cuisine et ses masterclasses culinaires, le chef a d\u00e9cid\u00e9 de diversifier ses fourneaux. Un choix qui, avouons-le, ne manque pas de sel !<\/p>\n<p>Mais ne croyez pas que cette absence soit synonyme de rupture. Bernard Mabille reste tr\u00e8s proche de l\u2019\u00e9quipe des <strong>Grosses T\u00eates<\/strong>, et il n\u2019est pas exclu qu\u2019il fasse un retour surprise, comme un dessert qu\u2019on croyait oubli\u00e9. En attendant, les auditeurs peuvent toujours se consoler en \u00e9coutant ses anecdotes croustillantes en replay. Apr\u00e8s tout, un bon repas se savoure lentement, et une bonne \u00e9mission aussi !<\/p>\n<p>[aib_post_related url=&rsquo;\/tendances\/catacombes-paris\/&rsquo; title=&rsquo;C. Les Catacombes de Paris : Plongez au c\u0153ur du myst\u00e8re souterrain le plus fascinant de la capitale !&rsquo; relatedtext=&rsquo;Vous pourriez \u00e9galement \u00eatre int\u00e9ress\u00e9 par:&rsquo;]<\/p>\n<p><h3>Questions br\u00fblantes sur l\u2019absence de Bernard Mabille<\/h3>\n<ul>\n<li><b>Bernard Mabille a-t-il quitt\u00e9 Les Grosses T\u00eates pour de bon ?<\/b> Non, il s\u2019agit simplement d\u2019une pause pour se consacrer \u00e0 d\u2019autres projets.<\/li>\n<li><b>Peut-on esp\u00e9rer le revoir dans l\u2019\u00e9mission ?<\/b> Absolument ! Un retour n\u2019est pas exclu, alors gardez vos oreilles grandes ouvertes.<\/li>\n<li><b>Que fait-il en ce moment ?<\/b> Entre t\u00e9l\u00e9vision, \u00e9criture et cuisine, Bernard Mabille ne ch\u00f4me pas. Un vrai chef multi-t\u00e2ches !<\/li>\n<\/ul>\n<p><h2>O\u00f9 habite Bernard Mabille ?<\/h2>\n<p>\nBernard Mabille, ce g\u00e9nie culinaire au sourire aussi chaleureux que ses plats, a choisi un \u00e9crin de verdure pour poser ses casseroles et son esprit cr\u00e9atif. Loin du tumulte parisien, il r\u00e9side dans le <strong>Pays Basque<\/strong>, une r\u00e9gion o\u00f9 les montagnes c\u00f4toient l\u2019oc\u00e9an, et o\u00f9 l\u2019art de vivre est une v\u00e9ritable religion. C\u2019est ici, dans cette terre g\u00e9n\u00e9reuse et inspirante, qu\u2019il a plant\u00e9 ses racines, entour\u00e9 de paysages \u00e0 couper le souffle et de produits locaux qui font r\u00eaver tout gourmand qui se respecte.<\/p>\n<p>Sa maison, un m\u00e9lange d\u2019\u00e9l\u00e9gance et d\u2019authenticit\u00e9, refl\u00e8te parfaitement son style : \u00e0 la fois raffin\u00e9 et d\u00e9contract\u00e9. Situ\u00e9e non loin de <strong>Biarritz<\/strong>, elle b\u00e9n\u00e9ficie d\u2019une vue imprenable sur l\u2019Atlantique, un cadre id\u00e9al pour concocter ses recettes et accueillir ses amis lors de d\u00eeners m\u00e9morables. Bernard Mabille a su transformer son lieu de vie en un v\u00e9ritable havre de paix, o\u00f9 la gastronomie et la nature se marient harmonieusement.<\/p>\n<p>[aib_post_related url=&rsquo;\/tendances\/maladie-de-charcot-cest-quoi\/&rsquo; title=&rsquo;Maladie de Charcot : c&#039;est quoi et comment la reconna\u00eetre ?&rsquo; relatedtext=&rsquo;Vous pourriez \u00e9galement \u00eatre int\u00e9ress\u00e9 par:&rsquo;]<\/p>\n<h3>Bernard Mabille et le Pays Basque : Questions qui br\u00fblent les papilles<\/h3>\n<p>\n<b>Pourquoi Bernard Mabille a-t-il choisi le Pays Basque ?<\/b><br \/>\nLe Pays Basque, avec ses produits locaux d\u2019exception et son art de vivre unique, est une source d\u2019inspiration in\u00e9puisable pour le chef. Entre les piments d\u2019Espelette, le jambon de Bayonne et les poissons frais de l\u2019Atlantique, cette r\u00e9gion est un v\u00e9ritable paradis pour un amoureux de la gastronomie.<\/p>\n<p><b>Sa maison est-elle ouverte au public ?<\/b><br \/>\nNon, sa demeure est un lieu priv\u00e9 o\u00f9 il se ressource et cr\u00e9e. Cependant, il partage souvent ses d\u00e9couvertes et ses recettes lors d\u2019\u00e9v\u00e9nements culinaires ou dans ses \u00e9missions, offrant ainsi un aper\u00e7u de son univers.<\/p>\n<p><b>Est-ce que Bernard Mabille cuisine avec des produits locaux ?<\/b><br \/>\nAbsolument ! Le chef est un fervent d\u00e9fenseur des produits du terroir. Il puise son inspiration dans les march\u00e9s locaux et les producteurs basques, valorisant ainsi les saveurs authentiques de la r\u00e9gion.<\/p>\n<p><b>Peut-on croiser Bernard Mabille dans les rues de Biarritz ?<\/b><br \/>\nC\u2019est tout \u00e0 fait possible ! Le chef appr\u00e9cie les balades le long de la c\u00f4te et les vir\u00e9es sur les march\u00e9s. Si vous avez de la chance, vous pourriez bien l\u2019apercevoir en train de d\u00e9nicher les meilleurs ingr\u00e9dients pour ses prochaines cr\u00e9ations.<\/p>\n","protected":false},"excerpt":{"rendered":"<p>Qui est le p\u00e8re de Philippe Mabille ? Philippe Mabille, ce nom qui r\u00e9sonne dans l\u2019univers de la gastronomie et de la t\u00e9l\u00e9vision, a un h\u00e9ritage familial aussi savoureux qu\u2019un bon plat mijot\u00e9. Le p\u00e8re de Philippe Mabille n\u2019est autre que Jean Mabille, un homme qui a su transmettre \u00e0 son fils une passion pour&#8230;<\/p>\n","protected":false},"author":1,"featured_media":7857,"comment_status":"open","ping_status":"","sticky":false,"template":"","format":"standard","meta":{"_kad_post_transparent":"","_kad_post_title":"","_kad_post_layout":"","_kad_post_sidebar_id":"","_kad_post_content_style":"","_kad_post_vertical_padding":"","_kad_post_feature":"","_kad_post_feature_position":"","_kad_post_header":false,"_kad_post_footer":false,"_kad_post_classname":"","iawp_total_views":61,"footnotes":""},"categories":[1],"tags":[],"class_list":["post-7856","post","type-post","status-publish","format-standard","has-post-thumbnail","hentry","category-actualites"],"_links":{"self":[{"href":"https:\/\/www.dmoz.fr\/tendances\/wp-json\/wp\/v2\/posts\/7856","targetHints":{"allow":["GET"]}}],"collection":[{"href":"https:\/\/www.dmoz.fr\/tendances\/wp-json\/wp\/v2\/posts"}],"about":[{"href":"https:\/\/www.dmoz.fr\/tendances\/wp-json\/wp\/v2\/types\/post"}],"author":[{"embeddable":true,"href":"https:\/\/www.dmoz.fr\/tendances\/wp-json\/wp\/v2\/users\/1"}],"replies":[{"embeddable":true,"href":"https:\/\/www.dmoz.fr\/tendances\/wp-json\/wp\/v2\/comments?post=7856"}],"version-history":[{"count":0,"href":"https:\/\/www.dmoz.fr\/tendances\/wp-json\/wp\/v2\/posts\/7856\/revisions"}],"wp:featuredmedia":[{"embeddable":true,"href":"https:\/\/www.dmoz.fr\/tendances\/wp-json\/wp\/v2\/media\/7857"}],"wp:attachment":[{"href":"https:\/\/www.dmoz.fr\/tendances\/wp-json\/wp\/v2\/media?parent=7856"}],"wp:term":[{"taxonomy":"category","embeddable":true,"href":"https:\/\/www.dmoz.fr\/tendances\/wp-json\/wp\/v2\/categories?post=7856"},{"taxonomy":"post_tag","embeddable":true,"href":"https:\/\/www.dmoz.fr\/tendances\/wp-json\/wp\/v2\/tags?post=7856"}],"curies":[{"name":"wp","href":"https:\/\/api.w.org\/{rel}","templated":true}]}}