{"id":7862,"date":"2025-08-28T09:56:09","date_gmt":"2025-08-28T08:56:09","guid":{"rendered":"https:\/\/www.dmoz.fr\/tendances\/patron-puy-du-fou\/"},"modified":"2025-08-28T09:56:09","modified_gmt":"2025-08-28T08:56:09","slug":"patron-puy-du-fou","status":"publish","type":"post","link":"https:\/\/www.dmoz.fr\/tendances\/patron-puy-du-fou\/","title":{"rendered":"D\u00e9couvrez le secret du patron du Puy du Fou pour un succ\u00e8s incontest\u00e9"},"content":{"rendered":"<p><\/p>\n<div id='video-container' data-video-id='s3_Hr_I1acM' style='width:100%; height:auto; max-width:587px; position: relative;'>\n<div class='image-video-plugin' style='background:url(\"https:\/\/img.youtube.com\/vi\/s3_Hr_I1acM\/0.jpg\") center no-repeat; background-size: cover;'><\/div>\n<p>        <span class='youtube-play-button'><\/span><br \/>\n        <noscript><a href=\"https:\/\/www.youtube.com\/watch?v=s3_Hr_I1acM\" target=\"_blank\" rel=\"noopener\"><\/a><\/noscript>\n    <\/div>\n<p><\/p>\n<p><h2>Qui est le propri\u00e9taire du Puy du Fou ?<\/h2>\n<p>\nLe Puy du Fou, ce joyau de l\u2019histoire vivante et des spectacles \u00e9poustouflants, est dirig\u00e9 par une figure aussi charismatique qu\u2019\u00e9nigmatique : <strong>Philippe de Villiers<\/strong>. Cet homme, \u00e0 la fois homme politique, \u00e9crivain et entrepreneur, a transform\u00e9 un champ de ruines en un empire culturel qui attire des millions de visiteurs chaque ann\u00e9e. Imaginez : un ch\u00e2teau m\u00e9di\u00e9val ressuscit\u00e9, des combats de chevaliers qui vous donnent des frissons, et des spectacles qui vous font voyager dans le temps. Tout cela, c\u2019est gr\u00e2ce \u00e0 la vision audacieuse de ce propri\u00e9taire pas comme les autres. Philippe de Villiers, c\u2019est un peu le <strong>\u201cTony Stark\u201d de l\u2019histoire fran\u00e7aise<\/strong>, mais avec moins de robots et plus de chevaux.<\/p>\n<p>Mais attention, derri\u00e8re ce succ\u00e8s ph\u00e9nom\u00e9nal se cache une histoire familiale. Le Puy du Fou est aujourd\u2019hui g\u00e9r\u00e9 par une association, mais Philippe de Villiers en reste l\u2019\u00e2me et le gardien. Ses enfants, <strong>Nicolas et Emmanuel de Villiers<\/strong>, jouent \u00e9galement un r\u00f4le cl\u00e9 dans la p\u00e9rennit\u00e9 de ce projet. Une dynastie, en somme, qui veille sur ce tr\u00e9sor culturel avec autant de passion que de rigueur. Si vous vous demandez qui tient les r\u00eanes de ce spectacle grandiose, la r\u00e9ponse est simple : une famille qui a fait de l\u2019histoire son terrain de jeu et de l\u2019\u00e9motion son m\u00e9tier.<\/p>\n<p><h3>Questions que vous vous posez (sans jamais dire FAQ)<\/h3>\n<p><\/p>\n<ul><\/p>\n<li><b>Philippe de Villiers est-il toujours impliqu\u00e9 dans la gestion du Puy du Fou ?<\/b> Absolument ! Bien que l\u2019association g\u00e8re les op\u00e9rations quotidiennes, Philippe de Villiers reste une figure centrale et inspirante.<\/li>\n<p><\/p>\n<li><b>Le Puy du Fou est-il une entreprise familiale ?<\/b> Oui, c\u2019est une affaire de famille. Les enfants de Philippe de Villiers sont activement impliqu\u00e9s dans le d\u00e9veloppement et la gestion du parc.<\/li>\n<p><\/p>\n<li><b>Quel est le secret du succ\u00e8s du Puy du Fou ?<\/b> Une combinaison unique de passion, de cr\u00e9ativit\u00e9 et d\u2019un amour in\u00e9branlable pour l\u2019histoire fran\u00e7aise.<\/li>\n<p>\n<\/ul>\n<\/p>\n<h2>Qui est le patron de Puy du Fou ?<\/h2>\n<p>Derri\u00e8re les portes majestueuses du Puy du Fou, un parc \u00e0 th\u00e8me qui fait r\u00eaver petits et grands depuis 1978, se cache un homme au charisme aussi imposant que les spectacles qu\u2019il orchestre : <strong>Philippe de Villiers<\/strong>. Cet aristocrate vend\u00e9en, aussi \u00e0 l\u2019aise dans un costume trois pi\u00e8ces que dans une armure m\u00e9di\u00e9vale, est bien plus qu\u2019un simple patron. Il est l\u2019\u00e2me, le cerveau et parfois m\u00eame le metteur en sc\u00e8ne de ce royaume enchant\u00e9. Avec une vision aussi audacieuse que celle d\u2019un chevalier partant en croisade, il a transform\u00e9 un simple champ en une machine \u00e0 remonter le temps, o\u00f9 l\u2019Histoire devient un spectacle \u00e9poustouflant.<\/p>\n<p>Mais ne vous y trompez pas, Philippe de Villiers n\u2019est pas seulement un r\u00eaveur. C\u2019est aussi un strat\u00e8ge redoutable, un entrepreneur hors pair qui a su faire du Puy du Fou une entreprise florissante, tout en gardant une \u00e2me d\u2019artiste. Entre deux coups de projecteurs, il jongle avec les chiffres, les budgets et les ambitions, tout en gardant un \u0153il attentif sur chaque d\u00e9tail. Car oui, chez Puy du Fou, chaque feuille d\u2019arbre, chaque coup d\u2019\u00e9p\u00e9e et chaque note de musique est savamment calcul\u00e9e pour vous transporter dans un autre monde.<\/p>\n<p><h3>Questions que vous vous posez s\u00fbrement sur le patron du Puy du Fou<\/h3>\n<p><\/p>\n<ul><\/p>\n<li><b>Quel est le parcours de Philippe de Villiers ?<\/b> Avant de devenir le ma\u00eetre des lieux, il a men\u00e9 une carri\u00e8re politique et litt\u00e9raire, mais c\u2019est son amour pour l\u2019Histoire qui l\u2019a conduit \u00e0 cr\u00e9er ce parc unique en son genre.<\/li>\n<p><\/p>\n<li><b>Est-il toujours impliqu\u00e9 dans la gestion du parc ?<\/b> Absolument ! M\u00eame si ses fils prennent peu \u00e0 peu le relais, il reste la figure embl\u00e9matique et le gardien des valeurs du Puy du Fou.<\/li>\n<p><\/p>\n<li><b>Quelle est sa vision pour l\u2019avenir du Puy du Fou ?<\/b> Expansion, innovation et fid\u00e9lit\u00e9 \u00e0 l\u2019esprit originel : il veut continuer \u00e0 \u00e9merveiller tout en restant ancr\u00e9 dans l\u2019Histoire.<\/li>\n<p>\n<\/ul>\n<\/p>\n<h2>Quelle est la vie priv\u00e9e de Philippe de Villiers ?<\/h2>\n<p>Philippe de Villiers, ce personnage politique aussi charismatique qu\u2019\u00e9nigmatique, cultive une vie priv\u00e9e aussi discr\u00e8te qu\u2019un jardin secret. Loin des projecteurs m\u00e9diatiques, il pr\u00e9f\u00e8re se retirer dans son ch\u00e2teau de la Vend\u00e9e, un lieu o\u00f9 l\u2019Histoire se m\u00eale \u00e0 l\u2019intimit\u00e9. Mari\u00e9 \u00e0 Dominique de Villiers, avec qui il a sept enfants, il incarne une figure de patriarche attach\u00e9 aux valeurs familiales traditionnelles. <b>Sa vie priv\u00e9e<\/b>, bien qu\u2019\u00e9voqu\u00e9e avec parcimonie, refl\u00e8te une existence ancr\u00e9e dans la culture fran\u00e7aise, entre litt\u00e9rature, politique et passions artistiques.<\/p>\n<p>Si Philippe de Villiers se d\u00e9voile peu, il laisse tout de m\u00eame filtrer quelques bribes de son quotidien. Amateur d\u2019art et de musique, il compose m\u00eame des chansons, une facette m\u00e9connue de cet homme aux multiples talents. Sa famille, souvent pr\u00e9sente lors de ses projets culturels comme le Puy du Fou, semble \u00eatre le pilier de son \u00e9quilibre. <b>Son attachement \u00e0 la Vend\u00e9e<\/b> et \u00e0 son patrimoine transpire dans ses choix de vie, faisant de lui un homme \u00e0 la fois public et r\u00e9solument priv\u00e9.<\/p>\n<p><h3>Les questions que vous vous posez (sans oser les demander)<\/h3>\n<p><\/p>\n<ul><\/p>\n<li><b>Philippe de Villiers est-il aussi passionn\u00e9 en priv\u00e9 qu\u2019en public ?<\/b> Absolument ! Ses proches le d\u00e9crivent comme un homme intense, anim\u00e9 par ses convictions et ses passions artistiques.<\/li>\n<p><\/p>\n<li><b>Comment g\u00e8re-t-il sa vie de famille avec une carri\u00e8re si charg\u00e9e ?<\/b> En faisant de sa famille une priorit\u00e9, tout en partageant avec eux ses projets culturels et politiques.<\/li>\n<p><\/p>\n<li><b>Pourquoi est-il si discret sur sa vie priv\u00e9e ?<\/b> Parce que, pour lui, l\u2019intimit\u00e9 est un tr\u00e9sor \u00e0 pr\u00e9server, loin des tumultes m\u00e9diatiques.<\/li>\n<p>\n<\/ul>\n<\/p>\n<p><h2>Qui est le directeur du parc du Puy du Fou ?<\/h2>\n<p>\nSi vous vous \u00eates d\u00e9j\u00e0 demand\u00e9 qui est le cerveau derri\u00e8re la magie du Puy du Fou, laissez-nous vous pr\u00e9senter <b>Nicolas de Villiers<\/b>. Ce monsieur, qui porte un nom digne d\u2019un roman de cape et d\u2019\u00e9p\u00e9e, est bien plus qu\u2019un simple directeur. C\u2019est un v\u00e9ritable architecte de r\u00eaves, un jongleur de spectacles \u00e9poustouflants et un gardien des traditions historiques. Depuis qu\u2019il a pris les r\u00eanes de ce parc l\u00e9gendaire, il a su transformer une simple id\u00e9e en une exp\u00e9rience immersive qui fait vibrer des millions de visiteurs chaque ann\u00e9e.<\/p>\n<p>Nicolas de Villiers, fils du fondateur Philippe de Villiers, n\u2019a pas juste h\u00e9rit\u00e9 d\u2019un parc, il l\u2019a \u00e9lev\u00e9 au rang de ph\u00e9nom\u00e8ne culturel. Avec une vision aussi audacieuse qu\u2019un sc\u00e9nario hollywoodien, il a orchestr\u00e9 des spectacles grandioses, des d\u00e9cors \u00e0 couper le souffle et des histoires qui vous transportent dans le temps. Sous sa direction, le Puy du Fou est devenu bien plus qu\u2019un parc d\u2019attractions : c\u2019est une machine \u00e0 voyager dans le temps, un hommage vibrant \u00e0 l\u2019histoire de la France.<\/p>\n<p>[aib_post_related url=&rsquo;\/tendances\/prendre-au-futur\/&rsquo; title=&rsquo;Prendre au futur : la cl\u00e9 d&#039;une vie \u00e9panouie et pleine de surprises !&rsquo; relatedtext=&rsquo;Vous pourriez \u00e9galement \u00eatre int\u00e9ress\u00e9 par:&rsquo;]<\/p>\n<h3>Pourquoi Nicolas de Villiers est-il si unique ?<\/h3>\n<p><\/p>\n<ul><\/p>\n<li><b>Visionnaire<\/b> : Il a su m\u00e9langer histoire, technologie et \u00e9motion pour cr\u00e9er des spectacles inoubliables.<\/li>\n<p><\/p>\n<li><b>Passionn\u00e9<\/b> : Son amour pour l\u2019histoire et la culture fran\u00e7aise se ressent dans chaque d\u00e9tail du parc.<\/li>\n<p><\/p>\n<li><b>Innovateur<\/b> : Il a introduit des technologies de pointe pour rendre les spectacles encore plus immersifs.<\/li>\n<p>\n<\/ul>\n<\/p>\n<p><h3>Questions que vous vous posez s\u00fbrement<\/h3>\n<p><\/p>\n<h4>Quel est le secret de Nicolas de Villiers pour r\u00e9ussir ?<\/h4>\n<p>\nSon secret ? Une combinaison gagnante de cr\u00e9ativit\u00e9, de rigueur et d\u2019une \u00e9quipe d\u00e9vou\u00e9e. Sans oublier une bonne dose de folie pour oser des spectacles aussi ambitieux.<\/p>\n<p>[aib_post_related url=&rsquo;\/tendances\/flair-de-famille-distribution\/&rsquo; title=&rsquo;Flair de famille distribution : d\u00e9couvrez le secret d&#039;une r\u00e9ussite interg\u00e9n\u00e9rationnelle !&rsquo; relatedtext=&rsquo;Vous pourriez \u00e9galement \u00eatre int\u00e9ress\u00e9 par:&rsquo;]<\/p>\n<p><h4>Comment Nicolas de Villiers a-t-il influenc\u00e9 le Puy du Fou ?<\/h4>\n<p>\nIl a transform\u00e9 le parc en un v\u00e9ritable hymne \u00e0 l\u2019histoire fran\u00e7aise, en y ajoutant une touche de modernit\u00e9 qui s\u00e9duit petits et grands.<\/p>\n<p><h4>Quel est le prochain projet de Nicolas de Villiers ?<\/h4>\n<p>\nChut ! Les projets du Puy du Fou sont toujours entour\u00e9s de myst\u00e8re. Mais une chose est s\u00fbre : avec Nicolas de Villiers aux commandes, l\u2019attente en vaut toujours la peine.<\/p>\n","protected":false},"excerpt":{"rendered":"<p>Qui est le propri\u00e9taire du Puy du Fou ? Le Puy du Fou, ce joyau de l\u2019histoire vivante et des spectacles \u00e9poustouflants, est dirig\u00e9 par une figure aussi charismatique qu\u2019\u00e9nigmatique : Philippe de Villiers. Cet homme, \u00e0 la fois homme politique, \u00e9crivain et entrepreneur, a transform\u00e9 un champ de ruines en un empire culturel qui&#8230;<\/p>\n","protected":false},"author":1,"featured_media":7863,"comment_status":"open","ping_status":"","sticky":false,"template":"","format":"standard","meta":{"_kad_post_transparent":"","_kad_post_title":"","_kad_post_layout":"","_kad_post_sidebar_id":"","_kad_post_content_style":"","_kad_post_vertical_padding":"","_kad_post_feature":"","_kad_post_feature_position":"","_kad_post_header":false,"_kad_post_footer":false,"_kad_post_classname":"","iawp_total_views":6,"footnotes":""},"categories":[1],"tags":[],"class_list":["post-7862","post","type-post","status-publish","format-standard","has-post-thumbnail","hentry","category-actualites"],"_links":{"self":[{"href":"https:\/\/www.dmoz.fr\/tendances\/wp-json\/wp\/v2\/posts\/7862","targetHints":{"allow":["GET"]}}],"collection":[{"href":"https:\/\/www.dmoz.fr\/tendances\/wp-json\/wp\/v2\/posts"}],"about":[{"href":"https:\/\/www.dmoz.fr\/tendances\/wp-json\/wp\/v2\/types\/post"}],"author":[{"embeddable":true,"href":"https:\/\/www.dmoz.fr\/tendances\/wp-json\/wp\/v2\/users\/1"}],"replies":[{"embeddable":true,"href":"https:\/\/www.dmoz.fr\/tendances\/wp-json\/wp\/v2\/comments?post=7862"}],"version-history":[{"count":0,"href":"https:\/\/www.dmoz.fr\/tendances\/wp-json\/wp\/v2\/posts\/7862\/revisions"}],"wp:featuredmedia":[{"embeddable":true,"href":"https:\/\/www.dmoz.fr\/tendances\/wp-json\/wp\/v2\/media\/7863"}],"wp:attachment":[{"href":"https:\/\/www.dmoz.fr\/tendances\/wp-json\/wp\/v2\/media?parent=7862"}],"wp:term":[{"taxonomy":"category","embeddable":true,"href":"https:\/\/www.dmoz.fr\/tendances\/wp-json\/wp\/v2\/categories?post=7862"},{"taxonomy":"post_tag","embeddable":true,"href":"https:\/\/www.dmoz.fr\/tendances\/wp-json\/wp\/v2\/tags?post=7862"}],"curies":[{"name":"wp","href":"https:\/\/api.w.org\/{rel}","templated":true}]}}