{"id":7864,"date":"2025-08-28T11:58:38","date_gmt":"2025-08-28T10:58:38","guid":{"rendered":"https:\/\/www.dmoz.fr\/tendances\/fete-des-grands-mere-2025\/"},"modified":"2025-08-28T11:58:38","modified_gmt":"2025-08-28T10:58:38","slug":"fete-des-grands-mere-2025","status":"publish","type":"post","link":"https:\/\/www.dmoz.fr\/tendances\/fete-des-grands-mere-2025\/","title":{"rendered":"C\u00e9l\u00e9brez la f\u00eate des grands-m\u00e8res 2025 avec des id\u00e9es inoubliables"},"content":{"rendered":"<p><\/p>\n<div id='video-container' data-video-id='8bsq8xp8Nqw' style='width:100%; height:auto; max-width:587px; position: relative;'>\n<div class='image-video-plugin' style='background:url(\"https:\/\/img.youtube.com\/vi\/8bsq8xp8Nqw\/0.jpg\") center no-repeat; background-size: cover;'><\/div>\n<p>        <span class='youtube-play-button'><\/span><br \/>\n        <noscript><a href=\"https:\/\/www.youtube.com\/watch?v=8bsq8xp8Nqw\" target=\"_blank\" rel=\"noopener\"><\/a><\/noscript>\n    <\/div>\n<p><\/p>\n<p><h2>Quand est la f\u00eate des grands-m\u00e8res en 2025 ?<\/h2>\n<p><\/p>\n<p>Ah, la <b>f\u00eate des grands-m\u00e8res<\/b>, ce moment unique o\u00f9 l\u2019on c\u00e9l\u00e8bre ces reines du g\u00e2teau au chocolat et des histoires interminables ! En 2025, cette journ\u00e9e sp\u00e9ciale tombera le <b>dimanche 2 mars<\/b>. Oui, vous avez bien lu, un dimanche ! Parfait pour organiser un brunch gargantuesque ou une apr\u00e8s-midi tricot-th\u00e9, selon les pr\u00e9f\u00e9rences de votre mamie ador\u00e9e. Et si vous pensiez que cette date \u00e9tait choisie au hasard, d\u00e9trompez-vous : elle est fix\u00e9e chaque ann\u00e9e le premier dimanche de mars. Une tradition bien ancr\u00e9e depuis 1987, gr\u00e2ce \u00e0 une marque de caf\u00e9 (oui, m\u00eame les grands-m\u00e8res ont leurs sponsors).<\/p>\n<\/p>\n<p>Alors, pr\u00e9parez-vous \u00e0 g\u00e2ter celle qui vous a g\u00e2t\u00e9 toute votre vie. Fleurs, chocolats, ou simplement un bon c\u00e2lin, tout est permis pour lui montrer votre amour. Et si vous \u00eates en panne d\u2019id\u00e9es, sachez que les grands-m\u00e8res adorent les cadeaux faits maison. Un dessin, une lettre, ou m\u00eame un g\u00e2teau rat\u00e9 (elles trouveront toujours le moyen de dire que c\u2019est d\u00e9licieux). En 2025, ne laissez pas passer cette occasion de dire \u00e0 votre mamie qu\u2019elle est <b>la meilleure<\/b> \u2013 m\u00eame si elle vous raconte pour la centi\u00e8me fois l\u2019histoire de son premier v\u00e9lo.<\/p>\n<p><h3>Questions que vous vous posez (et que vous n\u2019osiez pas demander)<\/h3>\n<p><\/p>\n<ul><\/p>\n<li><b>Pourquoi la f\u00eate des grands-m\u00e8res est-elle un dimanche ?<\/b> Pour que toute la famille puisse se r\u00e9unir sans stresser avec le boulot ou l\u2019\u00e9cole. C\u2019est malin, non ?<\/li>\n<p><\/p>\n<li><b>Et si ma grand-m\u00e8re habite loin ?<\/b> Pas de panique ! Un coup de fil, une carte postale, ou m\u00eame une vid\u00e9o call feront son bonheur. Les grands-m\u00e8res modernes adorent la technologie (enfin, quand elles arrivent \u00e0 allumer leur tablette).<\/li>\n<p><\/p>\n<li><b>Est-ce que toutes les grand-m\u00e8res sont c\u00e9l\u00e9br\u00e9es ce jour-l\u00e0 ?<\/b> Absolument ! Qu\u2019elles soient mamies, m\u00e9m\u00e9s, ou m\u00eame abuelas, toutes les grand-m\u00e8res ont droit \u00e0 leur moment de gloire.<\/li>\n<p>\n<\/ul>\n<\/p>\n<h2>Quand est la f\u00eate des grands-p\u00e8res et des grands-m\u00e8res ?<\/h2>\n<p>Ah, les grands-parents ! Ces \u00eatres chers qui nous g\u00e2tent avec des bonbons en cachette et des histoires d\u2019un autre temps. Mais savez-vous quand leur rendre hommage officiellement ? La <b>f\u00eate des grands-m\u00e8res<\/b> a lieu chaque ann\u00e9e le <b>premier dimanche de mars<\/b>. Une occasion parfaite pour offrir un bouquet de fleurs, un g\u00e2teau maison ou simplement un c\u00e2lin bien m\u00e9rit\u00e9. Quant \u00e0 la <b>f\u00eate des grands-p\u00e8res<\/b>, elle est c\u00e9l\u00e9br\u00e9e le <b>premier dimanche d\u2019octobre<\/b>. Une date id\u00e9ale pour organiser un d\u00e9jeuner en famille ou leur offrir un cadeau qui leur rappellera \u00e0 quel point ils comptent pour vous.<\/p>\n<p>Ces deux f\u00eates, bien que moins m\u00e9diatis\u00e9es que la f\u00eate des m\u00e8res ou des p\u00e8res, sont l\u2019occasion de montrer notre gratitude envers ces piliers de la famille. Que ce soit en mars ou en octobre, prenez le temps de leur \u00e9crire une carte, de partager un moment privil\u00e9gi\u00e9 ou de leur faire une surprise. Apr\u00e8s tout, ils ont bien m\u00e9rit\u00e9 leur jour de gloire ! Et si vous avez oubli\u00e9 la date, pas de panique : il y a toujours l\u2019ann\u00e9e prochaine\u2026 ou un appel t\u00e9l\u00e9phonique pour rattraper le coup.<\/p>\n<p><h3>Vous avez des questions ? On a les r\u00e9ponses !<\/h3>\n<ul>\n<li><b>Pourquoi la f\u00eate des grands-m\u00e8res est-elle en mars ?<\/b> Cette date a \u00e9t\u00e9 choisie dans les ann\u00e9es 1980 par une marque de caf\u00e9 pour promouvoir ses produits. Depuis, elle est rest\u00e9e dans les calendriers !<\/li>\n<li><b>Et la f\u00eate des grands-p\u00e8res, d\u2019o\u00f9 vient-elle ?<\/b> Instaur\u00e9e en 2008, elle a \u00e9t\u00e9 cr\u00e9\u00e9e pour mettre en lumi\u00e8re le r\u00f4le essentiel des papys dans la famille.<\/li>\n<li><b>Faut-il vraiment attendre ces dates pour les f\u00eater ?<\/b> Absolument pas ! Chaque jour est une bonne occasion de leur montrer votre amour. Mais ces dates officielles sont l\u00e0 pour ne pas oublier.<\/li>\n<\/ul>\n<h2>Quel est le jour des f\u00eates de mamie ?<\/h2>\n<p>Ah, la f\u00eate des mamies, ce jour o\u00f9 les g\u00e2teaux au chocolat fleurissent, les bisous se multiplient et les souvenirs d\u2019enfance refont surface avec une douce nostalgie. Mais savez-vous <b>quel jour exactement<\/b> il faut sortir les bougies et les cadeaux ? Ne cherchez plus, car c\u2019est le <b>premier dimanche de mars<\/b> que l\u2019on c\u00e9l\u00e8bre ces reines du tricot et des confitures. Une date choisie pour honorer ces femmes qui ont su nous g\u00e2ter, nous conseiller et parfois nous gronder (mais toujours avec amour). Alors, marquez-le en rouge sur votre calendrier, car oublier ce jour, c\u2019est risquer de se faire rayer du testament\u2026 ou pire, de ne plus avoir droit aux cr\u00eapes du dimanche !<\/p>\n<p>Ce jour sp\u00e9cial, lanc\u00e9 en France en 1987, est devenu une v\u00e9ritable institution. Entre les cartes personnalis\u00e9es, les appels t\u00e9l\u00e9phoniques \u00e9mouvants et les visites surprises, c\u2019est l\u2019occasion parfaite de montrer \u00e0 mamie qu\u2019elle est unique. Et si vous vous demandez pourquoi mars, sachez que c\u2019est un mois qui symbolise le renouveau, un peu comme mamie qui renouvelle sans cesse notre amour pour elle. Alors, pr\u00e9parez-vous \u00e0 lui offrir un moment inoubliable, car, comme elle le dit si bien : <b>\u00ab Une mamie heureuse, c\u2019est une famille heureuse ! \u00bb<\/b>.<\/p>\n<p>[aib_post_related url=&rsquo;\/tendances\/bruno-retailleau\/&rsquo; title=&rsquo;Bruno retailleau : d\u00e9couvrez l&#039;homme derri\u00e8re les ambitions politiques audacieuses&rsquo; relatedtext=&rsquo;Vous pourriez \u00e9galement \u00eatre int\u00e9ress\u00e9 par:&rsquo;]<\/p>\n<h3>Questions qui vous br\u00fblent les l\u00e8vres (ou presque)<\/h3>\n<ul>\n<li><b>Pourquoi f\u00eater les mamies en mars ?<\/b> Parce que mars, c\u2019est le mois du printemps, de la renaissance, et mamie, c\u2019est un peu notre printemps \u00e0 nous !<\/li>\n<li><b>Et si j\u2019oublie la date ?<\/b> Pas de panique, mais pr\u00e9parez-vous \u00e0 un regard d\u00e9sapprobateur et \u00e0 un g\u00e2teau en moins \u00e0 No\u00ebl.<\/li>\n<li><b>Comment f\u00eater mamie sans claquer son PEL ?<\/b> Un simple c\u00e2lin, une lettre \u00e9crite \u00e0 la main ou une apr\u00e8s-midi ensemble valent tous les cadeaux du monde.<\/li>\n<\/ul>\n<h2>Quand est la F\u00eate des grands-m\u00e8res en 2026 ?<\/h2>\n<p>Ah, la F\u00eate des grands-m\u00e8res, ce jour sacr\u00e9 o\u00f9 l\u2019on c\u00e9l\u00e8bre celles qui ont le secret des g\u00e2teaux moelleux et des c\u00e2lins r\u00e9confortants ! En 2026, cette journ\u00e9e sp\u00e9ciale tombera le <b>dimanche 1er mars<\/b>. Oui, vous avez bien lu : un dimanche, ce qui signifie que vous aurez tout le temps n\u00e9cessaire pour pr\u00e9parer un brunch royal, \u00e9crire une carte pleine de mots doux, ou m\u00eame organiser une escapade surprise. Apr\u00e8s tout, Mamie m\u00e9rite bien plus qu\u2019un simple bouquet de fleurs (m\u00eame si, soyons honn\u00eates, elle adore les fleurs).<\/p>\n<p>[aib_post_related url=&rsquo;\/tendances\/chanson-et-tu-danses-avec-lui\/&rsquo; title=&rsquo;La chanson &ldquo;et tu danses avec lui&rdquo; : d\u00e9couvrez son histoire et ses secrets cach\u00e9s&rsquo; relatedtext=&rsquo;Vous pourriez \u00e9galement \u00eatre int\u00e9ress\u00e9 par:&rsquo;]<\/p>\n<p>Mais pourquoi cette date ? La F\u00eate des grands-m\u00e8res a \u00e9t\u00e9 cr\u00e9\u00e9e en 1987 par une marque de caf\u00e9 (oui, le caf\u00e9, ce carburant des matins difficiles) et elle est fix\u00e9e chaque ann\u00e9e au premier dimanche de mars. En 2026, cela tombe pile sur le 1er mars, alors notez-le dans votre agenda, sur votre frigo, ou m\u00eame sur votre bras si vous \u00eates du genre \u00e0 tout oublier. Parce que manquer cette f\u00eate, c\u2019est un peu comme oublier d\u2019arroser une plante : \u00e7a finit toujours mal. Alors, pr\u00e9parez-vous \u00e0 g\u00e2ter Mamie comme il se doit !<\/p>\n<p>[aib_post_related url=&rsquo;\/tendances\/actualites-la-reunion\/&rsquo; title=&rsquo;Actualit\u00e9s La R\u00e9union : d\u00e9couvrez les secrets qui font vibrer l&#039;\u00eele !&rsquo; relatedtext=&rsquo;Vous pourriez \u00e9galement \u00eatre int\u00e9ress\u00e9 par:&rsquo;]<\/p>\n<p><h3>Questions br\u00fblantes sur la F\u00eate des grands-m\u00e8res en 2026<\/h3>\n<p><\/p>\n<ul><\/p>\n<li><b>Pourquoi la F\u00eate des grands-m\u00e8res est-elle toujours un dimanche ?<\/b> Pour permettre \u00e0 toute la famille de se r\u00e9unir sans stresser entre les cours, le travail et les activit\u00e9s des petits-enfants. Un jour de repos pour tous, sauf pour Mamie qui sera au centre de l\u2019attention !<\/li>\n<p><\/p>\n<li><b>Que faire si je ne peux pas \u00eatre pr\u00e9sent le 1er mars 2026 ?<\/b> Pas de panique ! Un coup de fil, une vid\u00e9o-call ou m\u00eame un colis surprise envoy\u00e9 \u00e0 l\u2019avance feront tout aussi plaisir. Mamie comprendra, elle est comme \u00e7a.<\/li>\n<p><\/p>\n<li><b>Comment rendre cette journ\u00e9e m\u00e9morable ?<\/b> Pensez \u00e0 des activit\u00e9s simples mais personnelles : un album photo, une recette pr\u00e9par\u00e9e ensemble, ou m\u00eame une journ\u00e9e \u00e0 revisiter ses endroits pr\u00e9f\u00e9r\u00e9s. L\u2019important, c\u2019est l\u2019intention (et peut-\u00eatre un peu de chocolat).<\/li>\n<p>\n<\/ul><\/p>\n","protected":false},"excerpt":{"rendered":"<p>Quand est la f\u00eate des grands-m\u00e8res en 2025 ? Ah, la f\u00eate des grands-m\u00e8res, ce moment unique o\u00f9 l\u2019on c\u00e9l\u00e8bre ces reines du g\u00e2teau au chocolat et des histoires interminables ! En 2025, cette journ\u00e9e sp\u00e9ciale tombera le dimanche 2 mars. Oui, vous avez bien lu, un dimanche ! Parfait pour organiser un brunch gargantuesque&#8230;<\/p>\n","protected":false},"author":1,"featured_media":7865,"comment_status":"open","ping_status":"","sticky":false,"template":"","format":"standard","meta":{"_kad_post_transparent":"","_kad_post_title":"","_kad_post_layout":"","_kad_post_sidebar_id":"","_kad_post_content_style":"","_kad_post_vertical_padding":"","_kad_post_feature":"","_kad_post_feature_position":"","_kad_post_header":false,"_kad_post_footer":false,"_kad_post_classname":"","iawp_total_views":2,"footnotes":""},"categories":[1],"tags":[],"class_list":["post-7864","post","type-post","status-publish","format-standard","has-post-thumbnail","hentry","category-actualites"],"_links":{"self":[{"href":"https:\/\/www.dmoz.fr\/tendances\/wp-json\/wp\/v2\/posts\/7864","targetHints":{"allow":["GET"]}}],"collection":[{"href":"https:\/\/www.dmoz.fr\/tendances\/wp-json\/wp\/v2\/posts"}],"about":[{"href":"https:\/\/www.dmoz.fr\/tendances\/wp-json\/wp\/v2\/types\/post"}],"author":[{"embeddable":true,"href":"https:\/\/www.dmoz.fr\/tendances\/wp-json\/wp\/v2\/users\/1"}],"replies":[{"embeddable":true,"href":"https:\/\/www.dmoz.fr\/tendances\/wp-json\/wp\/v2\/comments?post=7864"}],"version-history":[{"count":0,"href":"https:\/\/www.dmoz.fr\/tendances\/wp-json\/wp\/v2\/posts\/7864\/revisions"}],"wp:featuredmedia":[{"embeddable":true,"href":"https:\/\/www.dmoz.fr\/tendances\/wp-json\/wp\/v2\/media\/7865"}],"wp:attachment":[{"href":"https:\/\/www.dmoz.fr\/tendances\/wp-json\/wp\/v2\/media?parent=7864"}],"wp:term":[{"taxonomy":"category","embeddable":true,"href":"https:\/\/www.dmoz.fr\/tendances\/wp-json\/wp\/v2\/categories?post=7864"},{"taxonomy":"post_tag","embeddable":true,"href":"https:\/\/www.dmoz.fr\/tendances\/wp-json\/wp\/v2\/tags?post=7864"}],"curies":[{"name":"wp","href":"https:\/\/api.w.org\/{rel}","templated":true}]}}