{"id":7913,"date":"2025-08-29T13:43:31","date_gmt":"2025-08-29T12:43:31","guid":{"rendered":"https:\/\/www.dmoz.fr\/tendances\/pourquoi-pauline-ferrand-prevot-ne-sappelle-pas\/"},"modified":"2025-08-29T13:43:31","modified_gmt":"2025-08-29T12:43:31","slug":"pourquoi-pauline-ferrand-prevot-ne-sappelle-pas","status":"publish","type":"post","link":"https:\/\/www.dmoz.fr\/tendances\/pourquoi-pauline-ferrand-prevot-ne-sappelle-pas\/","title":{"rendered":"Pourquoi Pauline Ferrand Prevot ne s\u2019appelle pas comme vous le pensez"},"content":{"rendered":"<p><\/p>\n<div id='video-container' data-video-id='La7fsRnLgnU' style='width:100%; height:auto; max-width:587px; position: relative;'>\n<div class='image-video-plugin' style='background:url(\"https:\/\/img.youtube.com\/vi\/La7fsRnLgnU\/0.jpg\") center no-repeat; background-size: cover;'><\/div>\n<p>        <span class='youtube-play-button'><\/span><br \/>\n        <noscript><a href=\"https:\/\/www.youtube.com\/watch?v=La7fsRnLgnU\" target=\"_blank\" rel=\"noopener\"><\/a><\/noscript>\n    <\/div>\n<p><\/p>\n<h2>Pourquoi Pauline Ferrand-Pr\u00e9vot s&rsquo;appelle comme \u00e7a ?<\/h2>\n<p>Pauline Ferrand-Pr\u00e9vot, cette athl\u00e8te hors pair, porte un nom qui r\u00e9sonne comme une m\u00e9lodie \u00e9l\u00e9gante dans le monde du sport. Mais d\u2019o\u00f9 vient ce patronyme si distinctif ? <b>Ferrand-Pr\u00e9vot<\/b> est en r\u00e9alit\u00e9 une combinaison de deux noms de famille, une pratique courante en France pour honorer les lign\u00e9es familiales. Le nom <b>Ferrand<\/b> \u00e9voque des racines solides, peut-\u00eatre li\u00e9es \u00e0 des anc\u00eatres travaillant la terre ou exer\u00e7ant des m\u00e9tiers artisanaux. Quant \u00e0 <b>Pr\u00e9vot<\/b>, il rappelle une certaine noblesse, un titre qui, autrefois, d\u00e9signait un officier ou un responsable dans une communaut\u00e9. Ensemble, ces deux noms forment une alliance parfaite, \u00e0 l\u2019image de Pauline elle-m\u00eame : forte, d\u00e9termin\u00e9e et \u00e9l\u00e9gante.<\/p>\n<p>Mais pourquoi <b>Pauline<\/b> ? Ce pr\u00e9nom, d\u2019origine latine, signifie \u00ab petite \u00bb ou \u00ab modeste \u00bb. Ironique, n\u2019est-ce pas, pour une sportive qui domine les podiums avec une telle grandeur ? Pourtant, il refl\u00e8te peut-\u00eatre une partie de son caract\u00e8re : une humilit\u00e9 qui contraste avec ses exploits impressionnants. Ainsi, <b>Pauline Ferrand-Pr\u00e9vot<\/b> n\u2019est pas juste un nom, c\u2019est une histoire, une identit\u00e9 qui raconte \u00e0 la fois ses origines et son parcours exceptionnel. Un nom qui, d\u00e9cid\u00e9ment, m\u00e9rite d\u2019\u00eatre grav\u00e9 dans les annales du sport.<\/p>\n<p><h3>Questions que vous vous posez s\u00fbrement sur son nom<\/h3>\n<p><\/p>\n<ul><\/p>\n<li><b>Est-ce que Ferrand-Pr\u00e9vot est un nom rare ?<\/b> Oui, c\u2019est un nom assez unique, ce qui le rend d\u2019autant plus m\u00e9morable.<\/li>\n<p><\/p>\n<li><b>Pourquoi deux noms de famille ?<\/b> C\u2019est une tradition fran\u00e7aise qui permet de pr\u00e9server les deux lign\u00e9es familiales.<\/li>\n<p><\/p>\n<li><b>Le pr\u00e9nom Pauline a-t-il une signification particuli\u00e8re ?<\/b> Oui, il vient du latin et signifie \u00ab petite \u00bb, un joli contraste avec ses grandes performances !<\/li>\n<p>\n<\/ul>\n<\/p>\n<p><h2>Qui a appel\u00e9 Pauline Ferrand-Pr\u00e9vot ?<\/h2>\n<p><\/p>\n<p>Ah, la grande question qui agite les esprits depuis que le t\u00e9l\u00e9phone a sonn\u00e9 dans la vie de Pauline Ferrand-Pr\u00e9vot, cette championne cycliste au palmar\u00e8s plus long qu\u2019une mont\u00e9e du Mont Ventoux. <b>Qui donc a os\u00e9 d\u00e9ranger cette reine du VTT, du cyclo-cross et de la route ?<\/b> Les sp\u00e9culations vont bon train : \u00e9tait-ce un sponsor enthousiaste pr\u00eat \u00e0 lui offrir un contrat en or massif ? Un ami cher partageant une nouvelle croustillante ? Ou peut-\u00eatre un admirateur secret, pr\u00eat \u00e0 d\u00e9clarer sa flamme entre deux tours de p\u00e9dalier ? Le myst\u00e8re reste entier, mais une chose est s\u00fbre : quand Pauline r\u00e9pond, c\u2019est toujours avec la m\u00eame \u00e9l\u00e9gance et la m\u00eame d\u00e9termination qui font d\u2019elle une l\u00e9gende du sport.<\/p>\n<\/p>\n<p>Dans le monde impitoyable des m\u00e9dias et des r\u00e9seaux sociaux, chaque d\u00e9tail de la vie des stars est scrut\u00e9 \u00e0 la loupe. Alors, quand on parle de Pauline Ferrand-Pr\u00e9vot, <b>ce coup de fil devient presque une \u00e9nigme digne d\u2019Agatha Christie<\/b>. Certains murmurent que c\u2019\u00e9tait un appel li\u00e9 \u00e0 un nouveau projet sportif, d\u2019autres parient sur une annonce surprise. Mais Pauline, elle, garde le silence, pr\u00e9f\u00e9rant laisser planer le doute tout en continuant de dominer les pistes. Apr\u00e8s tout, une championne de son calibre sait mieux que quiconque comment garder ses cartes pr\u00e8s du c\u0153ur\u2026 ou de son guidon.<\/p>\n<p><h3>Vous vous posez des questions ? On a les r\u00e9ponses !<\/h3>\n<p><\/p>\n<ul><\/p>\n<li><b>Est-ce que l\u2019appel \u00e9tait li\u00e9 \u00e0 sa carri\u00e8re sportive ?<\/b> Probablement, mais Pauline ne d\u00e9voile rien pour l\u2019instant.<\/li>\n<p><\/p>\n<li><b>Un admirateur secret pourrait-il \u00eatre \u00e0 l\u2019origine de cet appel ?<\/b> Tout est possible, mais notre championne reste discr\u00e8te.<\/li>\n<p><\/p>\n<li><b>Pourquoi tant de myst\u00e8re autour de ce coup de fil ?<\/b> Parce que Pauline Ferrand-Pr\u00e9vot aime garder une part de myst\u00e8re, m\u00eame en dehors des pistes.<\/li>\n<p>\n<\/ul>\n<\/p>\n<h2>Quel est le surnom de Pauline Ferrand-Pr\u00e9vot ?<\/h2>\n<p>Pauline Ferrand-Pr\u00e9vot, cette athl\u00e8te hors norme qui encha\u00eene les victoires comme d\u2019autres encha\u00eenent les \u00e9pisodes de leur s\u00e9rie pr\u00e9f\u00e9r\u00e9e, est souvent surnomm\u00e9e <b>\u00ab La Reine du VTT \u00bb<\/b>. Ce titre n\u2019est pas tomb\u00e9 du ciel, mais plut\u00f4t grav\u00e9 dans la pierre gr\u00e2ce \u00e0 ses performances \u00e9poustouflantes. Championne du monde en VTT, cyclisme sur route et cyclo-cross, elle a prouv\u00e9 qu\u2019elle pouvait r\u00e9gner sur plusieurs disciplines sans jamais perdre sa couronne. Ce surnom, aussi \u00e9l\u00e9gant qu\u2019elle, refl\u00e8te \u00e0 la fois son talent, sa d\u00e9termination et son charisme sur et en dehors des pistes.<\/p>\n<p><b>\u00ab La Reine du VTT \u00bb<\/b> n\u2019est pas juste un sobriquet, c\u2019est une l\u00e9gende vivante. Avec son palmar\u00e8s impressionnant et sa capacit\u00e9 \u00e0 dominer les terrains les plus exigeants, Pauline Ferrand-Pr\u00e9vot incarne l\u2019excellence sportive. Ce surnom, adopt\u00e9 par les fans et les m\u00e9dias, est devenu une marque de fabrique, un peu comme si elle avait sign\u00e9 chaque victoire de son sceau royal. Et avouons-le, qui d\u2019autre m\u00e9riterait un tel titre si ce n\u2019est elle ?<\/p>\n<p><h3>Pourquoi Pauline Ferrand-Pr\u00e9vot m\u00e9rite-t-elle ce surnom ?<\/h3>\n<p><\/p>\n<ul><\/p>\n<li><b>Polyvalence exceptionnelle<\/b> : Elle a domin\u00e9 plusieurs disciplines cyclistes, ce qui est rare et impressionnant.<\/li>\n<p><\/p>\n<li><b>Palmar\u00e8s impressionnant<\/b> : Championne du monde \u00e0 plusieurs reprises, elle a prouv\u00e9 qu\u2019elle \u00e9tait au sommet de son art.<\/li>\n<p><\/p>\n<li><b>Charisme et leadership<\/b> : Sur et en dehors des pistes, elle inspire par son attitude et sa d\u00e9termination.<\/li>\n<p>\n<\/ul>\n<\/p>\n<p><h3>Vous vous posez des questions sur \u00ab La Reine du VTT \u00bb ?<\/h3>\n<p>\n<b>Pourquoi l\u2019appelle-t-on \u00ab La Reine du VTT \u00bb ?<\/b><br \/>\nCe surnom lui a \u00e9t\u00e9 attribu\u00e9 en raison de sa domination incontest\u00e9e dans le monde du VTT, mais aussi pour son excellence dans d\u2019autres disciplines cyclistes.<\/p>\n<p><b>Qui d\u2019autre pourrait porter ce titre ?<\/b><br \/>\nPour l\u2019instant, Pauline Ferrand-Pr\u00e9vot est la seule \u00e0 m\u00e9riter ce surnom, gr\u00e2ce \u00e0 ses performances uniques et son palmar\u00e8s impressionnant.<\/p>\n<p><b>Ce surnom est-il officiel ?<\/b><br \/>\nNon, il n\u2019est pas officiel, mais il est largement utilis\u00e9 par les fans, les m\u00e9dias et les commentateurs sportifs pour c\u00e9l\u00e9brer son talent.<\/p>\n<h2>Quel est le salaire de Pauline Ferrand-Pr\u00e9vot ?<\/h2>\n<p>Pauline Ferrand-Pr\u00e9vot, cette reine incontest\u00e9e du VTT, du cyclisme sur route et du cyclo-cross, ne se contente pas de collectionner les titres mondiaux comme on collectionne les timbres. Mais alors, combien p\u00e8se cette l\u00e9gende vivante sur la balance financi\u00e8re ? <b>Difficile de donner un chiffre exact<\/b>, car les salaires des athl\u00e8tes varient en fonction des contrats, des sponsors et des performances. Cependant, on estime que ses revenus annuels oscillent entre <b>200 000 et 500 000 euros<\/b>, voire plus lors des ann\u00e9es exceptionnelles. Pas mal pour une championne qui passe plus de temps sur son v\u00e9lo que sur un canap\u00e9 !<\/p>\n<p>En plus de ses gains en comp\u00e9titions, Pauline b\u00e9n\u00e9ficie de partenariats prestigieux avec des marques comme <b>BMC<\/b> et <b>Red Bull<\/b>, ce qui gonfle consid\u00e9rablement son portefeuille. Ajoutez \u00e0 cela les primes de victoire, les contrats publicitaires et les apparitions m\u00e9diatiques, et vous obtenez une athl\u00e8te qui p\u00e9dale droit vers la r\u00e9ussite financi\u00e8re. <b>Pas \u00e9tonnant qu\u2019elle ait le sourire aux l\u00e8vres, m\u00eame apr\u00e8s une course \u00e9prouvante !<\/b><\/p>\n<p>[aib_post_related url=&rsquo;\/tendances\/aksehir-bar-grenoble\/&rsquo; title=&rsquo;D\u00e9couvrez Aksehir bar \u00e0 Grenoble : une exp\u00e9rience in\u00e9dite \u00e0 ne pas manquer !&rsquo; relatedtext=&rsquo;Vous pourriez \u00e9galement \u00eatre int\u00e9ress\u00e9 par:&rsquo;]<\/p>\n<p><h3>Questions que vous vous posez s\u00fbrement sur Pauline Ferrand-Pr\u00e9vot<\/h3>\n<p><\/p>\n<ul><\/p>\n<li><b>Combien gagne-t-elle par victoire ?<\/b> Les primes varient selon les comp\u00e9titions, mais une victoire mondiale peut rapporter entre 10 000 et 50 000 euros.<\/li>\n<p><\/p>\n<li><b>Quels sont ses principaux sponsors ?<\/b> BMC, Red Bull et d\u2019autres grandes marques sportives la soutiennent financi\u00e8rement.<\/li>\n<p><\/p>\n<li><b>Est-elle l\u2019une des cyclistes les mieux pay\u00e9es ?<\/b> Absolument ! Son palmar\u00e8s impressionnant et ses partenariats lucratifs en font l\u2019une des athl\u00e8tes les plus rentables de sa discipline.<\/li>\n<p>\n<\/ul><\/p>\n","protected":false},"excerpt":{"rendered":"<p>Pourquoi Pauline Ferrand-Pr\u00e9vot s&rsquo;appelle comme \u00e7a ? Pauline Ferrand-Pr\u00e9vot, cette athl\u00e8te hors pair, porte un nom qui r\u00e9sonne comme une m\u00e9lodie \u00e9l\u00e9gante dans le monde du sport. Mais d\u2019o\u00f9 vient ce patronyme si distinctif ? Ferrand-Pr\u00e9vot est en r\u00e9alit\u00e9 une combinaison de deux noms de famille, une pratique courante en France pour honorer les lign\u00e9es&#8230;<\/p>\n","protected":false},"author":1,"featured_media":7914,"comment_status":"open","ping_status":"","sticky":false,"template":"","format":"standard","meta":{"_kad_post_transparent":"","_kad_post_title":"","_kad_post_layout":"","_kad_post_sidebar_id":"","_kad_post_content_style":"","_kad_post_vertical_padding":"","_kad_post_feature":"","_kad_post_feature_position":"","_kad_post_header":false,"_kad_post_footer":false,"_kad_post_classname":"","iawp_total_views":15,"footnotes":""},"categories":[1],"tags":[],"class_list":["post-7913","post","type-post","status-publish","format-standard","has-post-thumbnail","hentry","category-actualites"],"_links":{"self":[{"href":"https:\/\/www.dmoz.fr\/tendances\/wp-json\/wp\/v2\/posts\/7913","targetHints":{"allow":["GET"]}}],"collection":[{"href":"https:\/\/www.dmoz.fr\/tendances\/wp-json\/wp\/v2\/posts"}],"about":[{"href":"https:\/\/www.dmoz.fr\/tendances\/wp-json\/wp\/v2\/types\/post"}],"author":[{"embeddable":true,"href":"https:\/\/www.dmoz.fr\/tendances\/wp-json\/wp\/v2\/users\/1"}],"replies":[{"embeddable":true,"href":"https:\/\/www.dmoz.fr\/tendances\/wp-json\/wp\/v2\/comments?post=7913"}],"version-history":[{"count":0,"href":"https:\/\/www.dmoz.fr\/tendances\/wp-json\/wp\/v2\/posts\/7913\/revisions"}],"wp:featuredmedia":[{"embeddable":true,"href":"https:\/\/www.dmoz.fr\/tendances\/wp-json\/wp\/v2\/media\/7914"}],"wp:attachment":[{"href":"https:\/\/www.dmoz.fr\/tendances\/wp-json\/wp\/v2\/media?parent=7913"}],"wp:term":[{"taxonomy":"category","embeddable":true,"href":"https:\/\/www.dmoz.fr\/tendances\/wp-json\/wp\/v2\/categories?post=7913"},{"taxonomy":"post_tag","embeddable":true,"href":"https:\/\/www.dmoz.fr\/tendances\/wp-json\/wp\/v2\/tags?post=7913"}],"curies":[{"name":"wp","href":"https:\/\/api.w.org\/{rel}","templated":true}]}}