{"id":7921,"date":"2025-08-29T17:47:49","date_gmt":"2025-08-29T16:47:49","guid":{"rendered":"https:\/\/www.dmoz.fr\/tendances\/covid-tour-de-france\/"},"modified":"2025-08-29T17:47:49","modified_gmt":"2025-08-29T16:47:49","slug":"covid-tour-de-france","status":"publish","type":"post","link":"https:\/\/www.dmoz.fr\/tendances\/covid-tour-de-france\/","title":{"rendered":"Comment le Covid a transform\u00e9 le Tour de France pour toujours"},"content":{"rendered":"<p><\/p>\n<div id='video-container' data-video-id='NRtV4j2SINQ' style='width:100%; height:auto; max-width:587px; position: relative;'>\n<div class='image-video-plugin' style='background:url(\"https:\/\/img.youtube.com\/vi\/NRtV4j2SINQ\/0.jpg\") center no-repeat; background-size: cover;'><\/div>\n<p>        <span class='youtube-play-button'><\/span><br \/>\n        <noscript><a href=\"https:\/\/www.youtube.com\/watch?v=NRtV4j2SINQ\" target=\"_blank\" rel=\"noopener\"><\/a><\/noscript>\n    <\/div>\n<p><\/p>\n<h2>Est-ce que Richard Virenque a gagn\u00e9 le Tour de France ?<\/h2>\n<p>Richard Virenque, l\u2019un des cyclistes fran\u00e7ais les plus charismatiques et controvers\u00e9s de sa g\u00e9n\u00e9ration, a marqu\u00e9 l\u2019histoire du Tour de France, mais <strong>il n\u2019a jamais remport\u00e9 la Grande Boucle<\/strong>. Pendant pr\u00e8s de 15 ans, il a enflamm\u00e9 les routes avec son style spectaculaire et ses attaques audacieuses, surtout dans les montagnes, o\u00f9 il a gagn\u00e9 \u00e0 sept reprises le maillot \u00e0 pois du meilleur grimpeur. Un record qui reste encore aujourd\u2019hui grav\u00e9 dans les m\u00e9moires. Pourtant, malgr\u00e9 ses performances h\u00e9ro\u00efques et ses multiples victoires d\u2019\u00e9tape, Virenque n\u2019a jamais r\u00e9ussi \u00e0 monter sur la plus haute marche du podium final. Son meilleur classement ? Une <strong>deuxi\u00e8me place en 1997<\/strong>, derri\u00e8re Jan Ullrich, dans une \u00e9dition marqu\u00e9e par des drames et des rebondissements.<\/p>\n<p>Mais attention, ne vous y trompez pas : si Virenque n\u2019a pas gagn\u00e9 le Tour, il a tout de m\u00eame laiss\u00e9 une empreinte ind\u00e9l\u00e9bile sur la course. Son charisme, ses larmes, ses sourires et ses exploits en montagne ont fait de lui une v\u00e9ritable l\u00e9gende, m\u00eame si sa carri\u00e8re a \u00e9t\u00e9 entach\u00e9e par l\u2019affaire Festina en 1998. Cette saga, qui a secou\u00e9 le monde du cyclisme, a \u00e9clips\u00e9 une partie de ses performances, mais n\u2019a pas effac\u00e9 son talent. Alors, non, Richard Virenque n\u2019a pas gagn\u00e9 le Tour de France, mais il a sans aucun doute <strong>gagn\u00e9 le c\u0153ur des fans<\/strong> avec son panache et son incroyable r\u00e9silience.<\/p>\n<h3>Questions que vous vous posez peut-\u00eatre sur Richard Virenque et le Tour de France<\/h3>\n<ul>\n<li><b>Pourquoi Richard Virenque est-il si c\u00e9l\u00e8bre sans avoir gagn\u00e9 le Tour ?<\/b> Gr\u00e2ce \u00e0 ses sept maillots \u00e0 pois et ses attaques spectaculaires en montagne, il est devenu une figure embl\u00e9matique du cyclisme fran\u00e7ais.<\/li>\n<li><b>Quel a \u00e9t\u00e9 son meilleur classement au Tour de France ?<\/b> Il a termin\u00e9 deuxi\u00e8me en 1997, derri\u00e8re Jan Ullrich, dans une \u00e9dition m\u00e9morable.<\/li>\n<li><b>Comment l\u2019affaire Festina a-t-elle impact\u00e9 sa carri\u00e8re ?<\/b> Cette affaire de dopage a terni son image, mais il a su rebondir et continuer \u00e0 briller sur les routes.<\/li>\n<\/ul>\n<h2>Quel est le salaire moyen d&rsquo;un coureur du Tour de France ?<\/h2>\n<p>Le salaire d&rsquo;un coureur du Tour de France est un sujet qui fait tourner les t\u00eates presque autant que les roues des v\u00e9los. En moyenne, un cycliste professionnel participant \u00e0 la Grande Boucle peut esp\u00e9rer toucher entre <b>20 000 et 500 000 euros par an<\/b>, selon son exp\u00e9rience, son palmar\u00e8s et l&rsquo;\u00e9quipe pour laquelle il roule. Les leaders d&rsquo;\u00e9quipe, ces as du p\u00e9dalier qui portent les espoirs de victoire, se situent souvent dans le haut du panier, avec des salaires qui flirtent all\u00e8grement avec le demi-million d&rsquo;euros. \u00c0 l\u2019inverse, les jeunes recrues ou les \u00e9quipiers de soutien doivent souvent se contenter de sommes plus modestes, mais qui restent tout de m\u00eame enviables pour ceux qui ont le privil\u00e8ge de vivre leur passion.<\/p>\n<p>Cependant, il ne faut pas oublier que ces chiffres ne repr\u00e9sentent qu\u2019une partie de l\u2019iceberg. Les <b>primes de performance<\/b> viennent souvent gonfler la paye des coureurs. Par exemple, un maillot jaune ou une victoire d\u2019\u00e9tape peut rapporter des sommes cons\u00e9quentes. Sans compter les <b>contrats de sponsoring<\/b> et les <b>apparitions m\u00e9diatiques<\/b>, qui peuvent transformer un bon salaire en une v\u00e9ritable fortune. En r\u00e9sum\u00e9, si le cyclisme professionnel n\u2019est pas une loterie, il r\u00e9compense g\u00e9n\u00e9reusement ceux qui savent encha\u00eener les kilom\u00e8tres avec brio.<\/p>\n<h3>Questions br\u00fblantes sur les salaires des coureurs du Tour de France<\/h3>\n<ul>\n<li><b>Combien gagne un coureur d\u00e9butant dans le Tour de France ?<\/b> Les nouveaux venus peuvent esp\u00e9rer un salaire annuel compris entre 20 000 et 50 000 euros, selon leur potentiel et leur \u00e9quipe.<\/li>\n<li><b>Quel est le coureur le mieux pay\u00e9 du Tour de France ?<\/b> Les stars comme Tadej Poga\u010dar ou Jonas Vingegaard peuvent toucher jusqu\u2019\u00e0 5 millions d\u2019euros par an, gr\u00e2ce \u00e0 leur salaire et leurs contrats publicitaires.<\/li>\n<li><b>Les primes sont-elles incluses dans le salaire ?<\/b> Non, les primes (victoires d\u2019\u00e9tapes, classements, etc.) s\u2019ajoutent au salaire de base et peuvent repr\u00e9senter un bonus non n\u00e9gligeable.<\/li>\n<li><b>Les \u00e9quipiers gagnent-ils moins que les leaders ?<\/b> Oui, leur r\u00f4le est crucial, mais leur r\u00e9mun\u00e9ration est souvent inf\u00e9rieure, oscillant entre 50 000 et 150 000 euros par an.<\/li>\n<\/ul>\n<h2>Pourquoi Julian Alaphilippe ne fait pas le Tour de France ?<\/h2>\n<p>Julian Alaphilippe, ce virtuose du peloton, ce roi des escapades audacieuses et des grimaces expressives, ne sera pas de la partie pour le Tour de France cette ann\u00e9e. Mais pourquoi diable ce prodige fran\u00e7ais, capable de transformer une montagne en terrain de jeu, reste-t-il sur la touche ? La r\u00e9ponse est simple : <strong>la sant\u00e9 avant tout<\/strong>. Apr\u00e8s une saison 2023 marqu\u00e9e par des blessures et des coups durs, Alaphilippe et son \u00e9quipe, Soudal Quick-Step, ont opt\u00e9 pour une strat\u00e9gie de prudence. Le but ? \u00c9viter de jouer les h\u00e9ros fatigu\u00e9s et se concentrer sur une pr\u00e9paration optimale pour les prochains objectifs. Car oui, m\u00eame les super-h\u00e9ros en lycra ont besoin de souffler.<\/p>\n<p>[aib_post_related url=&rsquo;\/tendances\/comment-fonctionne-snapchat\/&rsquo; title=&rsquo;Comment fonctionne snapchat : les secrets d&#039;une application incontournable r\u00e9v\u00e9l\u00e9s !&rsquo; relatedtext=&rsquo;Vous pourriez \u00e9galement \u00eatre int\u00e9ress\u00e9 par:&rsquo;]<\/p>\n<p>Mais ne vous m\u00e9prenez pas, ce n\u2019est pas un adieu, juste un <em>\u00ab \u00e0 plus tard \u00bb<\/em>. Alaphilippe, avec son style flamboyant et son panache l\u00e9gendaire, reste un pilier du cyclisme fran\u00e7ais. Son absence du Tour de France est avant tout un choix tactique, pour lui permettre de revenir plus fort, plus vif, et surtout, plus pr\u00eat \u00e0 enflammer les routes. Alors, pas de panique, les fans : <strong>Julian n\u2019a pas dit son dernier mot<\/strong>.<\/p>\n<p><h3>Questions que vous vous posez (et auxquelles on r\u00e9pond avec le sourire)<\/h3>\n<p><\/p>\n<ul><\/p>\n<li><b>Julian Alaphilippe est-il bless\u00e9 ?<\/b> Pas actuellement, mais il pr\u00e9f\u00e8re \u00e9viter de prendre des risques inutiles apr\u00e8s une saison mouvement\u00e9e.<\/li>\n<p><\/p>\n<li><b>Quels sont ses prochains objectifs ?<\/b> Il se concentre sur des courses adapt\u00e9es \u00e0 son profil, avec un \u0153il sur les championnats et les classiques.<\/li>\n<p><\/p>\n<li><b>Va-t-il revenir plus fort ?<\/b> Absolument ! Julian est du genre \u00e0 transformer une pause en come-back explosif.<\/li>\n<p>\n<\/ul>\n<\/p>\n<p><h2>Le port du masque covid est-il obligatoire ?<\/h2>\n<p><\/p>\n<p>Ah, la question qui a fait couler autant d\u2019encre que de d\u00e9sinfectant ! Le port du masque COVID, ce petit accessoire devenu symbole d\u2019une \u00e9poque, a suscit\u00e9 d\u00e9bats, pol\u00e9miques et m\u00eame quelques m\u00e8mes hilarants. Mais tr\u00eave de plaisanteries : est-il toujours obligatoire ? La r\u00e9ponse d\u00e9pend de l\u2019endroit o\u00f9 vous posez vos pieds masqu\u00e9s (ou non). En France, par exemple, les r\u00e8gles ont \u00e9volu\u00e9 avec le temps. Si dans les transports en commun, les h\u00f4pitaux et certains lieux publics, le masque \u00e9tait un must, aujourd\u2019hui, il est souvent recommand\u00e9 plut\u00f4t qu\u2019impos\u00e9. <b>Mais attention<\/b>, certaines situations sp\u00e9cifiques ou r\u00e9gions peuvent encore exiger ce bout de tissu protecteur. Moralit\u00e9 : gardez-le dans votre poche, au cas o\u00f9 !<\/p>\n<\/p>\n<p>Et si vous vous demandez pourquoi cette obligation a \u00e9t\u00e9 si fluctuante, c\u2019est tout simplement parce que les autorit\u00e9s sanitaires ajustent leurs recommandations en fonction de l\u2019\u00e9volution de la pand\u00e9mie. <b>Un jour c\u2019est oui, un jour c\u2019est non<\/b>, un peu comme une relation amoureuse compliqu\u00e9e. Dans les espaces clos ou bond\u00e9s, le masque reste un alli\u00e9 pr\u00e9cieux pour limiter la propagation du virus. Alors, m\u00eame s\u2019il n\u2019est plus syst\u00e9matiquement obligatoire, porter un masque reste un geste citoyen et protecteur. Apr\u00e8s tout, mieux vaut pr\u00e9venir que gu\u00e9rir, non ?<\/p>\n<p>[aib_post_related url=&rsquo;\/tendances\/francois-baroin-mariage\/&rsquo; title=&rsquo;Francois Baroin mariage : d\u00e9couvrez les secrets d&#039;une union inattendue !&rsquo; relatedtext=&rsquo;Vous pourriez \u00e9galement \u00eatre int\u00e9ress\u00e9 par:&rsquo;]<\/p>\n<h3>Questions Fr\u00e9quentes : Masque COVID, On Vous Dit Tout !<\/h3>\n<p><\/p>\n<ul><\/p>\n<li><b>Dois-je encore porter un masque dans les transports ?<\/b><br \/>\n  Cela d\u00e9pend des directives locales, mais dans de nombreux endroits, c\u2019est recommand\u00e9 plut\u00f4t qu\u2019obligatoire.<\/li>\n<p><\/p>\n<li><b>Le masque est-il obligatoire dans les h\u00f4pitaux ?<\/b><br \/>\n  Oui, dans la plupart des \u00e9tablissements de sant\u00e9, il reste requis pour prot\u00e9ger les patients et le personnel.<\/li>\n<p><\/p>\n<li><b>Et si je ne porte pas de masque dans un lieu o\u00f9 c\u2019est obligatoire ?<\/b><br \/>\n  Vous risquez une amende, alors mieux vaut jouer la carte de la prudence !<\/li>\n<p>\n<\/ul><\/p>\n","protected":false},"excerpt":{"rendered":"<p>Est-ce que Richard Virenque a gagn\u00e9 le Tour de France ? Richard Virenque, l\u2019un des cyclistes fran\u00e7ais les plus charismatiques et controvers\u00e9s de sa g\u00e9n\u00e9ration, a marqu\u00e9 l\u2019histoire du Tour de France, mais il n\u2019a jamais remport\u00e9 la Grande Boucle. Pendant pr\u00e8s de 15 ans, il a enflamm\u00e9 les routes avec son style spectaculaire et&#8230;<\/p>\n","protected":false},"author":1,"featured_media":7922,"comment_status":"open","ping_status":"","sticky":false,"template":"","format":"standard","meta":{"_kad_post_transparent":"","_kad_post_title":"","_kad_post_layout":"","_kad_post_sidebar_id":"","_kad_post_content_style":"","_kad_post_vertical_padding":"","_kad_post_feature":"","_kad_post_feature_position":"","_kad_post_header":false,"_kad_post_footer":false,"_kad_post_classname":"","iawp_total_views":0,"footnotes":""},"categories":[1],"tags":[],"class_list":["post-7921","post","type-post","status-publish","format-standard","has-post-thumbnail","hentry","category-actualites"],"_links":{"self":[{"href":"https:\/\/www.dmoz.fr\/tendances\/wp-json\/wp\/v2\/posts\/7921","targetHints":{"allow":["GET"]}}],"collection":[{"href":"https:\/\/www.dmoz.fr\/tendances\/wp-json\/wp\/v2\/posts"}],"about":[{"href":"https:\/\/www.dmoz.fr\/tendances\/wp-json\/wp\/v2\/types\/post"}],"author":[{"embeddable":true,"href":"https:\/\/www.dmoz.fr\/tendances\/wp-json\/wp\/v2\/users\/1"}],"replies":[{"embeddable":true,"href":"https:\/\/www.dmoz.fr\/tendances\/wp-json\/wp\/v2\/comments?post=7921"}],"version-history":[{"count":0,"href":"https:\/\/www.dmoz.fr\/tendances\/wp-json\/wp\/v2\/posts\/7921\/revisions"}],"wp:featuredmedia":[{"embeddable":true,"href":"https:\/\/www.dmoz.fr\/tendances\/wp-json\/wp\/v2\/media\/7922"}],"wp:attachment":[{"href":"https:\/\/www.dmoz.fr\/tendances\/wp-json\/wp\/v2\/media?parent=7921"}],"wp:term":[{"taxonomy":"category","embeddable":true,"href":"https:\/\/www.dmoz.fr\/tendances\/wp-json\/wp\/v2\/categories?post=7921"},{"taxonomy":"post_tag","embeddable":true,"href":"https:\/\/www.dmoz.fr\/tendances\/wp-json\/wp\/v2\/tags?post=7921"}],"curies":[{"name":"wp","href":"https:\/\/api.w.org\/{rel}","templated":true}]}}