{"id":7992,"date":"2025-08-31T06:48:47","date_gmt":"2025-08-31T05:48:47","guid":{"rendered":"https:\/\/www.dmoz.fr\/tendances\/hauteur-fort-boyard\/"},"modified":"2025-08-31T06:48:47","modified_gmt":"2025-08-31T05:48:47","slug":"hauteur-fort-boyard","status":"publish","type":"post","link":"https:\/\/www.dmoz.fr\/tendances\/hauteur-fort-boyard\/","title":{"rendered":"D\u00e9couvrez les secrets de la hauteur de Fort Boyard : un monument fascinant"},"content":{"rendered":"<p><\/p>\n<div id='video-container' data-video-id='iSc1SGPW_0U' style='width:100%; height:auto; max-width:587px; position: relative;'>\n<div class='image-video-plugin' style='background:url(\"https:\/\/img.youtube.com\/vi\/iSc1SGPW_0U\/0.jpg\") center no-repeat; background-size: cover;'><\/div>\n<p>        <span class='youtube-play-button'><\/span><br \/>\n        <noscript><a href=\"https:\/\/www.youtube.com\/watch?v=iSc1SGPW_0U\" target=\"_blank\" rel=\"noopener\"><\/a><\/noscript>\n    <\/div>\n<p><\/p>\n<p><h2>Quelle est la hauteur du Fort Boyard ?<\/h2>\n<p>\nLe Fort Boyard, ce g\u00e9ant de pierre plant\u00e9 au milieu de l\u2019oc\u00e9an Atlantique, ne passe pas inaper\u00e7u. Avec ses airs de forteresse imprenable, il mesure <strong>20 m\u00e8tres de hauteur<\/strong>. Oui, vous avez bien lu, 20 m\u00e8tres ! Pas assez pour toucher les nuages, mais suffisant pour impressionner les candidats de l\u2019\u00e9mission t\u00e9l\u00e9vis\u00e9e qui tentent d\u2019y survivre. Construit au XIXe si\u00e8cle pour prot\u00e9ger la rade de Rochefort, ce monument historique est aujourd\u2019hui plus connu pour ses \u00e9preuves ludiques que pour son r\u00f4le militaire. Sa hauteur, combin\u00e9e \u00e0 sa longueur de 68 m\u00e8tres, en fait un v\u00e9ritable colosse marin, pr\u00eat \u00e0 d\u00e9fier les vagues et les aventuriers.<\/p>\n<p>[aib_post_related url=&rsquo;\/tendances\/sa-spurs\/&rsquo; title=&rsquo;Sa spurs : les secrets d&#039;une \u00e9quipe qui fait vibrer les fans&rsquo; relatedtext=&rsquo;Vous pourriez \u00e9galement \u00eatre int\u00e9ress\u00e9 par:&rsquo;]<\/p>\n<p>Mais attention, ne vous y trompez pas : si le Fort Boyard semble imposant, il n\u2019est pas l\u00e0 pour jouer les gratte-ciel. Sa hauteur modeste lui permet de r\u00e9sister aux assauts des temp\u00eates tout en offrant une vue imprenable sur l\u2019horizon. Imaginez-vous l\u00e0-haut, sur les remparts, avec le vent dans les cheveux et les embruns sal\u00e9s qui vous chatouillent le nez. C\u2019est un peu comme \u00eatre sur le pont d\u2019un navire, mais avec moins de mal de mer. Et si vous vous demandez pourquoi il n\u2019est pas plus haut, c\u2019est tout simplement parce que les ing\u00e9nieurs de l\u2019\u00e9poque avaient compris qu\u2019il valait mieux ne pas provoquer Neptune inutilement.<\/p>\n<p><h3>Questions que vous n\u2019osiez pas poser sur la hauteur du Fort Boyard<\/h3>\n<p><\/p>\n<ul><\/p>\n<li><b>Pourquoi le Fort Boyard ne mesure-t-il pas 30 m\u00e8tres ?<\/b> Parce que les architectes ont pr\u00e9f\u00e9r\u00e9 privil\u00e9gier la stabilit\u00e9 face aux temp\u00eates plut\u00f4t que de jouer \u00e0 qui a la plus grande tour.<\/li>\n<p><\/p>\n<li><b>Est-ce que 20 m\u00e8tres, c\u2019est haut pour un fort ?<\/b> Pour un fort maritime, c\u2019est parfait. Assez pour dominer les flots, pas trop pour \u00e9viter de se prendre une vague g\u00e9ante en pleine fa\u00e7ade.<\/li>\n<p><\/p>\n<li><b>Peut-on voir le Fort Boyard de loin gr\u00e2ce \u00e0 sa hauteur ?<\/b> Absolument ! M\u00eame \u00e0 distance, sa silhouette se d\u00e9tache fi\u00e8rement sur l\u2019horizon, comme un phare sans lumi\u00e8re (mais avec beaucoup plus de charisme).<\/li>\n<p>\n<\/ul>\n<\/p>\n<h2>Comment s&rsquo;appelait le nain qui est mort dans Fort Boyard ?<\/h2>\n<p><h2>Comment s&rsquo;appelait le nain qui est mort dans Fort Boyard ?<\/h2>\n<p><\/p>\n<p>Ah, Fort Boyard, ce lieu mythique o\u00f9 les \u00e9nigmes c\u00f4toient les frissons et o\u00f9 les h\u00e9ros des ann\u00e9es 90 ont marqu\u00e9 nos m\u00e9moires. Mais parlons du nain en question, car oui, il y a bien eu un nain qui a laiss\u00e9 une empreinte tragique dans l\u2019histoire du fort. Il s\u2019appelait <b>Passe-Partout<\/b>, de son vrai nom <b>Michel Goy<\/b>. Ce petit homme au grand c\u0153ur \u00e9tait l\u2019un des personnages embl\u00e9matiques de l\u2019\u00e9mission, connu pour ses apparitions myst\u00e9rieuses et son r\u00f4le de passeur d\u2019\u00e9nigmes. Malheureusement, en 1991, il a perdu la vie dans un accident de voiture, laissant derri\u00e8re lui un vide immense dans le c\u0153ur des fans de l\u2019\u00e9mission.<\/p>\n<\/p>\n<p>Passe-Partout n\u2019\u00e9tait pas qu\u2019un simple figurant, il \u00e9tait l\u2019\u00e2me de Fort Boyard. Avec son costume m\u00e9di\u00e9val et sa barbe caract\u00e9ristique, il incarnait l\u2019esprit du fort, ce lieu o\u00f9 l\u2019aventure et le myst\u00e8re se rencontrent. Sa disparition a \u00e9t\u00e9 un choc pour l\u2019\u00e9quipe de production et les t\u00e9l\u00e9spectateurs, qui avaient l\u2019habitude de le voir appara\u00eetre comme par magie pour guider les candidats. Aujourd\u2019hui, il reste un symbole inoubliable de l\u2019\u00e9mission, et son nom est souvent \u00e9voqu\u00e9 avec nostalgie par ceux qui ont grandi avec Fort Boyard.<\/p>\n<p><h3>Questions qui titillent les m\u00e9ninges<\/h3>\n<p><\/p>\n<ul><\/p>\n<li><b>Pourquoi Passe-Partout \u00e9tait-il si important dans Fort Boyard ?<\/b> Il \u00e9tait le ma\u00eetre des \u00e9nigmes, celui qui aidait les candidats \u00e0 avancer dans leur qu\u00eate, souvent avec une pointe de myst\u00e8re.<\/li>\n<p><\/p>\n<li><b>Comment Passe-Partout est-il devenu une l\u00e9gende ?<\/b> Gr\u00e2ce \u00e0 son charisme unique et \u00e0 son r\u00f4le central dans l\u2019\u00e9mission, il a marqu\u00e9 les esprits et reste grav\u00e9 dans l\u2019histoire de la t\u00e9l\u00e9vision fran\u00e7aise.<\/li>\n<p><\/p>\n<li><b>Quel est l\u2019h\u00e9ritage de Passe-Partout ?<\/b> Il est devenu un symbole de l\u2019\u00e9mission, rappelant une \u00e9poque o\u00f9 Fort Boyard \u00e9tait synonyme d\u2019aventure et de myst\u00e8re.<\/li>\n<p>\n<\/ul>\n<\/p>\n<p><h2>Quelle est la hauteur de la vigie du Fort Boyard ?<\/h2>\n<p>\n[aib_post_related url=&rsquo;\/tendances\/discours-vantard-mots-fleches\/&rsquo; title=&rsquo;Discours vantard : les mots fl\u00e9ch\u00e9s qui vont vous \u00e9pater !&rsquo; relatedtext=&rsquo;Vous pourriez \u00e9galement \u00eatre int\u00e9ress\u00e9 par:&rsquo;]<\/p>\n<p>La vigie du Fort Boyard, ce petit poste d\u2019observation perch\u00e9 comme un phare capricieux, culmine \u00e0 <strong>environ 28 m\u00e8tres<\/strong> au-dessus du niveau de la mer. Imaginez un peu : c\u2019est l\u2019\u00e9quivalent de grimper sur un immeuble de neuf \u00e9tages, mais avec une vue imprenable sur l\u2019oc\u00e9an et un vent qui vous rappelle que vous n\u2019\u00eates pas l\u00e0 pour bronzer. Cette hauteur, bien que modeste compar\u00e9e aux gratte-ciel modernes, offre un panorama \u00e0 couper le souffle, digne des plus grands explorateurs. Et avouons-le, c\u2019est aussi l\u2019endroit id\u00e9al pour surveiller les intrus ou, plus probablement, pour r\u00eaver en contemplant l\u2019horizon.<\/p>\n<\/p>\n<p>Construite au XIXe si\u00e8cle, la vigie \u00e9tait initialement destin\u00e9e \u00e0 la surveillance maritime, un r\u00f4le qu\u2019elle a rempli avec une certaine \u00e9l\u00e9gance avant de devenir l\u2019embl\u00e8me iconique du jeu t\u00e9l\u00e9vis\u00e9. Aujourd\u2019hui, elle symbolise \u00e0 la fois l\u2019histoire militaire du fort et son c\u00f4t\u00e9 ludique. <b>28 m\u00e8tres<\/b>, ce n\u2019est pas rien, surtout quand on sait que chaque centim\u00e8tre de cette structure a r\u00e9sist\u00e9 aux assauts du temps, des vagues et des candidats en qu\u00eate de r\u00e9ponses. Une hauteur qui, finalement, en dit long sur l\u2019ing\u00e9niosit\u00e9 et la r\u00e9silience de cette forteresse l\u00e9gendaire.<\/p>\n<p>[aib_post_related url=&rsquo;\/tendances\/il-comprend-rien-lui\/&rsquo; title=&rsquo;Il comprend rien lui : d\u00e9couvrez pourquoi il ne saisit jamais rien&rsquo; relatedtext=&rsquo;Vous pourriez \u00e9galement \u00eatre int\u00e9ress\u00e9 par:&rsquo;]<\/p>\n<h3>Vous vous posez des questions sur la vigie ? On a les r\u00e9ponses !<\/h3>\n<p><\/p>\n<ul><\/p>\n<li><b>Pourquoi la vigie est-elle si haute ?<\/b> Pour offrir une vue d\u00e9gag\u00e9e sur la mer et rep\u00e9rer les navires ennemis (ou les \u00e9quipes de production).<\/li>\n<p><\/p>\n<li><b>Peut-on monter dans la vigie ?<\/b> Malheureusement, l\u2019acc\u00e8s est r\u00e9serv\u00e9 aux \u00e9quipes du jeu t\u00e9l\u00e9vis\u00e9 et aux fant\u00f4mes du pass\u00e9 (on plaisante\u2026 enfin, peut-\u00eatre).<\/li>\n<p><\/p>\n<li><b>La hauteur a-t-elle une signification particuli\u00e8re ?<\/b> Oui, elle rappelle que m\u00eame les petites choses peuvent avoir une grande importance, surtout quand elles sont perch\u00e9es.<\/li>\n<p>\n<\/ul>\n<\/p>\n<h2>Qui va remplacer Olivier Minne dans Fort Boyard ?<\/h2>\n<p>La question qui agite les fans de <em>Fort Boyard<\/em> depuis l\u2019annonce du d\u00e9part d\u2019Olivier Minne est : <strong>qui aura l\u2019audace de prendre les cl\u00e9s du P\u00e8re Fouras ?<\/strong> Apr\u00e8s 30 ans de r\u00e8gne incontest\u00e9, Minne a laiss\u00e9 un vide aussi grand que le donjon lui-m\u00eame. Les rumeurs vont bon train, oscillant entre les noms d\u2019animateurs chevronn\u00e9s et de nouvelles t\u00eates pleines de promesses. Certains parient sur un retour de <strong>Cyril F\u00e9raud<\/strong>, d\u00e9j\u00e0 habitu\u00e9 des jeux t\u00e9l\u00e9vis\u00e9s, tandis que d\u2019autres imaginent une surprise avec <strong>Kamel Ouali<\/strong>, dont l\u2019\u00e9nergie pourrait redynamiser l\u2019\u00e9mission.<\/p>\n<p>Mais attention, remplacer Olivier Minne, c\u2019est un peu comme essayer de remplacer le fromage dans une fondue savoyarde : <strong>mission impossible<\/strong> ou r\u00e9volution culinaire ? Les producteurs devront jongler entre respecter l\u2019esprit du jeu et insuffler un vent de nouveaut\u00e9. Une chose est s\u00fbre : le successeur devra avoir <strong>l\u2019humour, la prestance et l\u2019aisance<\/strong> pour g\u00e9rer les \u00e9nergum\u00e8nes qui osent d\u00e9fier les \u00e9preuves du fort.<\/p>\n<p><h3>Les questions qui br\u00fblent les l\u00e8vres des fans<\/h3>\n<p><\/p>\n<ul><\/p>\n<li><b>Est-ce que le nouveau ma\u00eetre du fort sera aussi charismatique qu\u2019Olivier Minne ?<\/b><br \/>\nLe charisme, c\u2019est comme le bon vin, \u00e7a ne s\u2019improvise pas. Mais avec un peu de magie t\u00e9l\u00e9visuelle, tout est possible !<\/li>\n<p><\/p>\n<li><b>Va-t-on garder les m\u00eames codes ou tout chambouler ?<\/b><br \/>\nLes producteurs devront trouver l\u2019\u00e9quilibre entre tradition et modernit\u00e9 pour ne pas froisser les puristes.<\/li>\n<p><\/p>\n<li><b>Quand aura lieu la grande r\u00e9v\u00e9lation ?<\/b><br \/>\nPatience, les amis ! Les annonces officielles devraient tomber comme un couperet\u2026 ou une \u00e9nigme du P\u00e8re Fouras.<\/li>\n<p>\n<\/ul><\/p>\n","protected":false},"excerpt":{"rendered":"<p>Quelle est la hauteur du Fort Boyard ? Le Fort Boyard, ce g\u00e9ant de pierre plant\u00e9 au milieu de l\u2019oc\u00e9an Atlantique, ne passe pas inaper\u00e7u. Avec ses airs de forteresse imprenable, il mesure 20 m\u00e8tres de hauteur. Oui, vous avez bien lu, 20 m\u00e8tres ! Pas assez pour toucher les nuages, mais suffisant pour impressionner&#8230;<\/p>\n","protected":false},"author":1,"featured_media":7993,"comment_status":"open","ping_status":"","sticky":false,"template":"","format":"standard","meta":{"_kad_post_transparent":"","_kad_post_title":"","_kad_post_layout":"","_kad_post_sidebar_id":"","_kad_post_content_style":"","_kad_post_vertical_padding":"","_kad_post_feature":"","_kad_post_feature_position":"","_kad_post_header":false,"_kad_post_footer":false,"_kad_post_classname":"","iawp_total_views":2,"footnotes":""},"categories":[1],"tags":[],"class_list":["post-7992","post","type-post","status-publish","format-standard","has-post-thumbnail","hentry","category-actualites"],"_links":{"self":[{"href":"https:\/\/www.dmoz.fr\/tendances\/wp-json\/wp\/v2\/posts\/7992","targetHints":{"allow":["GET"]}}],"collection":[{"href":"https:\/\/www.dmoz.fr\/tendances\/wp-json\/wp\/v2\/posts"}],"about":[{"href":"https:\/\/www.dmoz.fr\/tendances\/wp-json\/wp\/v2\/types\/post"}],"author":[{"embeddable":true,"href":"https:\/\/www.dmoz.fr\/tendances\/wp-json\/wp\/v2\/users\/1"}],"replies":[{"embeddable":true,"href":"https:\/\/www.dmoz.fr\/tendances\/wp-json\/wp\/v2\/comments?post=7992"}],"version-history":[{"count":0,"href":"https:\/\/www.dmoz.fr\/tendances\/wp-json\/wp\/v2\/posts\/7992\/revisions"}],"wp:featuredmedia":[{"embeddable":true,"href":"https:\/\/www.dmoz.fr\/tendances\/wp-json\/wp\/v2\/media\/7993"}],"wp:attachment":[{"href":"https:\/\/www.dmoz.fr\/tendances\/wp-json\/wp\/v2\/media?parent=7992"}],"wp:term":[{"taxonomy":"category","embeddable":true,"href":"https:\/\/www.dmoz.fr\/tendances\/wp-json\/wp\/v2\/categories?post=7992"},{"taxonomy":"post_tag","embeddable":true,"href":"https:\/\/www.dmoz.fr\/tendances\/wp-json\/wp\/v2\/tags?post=7992"}],"curies":[{"name":"wp","href":"https:\/\/api.w.org\/{rel}","templated":true}]}}