{"id":8046,"date":"2025-09-01T10:34:20","date_gmt":"2025-09-01T09:34:20","guid":{"rendered":"https:\/\/www.dmoz.fr\/tendances\/piste-cyclable-ile-doleron\/"},"modified":"2025-09-01T10:34:20","modified_gmt":"2025-09-01T09:34:20","slug":"piste-cyclable-ile-doleron","status":"publish","type":"post","link":"https:\/\/www.dmoz.fr\/tendances\/piste-cyclable-ile-doleron\/","title":{"rendered":"D\u00e9couvrez les secrets de la piste cyclable de l\u2019\u00eele d\u2019Ol\u00e9ron"},"content":{"rendered":"<p><\/p>\n<div id='video-container' data-video-id='_T8pmhjxDYE' style='width:100%; height:auto; max-width:587px; position: relative;'>\n<div class='image-video-plugin' style='background:url(\"https:\/\/img.youtube.com\/vi\/_T8pmhjxDYE\/0.jpg\") center no-repeat; background-size: cover;'><\/div>\n<p>        <span class='youtube-play-button'><\/span><br \/>\n        <noscript><a href=\"https:\/\/www.youtube.com\/watch?v=_T8pmhjxDYE\" target=\"_blank\" rel=\"noopener\"><\/a><\/noscript>\n    <\/div>\n<p><\/p>\n<h2>Est-ce qu&rsquo;il y a des pistes cyclables sur l&rsquo;\u00eele d&rsquo;Ol\u00e9ron ?<\/h2>\n<p><h2>Est-ce qu&rsquo;il y a des pistes cyclables sur l&rsquo;\u00eele d&rsquo;Ol\u00e9ron ?<\/h2>\n<p>\nAh, l\u2019\u00eele d\u2019Ol\u00e9ron ! Ce petit coin de paradis o\u00f9 le vent caresse les marais salants et o\u00f9 les v\u00e9los r\u00e8gnent en ma\u00eetres. Si vous vous demandez s\u2019il y a des pistes cyclables sur l\u2019\u00eele, la r\u00e9ponse est un <strong>\u00ab OUI \u00bb<\/strong> retentissant, presque aussi \u00e9clatant que le soleil sur ses plages. L\u2019\u00eele d\u2019Ol\u00e9ron est un v\u00e9ritable eldorado pour les cyclistes, avec un r\u00e9seau de pistes cyclables bien am\u00e9nag\u00e9 qui s\u2019\u00e9tend sur plus de <strong>130 kilom\u00e8tres<\/strong>. Que vous soyez un amateur de balades tranquilles ou un as du p\u00e9dalage, vous trouverez votre bonheur entre les sentiers ombrag\u00e9s, les routes c\u00f4ti\u00e8res et les chemins traversant les villages pittoresques.<\/p>\n<p>Le <strong>\u00ab V\u00e9loroute 1 \u00bb<\/strong>, par exemple, est la star du r\u00e9seau. Elle traverse l\u2019\u00eele du nord au sud, offrant des vues \u00e0 couper le souffle sur l\u2019oc\u00e9an Atlantique, les for\u00eats de pins et les marais. Mais ce n\u2019est pas tout ! Les pistes cyclables d\u2019Ol \u00e9ron sont parfaitement s\u00e9curis\u00e9es et adapt\u00e9es \u00e0 tous les niveaux. Vous pouvez p\u00e9daler en famille sans crainte, explorer les charmants villages comme <strong>Saint-Pierre-d\u2019Ol \u00e9ron<\/strong> ou <strong>Le Ch\u00e2teau-d\u2019Ol \u00e9ron<\/strong>, ou m\u00eame faire une halte pour d\u00e9guster une glace tout en admirant les bateaux dans les ports. En somme, enfourcher votre v\u00e9lo sur l\u2019\u00eele d\u2019Ol \u00e9ron, c\u2019est comme partir \u00e0 l\u2019aventure sans jamais risquer de se perdre (ou de se fatiguer trop vite).<\/p>\n<p><h3>Questions Fr\u00e9quentes sur les Pistes Cyclables d\u2019Ol \u00e9ron<\/h3>\n<p><\/p>\n<ul><\/p>\n<li><b>Les pistes cyclables sont-elles adapt\u00e9es aux enfants ?<\/b> Absolument ! Les itin\u00e9raires sont s\u00e9curis\u00e9s et parfaits pour une sortie en famille.<\/li>\n<p><\/p>\n<li><b>Peut-on louer des v\u00e9los sur l\u2019\u00eele ?<\/b> Oui, de nombreuses locations proposent des v\u00e9los classiques, \u00e9lectriques, et m\u00eame des tandems pour les plus romantiques.<\/li>\n<p><\/p>\n<li><b>Y a-t-il des itin\u00e9raires pour les cyclistes exp\u00e9riment\u00e9s ?<\/b> Bien s\u00fbr ! Les pistes vari\u00e9es permettent aussi des parcours plus sportifs, notamment le long des c\u00f4tes.<\/li>\n<p>\n<\/ul>\n<\/p>\n<h2>Le pont d&rsquo;Ol\u00e9ron est-il \u00e9quip\u00e9 d&rsquo;une piste cyclable ?<\/h2>\n<p>Ah, le pont d&rsquo;Ol\u00e9ron ! Ce g\u00e9ant de b\u00e9ton qui relie l\u2019\u00eele d\u2019Ol\u00e9ron au continent, tel un gardien bienveillant des mar\u00e9es. Mais voil\u00e0 la question qui taraude les cyclistes en qu\u00eate de libert\u00e9 : <strong>le pont est-il \u00e9quip\u00e9 d&rsquo;une piste cyclable ?<\/strong> La r\u00e9ponse est un retentissant <b>OUI<\/b> ! En effet, ce majestueux ouvrage d\u2019art n\u2019a pas oubli\u00e9 les amoureux de la petite reine. Une piste cyclable bien s\u00e9par\u00e9e de la route permet aux cyclistes de traverser le pont en toute s\u00e9curit\u00e9, tout en profitant d\u2019une vue imprenable sur l\u2019oc\u00e9an. De quoi donner des envies de po\u00e9sie p\u00e9dalante !<\/p>\n<p>[aib_post_related url=&rsquo;\/tendances\/actualites-politiques-decryptage-et-analyse-de-lactualite-en-france\/&rsquo; title=&rsquo;Actualit\u00e9s politiques : d\u00e9cryptage et analyse de l&#039;actualit\u00e9 en France&rsquo; relatedtext=&rsquo;Vous pourriez \u00e9galement \u00eatre int\u00e9ress\u00e9 par:&rsquo;]<\/p>\n<p>Mais attention, cette piste cyclable n\u2019est pas qu\u2019un simple couloir pour v\u00e9los. Elle est pens\u00e9e pour offrir une exp\u00e9rience agr\u00e9able et s\u00e9curis\u00e9e. <strong>Large et bien balis\u00e9e<\/strong>, elle permet aux cyclistes de rouler sans stress, m\u00eame en p\u00e9riode estivale o\u00f9 le pont est fr\u00e9quent\u00e9. Et pour ceux qui craignent les mont\u00e9es, rassurez-vous : le d\u00e9nivel\u00e9 est raisonnable, et le vent marin vous poussera peut-\u00eatre m\u00eame dans le dos. Alors, pr\u00eat \u00e0 enfourcher votre v\u00e9lo et \u00e0 traverser ce pont comme un v\u00e9ritable aventurier des temps modernes ?<\/p>\n<h3>Questions que vous vous posez (et auxquelles nous r\u00e9pondons avec panache)<\/h3>\n<ul>\n<li><b>La piste cyclable est-elle accessible toute l\u2019ann\u00e9e ?<\/b> Absolument ! Elle est ouverte en toutes saisons, mais v\u00e9rifiez les conditions m\u00e9t\u00e9o si vous pr\u00e9voyez une travers\u00e9e hivernale.<\/li>\n<li><b>Est-ce s\u00e9curis\u00e9 pour les enfants ?<\/b> Oui, la piste est suffisamment large et s\u00e9par\u00e9e de la route pour que m\u00eame les plus jeunes puissent p\u00e9daler en toute tranquillit\u00e9.<\/li>\n<li><b>Y a-t-il des aires de repos sur le pont ?<\/b> Non, mais la travers\u00e9e ne prend que quelques minutes. Et puis, l\u2019\u00eele d\u2019Ol\u00e9ron vous attend avec ses plages et ses hu\u00eetres pour une pause bien m\u00e9rit\u00e9e !<\/li>\n<\/ul>\n<h2>O\u00f9 sont les plus belles pistes cyclables ?<\/h2>\n<p>[aib_post_related url=&rsquo;\/tendances\/taille-beyonce\/&rsquo; title=&rsquo;La taille de Beyonc\u00e9 : d\u00e9couvrez le secret derri\u00e8re son allure \u00e9poustouflante !&rsquo; relatedtext=&rsquo;Vous pourriez \u00e9galement \u00eatre int\u00e9ress\u00e9 par:&rsquo;]<\/p>\n<p>Si vous cherchez des pistes cyclables qui vous feront oublier que vous \u00eates en train de p\u00e9daler (ou de souffler comme une locomotive), vous \u00eates au bon endroit. <strong>La Loire \u00e0 V\u00e9lo<\/strong>, par exemple, est une star incontest\u00e9e. Imaginez : 800 kilom\u00e8tres de parcours qui serpentent entre ch\u00e2teaux majestueux, vignobles enchanteurs et villages pittoresques. C\u2019est un peu comme si vous aviez embarqu\u00e9 dans un film historique, mais sans les costumes inconfortables. Et si vous pr\u00e9f\u00e9rez l\u2019exotisme, <strong>la V\u00e9loroute du Danube<\/strong> vous transporte \u00e0 travers l\u2019Europe centrale, avec des paysages \u00e0 couper le souffle et des pauses gourmandes dans des auberges typiques. Le genre de voyage o\u00f9 vous rentrez avec des souvenirs plein la t\u00eate et des cuisses d\u2019acier.<\/p>\n<p>Pour les amoureux de la montagne, <strong>la ViaRh\u00f4na<\/strong> est un must. Ce parcours longe le Rh\u00f4ne, de la Suisse \u00e0 la M\u00e9diterran\u00e9e, offrant des panoramas alpins, des plaines verdoyantes et des couchers de soleil dignes d\u2019une carte postale. Et si vous pr\u00e9f\u00e9rez l\u2019oc\u00e9an, <strong>la V\u00e9lodyss\u00e9e<\/strong> vous emm\u00e8ne le long de la c\u00f4te atlantique fran\u00e7aise, avec des plages \u00e0 perte de vue et des odeurs de sel marin qui vous donnent l\u2019impression d\u2019\u00eatre en vacances permanentes. Ces pistes cyclables ne sont pas juste des routes, ce sont des exp\u00e9riences \u00e0 part enti\u00e8re.<\/p>\n<p><h3>Questions qui roulent sur le bout de la langue (et des roues)<\/h3>\n<p>\n<b>Quelle piste cyclable est la plus adapt\u00e9e pour les d\u00e9butants ?<\/b><br \/>\nLa Loire \u00e0 V\u00e9lo est parfaite pour les novices, avec son relief plat et ses nombreux points d\u2019int\u00e9r\u00eat pour faire des pauses.<\/p>\n<p><b>Y a-t-il des pistes cyclables qui traversent plusieurs pays ?<\/b><br \/>\nAbsolument ! La V\u00e9loroute du Danube traverse pas moins de dix pays, de l\u2019Allemagne \u00e0 la Roumanie. Un vrai road-trip \u00e0 v\u00e9lo, mais sans le mal des transports.<\/p>\n<p><b>Est-il possible de louer un v\u00e9lo sur ces pistes ?<\/b><br \/>\nOui, la plupart de ces itin\u00e9raires proposent des services de location de v\u00e9los, souvent avec des options de livraison et de r\u00e9cup\u00e9ration. Parfait pour ceux qui pr\u00e9f\u00e8rent voyager l\u00e9ger.<\/p>\n<p>[aib_post_related url=&rsquo;\/tendances\/citations-socrate\/&rsquo; title=&rsquo;Les citations de Socrate qui vont bouleverser votre vision de la vie&rsquo; relatedtext=&rsquo;Vous pourriez \u00e9galement \u00eatre int\u00e9ress\u00e9 par:&rsquo;]<\/p>\n<p><b>Quelle est la meilleure saison pour parcourir ces pistes cyclables ?<\/b><br \/>\nLe printemps et l\u2019automne sont id\u00e9aux, avec des temp\u00e9ratures agr\u00e9ables et des paysages encore plus spectaculaires. L\u2019\u00e9t\u00e9 peut \u00eatre chaud, mais les pauses baignade sont toujours une option rafra\u00eechissante.<\/p>\n<h2>Quel est le prix de la location d&rsquo;un v\u00e9lo sur l&rsquo;\u00eele d&rsquo;Ol\u00e9ron ?<\/h2>\n<p><h2>Quel est le prix de la location d&rsquo;un v\u00e9lo sur l&rsquo;\u00eele d&rsquo;Ol\u00e9ron ?<\/h2>\n<p>\nSi vous r\u00eavez de parcourir l\u2019\u00eele d\u2019Ol\u00e9ron \u00e0 v\u00e9lo, sachez que votre portefeuille ne risque pas de prendre un coup de p\u00e9dale dans les orties. Les tarifs de location de v\u00e9los sur cette \u00eele enchanteresse sont aussi vari\u00e9s que les paysages qu\u2019elle offre. Pour une <strong>location \u00e0 la journ\u00e9e<\/strong>, comptez g\u00e9n\u00e9ralement entre <strong>10 et 15 euros<\/strong> pour un v\u00e9lo classique. Si vous optez pour un mod\u00e8le plus sophistiqu\u00e9, comme un <strong>VTT<\/strong> ou un <strong>v\u00e9lo \u00e9lectrique<\/strong>, les prix grimpent gentiment vers les <strong>20 \u00e0 30 euros par jour<\/strong>. Les amoureux des longues escapades peuvent se r\u00e9jouir : les locations \u00e0 la semaine oscillent entre <strong>50 et 100 euros<\/strong>, selon le type de v\u00e9lo et le loueur.<\/p>\n<p>Attention, les prix peuvent varier en fonction de la saison. En \u00e9t\u00e9, les tarifs ont tendance \u00e0 prendre un peu d\u2019altitude, tandis qu\u2019en basse saison, les offres promotionnelles fleurissent comme les coquelicots au printemps. Certains loueurs proposent \u00e9galement des <strong>forfaits famille<\/strong> ou des r\u00e9ductions pour les locations de plusieurs jours. N\u2019oubliez pas de v\u00e9rifier si le casque, l\u2019antivol ou m\u00eame un panier pour transporter vos achats sont inclus dans le prix. Parce qu\u2019un v\u00e9lo sans panier, c\u2019est comme une hu\u00eetre sans citron : \u00e7a manque de piquant !<\/p>\n<p><h3>Questions fr\u00e9quentes sur la location de v\u00e9los \u00e0 Ol\u00e9ron<\/h3>\n<p>\n<b>1. Y a-t-il des tarifs sp\u00e9ciaux pour les enfants ?<\/b><br \/>\nOui, la plupart des loueurs proposent des v\u00e9los enfants \u00e0 des prix r\u00e9duits, g\u00e9n\u00e9ralement entre <strong>5 et 10 euros par jour<\/strong>. Parfait pour que les petits p\u00e9dalent sans vider la tirelire !<\/p>\n<p><b>2. Les v\u00e9los \u00e9lectriques sont-ils beaucoup plus chers ?<\/b><br \/>\nPas de panique, les v\u00e9los \u00e9lectriques sont un peu plus on\u00e9reux, mais ils valent l\u2019investissement pour explorer l\u2019\u00eele sans transpirer comme un gla\u00e7on au soleil. Comptez entre <strong>25 et 35 euros par jour<\/strong>.<\/p>\n<p><b>3. Peut-on louer un v\u00e9lo pour quelques heures seulement ?<\/b> Certains loueurs proposent des locations \u00e0 l\u2019heure, id\u00e9ales pour une balade express. Les tarifs tournent autour de <strong>5 \u00e0 8 euros de l\u2019heure<\/strong>.<\/p>\n<p><b>4. Les assurances sont-elles incluses dans le prix ?<\/b> Cela d\u00e9pend des loueurs. Certains incluent une assurance dans le tarif, tandis que d\u2019autres la proposent en option. Pensez \u00e0 v\u00e9rifier avant de p\u00e9daler !<\/p>\n<p><b>5. Existe-t-il des r\u00e9ductions pour les groupes ?<\/b> Absolument ! Si vous \u00eates une bande d\u2019amis ou une famille nombreuse, n\u2019h\u00e9sitez pas \u00e0 n\u00e9gocier un tarif de groupe. Les loueurs sont souvent pr\u00eats \u00e0 faire un geste pour vos mollets.<\/p>\n","protected":false},"excerpt":{"rendered":"<p>Est-ce qu&rsquo;il y a des pistes cyclables sur l&rsquo;\u00eele d&rsquo;Ol\u00e9ron ? Est-ce qu&rsquo;il y a des pistes cyclables sur l&rsquo;\u00eele d&rsquo;Ol\u00e9ron ? Ah, l\u2019\u00eele d\u2019Ol\u00e9ron ! Ce petit coin de paradis o\u00f9 le vent caresse les marais salants et o\u00f9 les v\u00e9los r\u00e8gnent en ma\u00eetres. Si vous vous demandez s\u2019il y a des pistes cyclables&#8230;<\/p>\n","protected":false},"author":1,"featured_media":8047,"comment_status":"open","ping_status":"","sticky":false,"template":"","format":"standard","meta":{"_kad_post_transparent":"","_kad_post_title":"","_kad_post_layout":"","_kad_post_sidebar_id":"","_kad_post_content_style":"","_kad_post_vertical_padding":"","_kad_post_feature":"","_kad_post_feature_position":"","_kad_post_header":false,"_kad_post_footer":false,"_kad_post_classname":"","iawp_total_views":0,"footnotes":""},"categories":[1],"tags":[],"class_list":["post-8046","post","type-post","status-publish","format-standard","has-post-thumbnail","hentry","category-actualites"],"_links":{"self":[{"href":"https:\/\/www.dmoz.fr\/tendances\/wp-json\/wp\/v2\/posts\/8046","targetHints":{"allow":["GET"]}}],"collection":[{"href":"https:\/\/www.dmoz.fr\/tendances\/wp-json\/wp\/v2\/posts"}],"about":[{"href":"https:\/\/www.dmoz.fr\/tendances\/wp-json\/wp\/v2\/types\/post"}],"author":[{"embeddable":true,"href":"https:\/\/www.dmoz.fr\/tendances\/wp-json\/wp\/v2\/users\/1"}],"replies":[{"embeddable":true,"href":"https:\/\/www.dmoz.fr\/tendances\/wp-json\/wp\/v2\/comments?post=8046"}],"version-history":[{"count":0,"href":"https:\/\/www.dmoz.fr\/tendances\/wp-json\/wp\/v2\/posts\/8046\/revisions"}],"wp:featuredmedia":[{"embeddable":true,"href":"https:\/\/www.dmoz.fr\/tendances\/wp-json\/wp\/v2\/media\/8047"}],"wp:attachment":[{"href":"https:\/\/www.dmoz.fr\/tendances\/wp-json\/wp\/v2\/media?parent=8046"}],"wp:term":[{"taxonomy":"category","embeddable":true,"href":"https:\/\/www.dmoz.fr\/tendances\/wp-json\/wp\/v2\/categories?post=8046"},{"taxonomy":"post_tag","embeddable":true,"href":"https:\/\/www.dmoz.fr\/tendances\/wp-json\/wp\/v2\/tags?post=8046"}],"curies":[{"name":"wp","href":"https:\/\/api.w.org\/{rel}","templated":true}]}}