{"id":8068,"date":"2025-09-01T21:52:51","date_gmt":"2025-09-01T20:52:51","guid":{"rendered":"https:\/\/www.dmoz.fr\/tendances\/fils-de-gad-elmaleh\/"},"modified":"2025-09-01T21:52:51","modified_gmt":"2025-09-01T20:52:51","slug":"fils-de-gad-elmaleh","status":"publish","type":"post","link":"https:\/\/www.dmoz.fr\/tendances\/fils-de-gad-elmaleh\/","title":{"rendered":"Fils de Gad Elmaleh : d\u00e9couvrez l\u2019h\u00e9ritage et le destin unique de son successeur"},"content":{"rendered":"<p><\/p>\n<div id='video-container' data-video-id='jZe891pGRiA' style='width:100%; height:auto; max-width:587px; position: relative;'>\n<div class='image-video-plugin' style='background:url(\"https:\/\/img.youtube.com\/vi\/jZe891pGRiA\/0.jpg\") center no-repeat; background-size: cover;'><\/div>\n<p>        <span class='youtube-play-button'><\/span><br \/>\n        <noscript><a href=\"https:\/\/www.youtube.com\/watch?v=jZe891pGRiA\" target=\"_blank\" rel=\"noopener\"><\/a><\/noscript>\n    <\/div>\n<p><\/p>\n<p><h2>Quel \u00e2ge a Rapha\u00ebl, le fils de Gad Elmaleh ?<\/h2>\n<p><\/p>\n<p>Rapha\u00ebl Elmaleh, le fils de l\u2019humoriste star Gad Elmaleh, est n\u00e9 le <b>2 juin 2000<\/b>. Cela signifie qu\u2019en 2023, il souffle ses <b>23 bougies<\/b>. Pas encore assez pour \u00eatre aussi c\u00e9l\u00e8bre que son p\u00e8re, mais suffisamment pour commencer \u00e0 se faire un pr\u00e9nom (sans jeu de mots, promis). Rapha\u00ebl, bien qu\u2019il vive loin des projecteurs, reste un sujet de curiosit\u00e9 pour les fans de Gad, qui se demandent souvent ce que devient ce jeune homme discret. Apr\u00e8s tout, \u00eatre le fils d\u2019une l\u00e9gende de l\u2019humour, ce n\u2019est pas une mince affaire !<\/p>\n<\/p>\n<p>Si Rapha\u00ebl n\u2019a pas (encore) choisi de suivre les traces de son p\u00e8re sur sc\u00e8ne, il a tout de m\u00eame h\u00e9rit\u00e9 d\u2019un certain charisme. Gad Elmaleh, lui, ne manque jamais une occasion de parler de son fils avec tendresse, m\u00eame si les d\u00e9tails sur sa vie priv\u00e9e restent bien gard\u00e9s. \u00c0 23 ans, Rapha\u00ebl est sans doute \u00e0 un \u00e2ge o\u00f9 l\u2019on commence \u00e0 se poser des questions existentielles : \u00ab Dois-je devenir humoriste ? Dois-je rester dans l\u2019ombre ? Ou dois-je simplement profiter de la vie sans me prendre la t\u00eate ? \u00bb En tout cas, une chose est s\u00fbre : il a tout le temps de choisir sa voie, et on a h\u00e2te de voir ce qu\u2019il nous r\u00e9serve !<\/p>\n<p><h3>Questions br\u00fblantes sur Rapha\u00ebl Elmaleh<\/h3>\n<p><\/p>\n<ul><\/p>\n<li><b>Rapha\u00ebl Elmaleh est-il actif sur les r\u00e9seaux sociaux ?<\/b> Pour l\u2019instant, Rapha\u00ebl pr\u00e9f\u00e8re garder un profil bas, loin des regards indiscrets. Une d\u00e9cision sage dans un monde o\u00f9 tout le monde veut \u00eatre vu !<\/li>\n<p><\/p>\n<li><b>Est-ce que Rapha\u00ebl travaille dans le milieu artistique ?<\/b> Rien n\u2019est confirm\u00e9, mais avec un p\u00e8re comme Gad Elmaleh, on ne serait pas surpris qu\u2019il ait quelques talents cach\u00e9s.<\/li>\n<p><\/p>\n<li><b>Pourquoi parle-t-on si peu de Rapha\u00ebl ?<\/b> Tout simplement parce qu\u2019il a choisi de vivre loin des m\u00e9dias, un choix respectable dans un monde hyperconnect\u00e9.<\/li>\n<p>\n<\/ul>\n<\/p>\n<h2>Qui sont les fils de Gad Elmaleh ?<\/h2>\n<p>Gad Elmaleh, ce g\u00e9nie de l\u2019humour et ma\u00eetre incontest\u00e9 des one-man-shows, n\u2019est pas seulement un roi de la sc\u00e8ne, mais aussi un p\u00e8re attentionn\u00e9. Ses deux fils, <strong>No\u00e9<\/strong> et <strong>Rapha\u00ebl<\/strong>, h\u00e9ritent d\u2019un nom qui r\u00e9sonne dans le monde du spectacle, mais ils tracent chacun leur propre chemin, loin des projecteurs\u2026 enfin, presque. No\u00e9, l\u2019a\u00een\u00e9, n\u00e9 en 2000 de sa relation avec Anne Brochet, semble avoir h\u00e9rit\u00e9 de la fibre artistique de ses parents. Il s\u2019est d\u00e9j\u00e0 essay\u00e9 au cin\u00e9ma et \u00e0 la musique, prouvant que le talent, c\u2019est un peu comme les g\u00e8nes : \u00e7a se transmet. Rapha\u00ebl, quant \u00e0 lui, n\u00e9 en 2013 de son histoire avec Charlotte Casiraghi, grandit dans un univers o\u00f9 glamour et discr\u00e9tion se c\u00f4toient. Gad Elmaleh, en bon papa moderne, veille \u00e0 ce que ses enfants profitent de leur enfance sans \u00eatre happ\u00e9s par le tourbillon m\u00e9diatique.<\/p>\n<p>Si No\u00e9 et Rapha\u00ebl partagent un p\u00e8re hors du commun, leurs parcours respectifs sont aussi diff\u00e9rents que deux blagues de Gad Elmaleh : l\u2019une fait rire, l\u2019autre fait r\u00e9fl\u00e9chir. No\u00e9, d\u00e9j\u00e0 adulte, explore les arts avec une curiosit\u00e9 qui rappelle celle de son p\u00e8re \u00e0 ses d\u00e9buts. Rapha\u00ebl, encore jeune, baigne dans un environnement o\u00f9 la culture et l\u2019\u00e9l\u00e9gance sont aussi naturelles que le rire lors d\u2019un spectacle de Gad. Le com\u00e9dien, en plus de faire rire la France enti\u00e8re, semble avoir trouv\u00e9 le parfait \u00e9quilibre entre c\u00e9l\u00e9brit\u00e9 et vie de famille. Une performance qui m\u00e9riterait presque un standing ovation.<\/p>\n<p><h3>Questions que vous vous posez (et qu\u2019on se pose aussi)<\/h3>\n<p><\/p>\n<ul><\/p>\n<li><b>No\u00e9 et Rapha\u00ebl suivent-ils les pas de leur p\u00e8re ?<\/b> No\u00e9 semble s\u2019int\u00e9resser \u00e0 l\u2019art et au cin\u00e9ma, tandis que Rapha\u00ebl, encore jeune, profite de son enfance loin des cam\u00e9ras.<\/li>\n<p><\/p>\n<li><b>Comment Gad Elmaleh g\u00e8re-t-il sa vie de p\u00e8re c\u00e9l\u00e8bre ?<\/b> Avec humour et discr\u00e9tion, en veillant \u00e0 prot\u00e9ger l\u2019intimit\u00e9 de ses enfants tout en partageant quelques moments de complicit\u00e9 avec eux.<\/li>\n<p><\/p>\n<li><b>Les fils de Gad Elmaleh sont-ils aussi dr\u00f4les que leur p\u00e8re ?<\/b> Pour l\u2019instant, ils pr\u00e9f\u00e8rent laisser leur p\u00e8re monopoliser les rires, mais qui sait ce que l\u2019avenir r\u00e9serve ?<\/li>\n<p>\n<\/ul>\n<\/p>\n<h2>Combien d&rsquo;enfants Gad Elmaleh a-t-il ?<\/h2>\n<p>Gad Elmaleh, ce g\u00e9nie de l\u2019humour qui fait rire la plan\u00e8te enti\u00e8re, est aussi un papa combl\u00e9. <strong>Le com\u00e9dien marocain a deux enfants<\/strong>, deux gar\u00e7ons qui semblent avoir h\u00e9rit\u00e9 de son charme et de son sens de la r\u00e9partie. Le premier, <strong>No\u00e9<\/strong>, est n\u00e9 en 2000 de sa relation avec l\u2019actrice Anne Brochet. Ce jeune homme, aujourd\u2019hui adulte, a d\u00e9j\u00e0 fait quelques apparitions publiques aux c\u00f4t\u00e9s de son c\u00e9l\u00e8bre papa, prouvant que le talent pourrait bien \u00eatre une affaire de famille. Le second, <strong>Rapha\u00ebl<\/strong>, est issu de sa relation avec la journaliste Charlotte Casiraghi, membre de la famille princi\u00e8re mon\u00e9gasque. N\u00e9 en 2013, Rapha\u00ebl grandit loin des projecteurs, entour\u00e9 d\u2019un amour discret mais bien pr\u00e9sent.<\/p>\n<p>Si Gad Elmaleh est connu pour ses one-man shows hilarants et ses r\u00f4les au cin\u00e9ma, il est aussi un p\u00e8re tr\u00e8s impliqu\u00e9. <strong>No\u00e9 et Rapha\u00ebl<\/strong> repr\u00e9sentent deux chapitres importants de sa vie, chacun marqu\u00e9 par des histoires et des \u00e9motions uniques. Bien qu\u2019il prot\u00e8ge leur intimit\u00e9, Gad n\u2019h\u00e9site pas \u00e0 \u00e9voquer avec tendresse et humour les joies et les d\u00e9fis de la paternit\u00e9 dans ses spectacles. Deux enfants, deux aventures, et un papa qui semble trouver autant de bonheur sur sc\u00e8ne qu\u2019\u00e0 la maison.<\/p>\n<h3>Vous br\u00fblez de savoir encore plus ? Voici vos r\u00e9ponses !<\/h3>\n<ul>\n<li><b>Quels sont les pr\u00e9noms des enfants de Gad Elmaleh ?<\/b> Ses deux fils s\u2019appellent No\u00e9 et Rapha\u00ebl.<\/li>\n<li><b>Gad Elmaleh est-il un p\u00e8re pr\u00e9sent ?<\/b> Absolument ! Malgr\u00e9 son emploi du temps charg\u00e9, il accorde une grande importance \u00e0 sa famille.<\/li>\n<li><b>Les enfants de Gad Elmaleh apparaissent-ils dans les m\u00e9dias ?<\/b> No\u00e9 a \u00e9t\u00e9 vu \u00e0 ses c\u00f4t\u00e9s lors de quelques \u00e9v\u00e9nements, mais Rapha\u00ebl reste tr\u00e8s prot\u00e9g\u00e9.<\/li>\n<\/ul>\n<p><h2>Qui est le fils de Gad Elmaleh et Charlotte Casiraghi ?<\/h2>\n<p>\n[aib_post_related url=&rsquo;\/tendances\/julie-zitouni-origine-parents\/&rsquo; title=&rsquo;L\u2019histoire fascinante de Julie Zitouni : origines et parents r\u00e9v\u00e9l\u00e9s&rsquo; relatedtext=&rsquo;Vous pourriez \u00e9galement \u00eatre int\u00e9ress\u00e9 par:&rsquo;]<\/p>\n<p>Si vous vous \u00eates d\u00e9j\u00e0 demand\u00e9 qui est le fruit de l\u2019union entre le roi de l\u2019humour fran\u00e7ais, Gad Elmaleh, et la princesse du Rocher, Charlotte Casiraghi, laissez-moi vous pr\u00e9senter Rapha\u00ebl Elmaleh. Ce jeune homme, n\u00e9 en 2013, est le digne h\u00e9ritier d\u2019un duo aussi glamour qu\u2019improbable. Imaginez un peu : d\u2019un c\u00f4t\u00e9, un com\u00e9dien qui fait rire des millions de personnes, et de l\u2019autre, une descendante de la famille Grimaldi, qui respire l\u2019\u00e9l\u00e9gance mon\u00e9gasque. Rapha\u00ebl, lui, semble avoir h\u00e9rit\u00e9 du meilleur des deux mondes : le charme m\u00e9diterran\u00e9en et une touche de l\u00e9g\u00e8ret\u00e9 bien fran\u00e7aise.<\/p>\n<\/p>\n<p>[aib_post_related url=&rsquo;\/tendances\/destin-latin-5-lettres-2\/&rsquo; title=&rsquo;D\u00e9couvrez le destin latin en 5 lettres qui intrigue les esprits&rsquo; relatedtext=&rsquo;Vous pourriez \u00e9galement \u00eatre int\u00e9ress\u00e9 par:&rsquo;]<\/p>\n<p>Bien que Rapha\u00ebl Elmaleh grandisse loin des projecteurs, il est impossible d\u2019ignorer l\u2019h\u00e9ritage prestigieux qui l\u2019entoure. Fils d\u2019un p\u00e8re qui a conquis les sc\u00e8nes du monde entier et d\u2019une m\u00e8re qui incarne la noblesse moderne, il baigne dans un univers o\u00f9 l\u2019art et la tradition se rencontrent. Bien que sa vie soit prot\u00e9g\u00e9e par le d\u00e9sir de ses parents de pr\u00e9server son intimit\u00e9, on peut ais\u00e9ment imaginer que ce jeune gar\u00e7on a d\u00e9j\u00e0 une sacr\u00e9e histoire \u00e0 raconter. Et qui sait ? Peut-\u00eatre qu\u2019un jour, il fera lui aussi parler de lui, que ce soit sur sc\u00e8ne, dans les m\u00e9dias, ou en poursuivant une autre passion tout aussi fascinante.<\/p>\n<p>[aib_post_related url=&rsquo;\/tendances\/qui-sont-les-parents-de-louise\/&rsquo; title=&rsquo;Qui sont les parents de Louise ? D\u00e9couvrez les secrets de sa famille !&rsquo; relatedtext=&rsquo;Vous pourriez \u00e9galement \u00eatre int\u00e9ress\u00e9 par:&rsquo;]<\/p>\n<p><h3>Questions Fr\u00e9quentes sur Rapha\u00ebl Elmaleh<\/h3>\n<p><\/p>\n<ul><\/p>\n<li><b>Quel \u00e2ge a Rapha\u00ebl Elmaleh ?<\/b> Rapha\u00ebl est n\u00e9 en 2013, ce qui signifie qu\u2019il a actuellement une dizaine d\u2019ann\u00e9es.<\/li>\n<p><\/p>\n<li><b>Est-ce que Rapha\u00ebl Elmaleh appara\u00eet souvent en public ?<\/b> Non, ses parents veillent \u00e0 ce qu\u2019il grandisse \u00e0 l\u2019abri des m\u00e9dias, loin de l\u2019agitation m\u00e9diatique.<\/li>\n<p><\/p>\n<li><b>Rapha\u00ebl a-t-il des fr\u00e8res et s\u0153urs ?<\/b> Oui, il est le demi-fr\u00e8re de No\u00e9, le fils a\u00een\u00e9 de Gad Elmaleh, et de ses cousins issus de la famille Grimaldi.<\/li>\n<p>\n<\/ul><\/p>\n","protected":false},"excerpt":{"rendered":"<p>Quel \u00e2ge a Rapha\u00ebl, le fils de Gad Elmaleh ? Rapha\u00ebl Elmaleh, le fils de l\u2019humoriste star Gad Elmaleh, est n\u00e9 le 2 juin 2000. Cela signifie qu\u2019en 2023, il souffle ses 23 bougies. Pas encore assez pour \u00eatre aussi c\u00e9l\u00e8bre que son p\u00e8re, mais suffisamment pour commencer \u00e0 se faire un pr\u00e9nom (sans jeu&#8230;<\/p>\n","protected":false},"author":1,"featured_media":8069,"comment_status":"open","ping_status":"","sticky":false,"template":"","format":"standard","meta":{"_kad_post_transparent":"","_kad_post_title":"","_kad_post_layout":"","_kad_post_sidebar_id":"","_kad_post_content_style":"","_kad_post_vertical_padding":"","_kad_post_feature":"","_kad_post_feature_position":"","_kad_post_header":false,"_kad_post_footer":false,"_kad_post_classname":"","iawp_total_views":3,"footnotes":""},"categories":[1],"tags":[],"class_list":["post-8068","post","type-post","status-publish","format-standard","has-post-thumbnail","hentry","category-actualites"],"_links":{"self":[{"href":"https:\/\/www.dmoz.fr\/tendances\/wp-json\/wp\/v2\/posts\/8068","targetHints":{"allow":["GET"]}}],"collection":[{"href":"https:\/\/www.dmoz.fr\/tendances\/wp-json\/wp\/v2\/posts"}],"about":[{"href":"https:\/\/www.dmoz.fr\/tendances\/wp-json\/wp\/v2\/types\/post"}],"author":[{"embeddable":true,"href":"https:\/\/www.dmoz.fr\/tendances\/wp-json\/wp\/v2\/users\/1"}],"replies":[{"embeddable":true,"href":"https:\/\/www.dmoz.fr\/tendances\/wp-json\/wp\/v2\/comments?post=8068"}],"version-history":[{"count":0,"href":"https:\/\/www.dmoz.fr\/tendances\/wp-json\/wp\/v2\/posts\/8068\/revisions"}],"wp:featuredmedia":[{"embeddable":true,"href":"https:\/\/www.dmoz.fr\/tendances\/wp-json\/wp\/v2\/media\/8069"}],"wp:attachment":[{"href":"https:\/\/www.dmoz.fr\/tendances\/wp-json\/wp\/v2\/media?parent=8068"}],"wp:term":[{"taxonomy":"category","embeddable":true,"href":"https:\/\/www.dmoz.fr\/tendances\/wp-json\/wp\/v2\/categories?post=8068"},{"taxonomy":"post_tag","embeddable":true,"href":"https:\/\/www.dmoz.fr\/tendances\/wp-json\/wp\/v2\/tags?post=8068"}],"curies":[{"name":"wp","href":"https:\/\/api.w.org\/{rel}","templated":true}]}}