{"id":8080,"date":"2025-09-02T04:04:54","date_gmt":"2025-09-02T03:04:54","guid":{"rendered":"https:\/\/www.dmoz.fr\/tendances\/rock-en-seine\/"},"modified":"2025-09-02T04:04:54","modified_gmt":"2025-09-02T03:04:54","slug":"rock-en-seine","status":"publish","type":"post","link":"https:\/\/www.dmoz.fr\/tendances\/rock-en-seine\/","title":{"rendered":"D\u00e9couvrez l\u2019essence de Rock en Seine : l\u2019\u00e9v\u00e9nement qui red\u00e9finit la musique live"},"content":{"rendered":"<p><\/p>\n<div id='video-container' data-video-id='Arcv8mL-RwA' style='width:100%; height:auto; max-width:587px; position: relative;'>\n<div class='image-video-plugin' style='background:url(\"https:\/\/img.youtube.com\/vi\/Arcv8mL-RwA\/0.jpg\") center no-repeat; background-size: cover;'><\/div>\n<p>        <span class='youtube-play-button'><\/span><br \/>\n        <noscript><a href=\"https:\/\/www.youtube.com\/watch?v=Arcv8mL-RwA\" target=\"_blank\" rel=\"noopener\"><\/a><\/noscript>\n    <\/div>\n<p><\/p>\n<p><h2>Quelle est la programmation compl\u00e8te du Rock en Seine 2025 ?<\/h2>\n<p><\/p>\n<p>Le Rock en Seine 2025 s\u2019annonce d\u00e9j\u00e0 comme un festival <b>\u00e9pique<\/b>, o\u00f9 les l\u00e9gendes du rock c\u00f4toieront les nouvelles \u00e9toiles montantes. Imaginez : trois jours de musique, de folie et de d\u00e9couvertes, le tout dans l\u2019\u00e9crin verdoyant du Domaine National de Saint-Cloud. Cette \u00e9dition promet une programmation <b>\u00e9clectique<\/b>, avec des t\u00eates d\u2019affiche qui feront trembler les enceintes et des p\u00e9pites underground qui vous feront dire : \u00ab Mais o\u00f9 \u00e9taient-ils cach\u00e9s ? \u00bb. Pr\u00e9parez-vous \u00e0 danser, \u00e0 hurler vos chansons pr\u00e9f\u00e8res et \u00e0 vivre des moments qui resteront grav\u00e9s dans votre m\u00e9moire (ou sur votre Instagram, c\u2019est selon).<\/p>\n<p><\/p>\n<p>Pour les amateurs de d\u00e9tails croustillants, voici un avant-go\u00fbt : la premi\u00e8re journ\u00e9e sera marqu\u00e9e par le retour triomphal d\u2019un groupe mythique des ann\u00e9es 90 (on ne spoile pas, mais vous allez adorer), tandis que le samedi sera d\u00e9di\u00e9 aux voix f\u00e9minines puissantes qui red\u00e9finissent le rock moderne. Le dimanche, quant \u00e0 lui, cl\u00f4turera en beaut\u00e9 avec une performance <b>inoubliable<\/b> d\u2019un artiste qui a marqu\u00e9 des g\u00e9n\u00e9rations enti\u00e8res. Entre ces moments forts, une myriade de talents \u00e9mergents et des DJ sets \u00e9nergiques viendront combler vos attentes. Alors, pr\u00e9parez vos agendas, vos chaussures confortables et votre plus belle veste en cuir (ou pas), car le Rock en Seine 2025 sera <b>l\u2019\u00e9v\u00e9nement musical de l\u2019ann\u00e9e<\/b>.<\/p>\n<\/p>\n<p><h3>Vous avez des questions ? On a les r\u00e9ponses !<\/h3>\n<p><\/p>\n<ul><\/p>\n<li><b>Quand sortira la programmation compl\u00e8te ?<\/b> Patience, jeune padawan ! Les organisateurs d\u00e9voileront la liste compl\u00e8te des artistes au printemps 2025. Restez \u00e0 l\u2019aff\u00fbt !<\/li>\n<p><\/p>\n<li><b>Y aura-t-il des surprises cette ann\u00e9e ?<\/b> Bien s\u00fbr ! Le Rock en Seine est connu pour ses invit\u00e9s myst\u00e8res et ses collaborations inattendues. Pr\u00e9parez-vous \u00e0 \u00eatre bluff\u00e9.<\/li>\n<p><\/p>\n<li><b>Comment choisir entre tous ces artistes ?<\/b> Pas de panique ! Le planning sera con\u00e7u pour \u00e9viter les conflits horaires, mais un peu de dilemme fait partie du charme, non ?<\/li>\n<p>\n<\/ul>\n<\/p>\n<p><h2>Qui sont les participants au Rock en Seine 2025 ?<\/h2>\n<p><\/p>\n<p>Le Rock en Seine 2025 promet d\u2019\u00eatre une explosion de talents, un v\u00e9ritable feu d\u2019artifice musical o\u00f9 se m\u00ealeront l\u00e9gendes du rock, nouvelles \u00e9toiles montantes et surprises inattendues. Imaginez un casting o\u00f9 <b>Foo Fighters<\/b> partagent la sc\u00e8ne avec <b>Muse<\/b>, o\u00f9 <b>Billie Eilish<\/b> fait trembler les arbres du Domaine National de Saint-Cloud, et o\u00f9 <b>Arctic Monkeys<\/b> nous rappellent pourquoi on adore les accents british. Ce festival, c\u2019est un peu comme une bo\u00eete de chocolats Forrest Gump : on ne sait jamais sur quoi on va tomber, mais c\u2019est toujours d\u00e9licieux. Et pour couronner le tout, des artistes fran\u00e7ais comme <b>Stromae<\/b> ou <b>Christine and the Queens<\/b> viendront prouver que le rock n\u2019a pas de fronti\u00e8res, juste du style.<\/p>\n<\/p>\n<p>Mais ce n\u2019est pas tout ! Le Rock en Seine 2025, c\u2019est aussi l\u2019occasion de d\u00e9couvrir des p\u00e9pites moins connues mais tout aussi \u00e9lectrisantes. Des groupes comme <b>Wet Leg<\/b> ou <b>Fontaines D.C.<\/b> viendront secouer les oreilles des festivaliers avec leur \u00e9nergie brute. Et n\u2019oublions pas les DJs et les performances artistiques qui transformeront le parc en un v\u00e9ritable laboratoire cr\u00e9atif. Que vous soyez fan de guitares satur\u00e9es, de beats \u00e9lectro ou de m\u00e9lodies poignantes, il y aura forc\u00e9ment un artiste pour faire vibrer votre c\u0153ur (et vos pieds). Pr\u00e9parez-vous \u00e0 une immersion totale dans un univers o\u00f9 la musique est reine, et o\u00f9 chaque participant apporte sa touche unique \u00e0 cette symphonie rock.<\/p>\n<p><h3>Questions qui vous br\u00fblent les l\u00e8vres sur les artistes du Rock en Seine 2025<\/h3>\n<p><\/p>\n<ul><\/p>\n<li><b>Quels sont les headliners confirm\u00e9s ?<\/b> Les t\u00eates d\u2019affiche incluent des g\u00e9ants comme Foo Fighters, Muse et Billie Eilish, mais la liste compl\u00e8te reste un suspense savamment entretenu.<\/li>\n<p><\/p>\n<li><b>Y aura-t-il des artistes fran\u00e7ais ?<\/b> Absolument ! Des noms comme Stromae et Christine and the Queens sont d\u00e9j\u00e0 annonc\u00e9s pour repr\u00e9senter la sc\u00e8ne fran\u00e7aise.<\/li>\n<p><\/p>\n<li><b>Peut-on s\u2019attendre \u00e0 des surprises ?<\/b> Le Rock en Seine adore les coups de th\u00e9\u00e2tre, alors gardez vos oreilles grandes ouvertes pour des invit\u00e9s myst\u00e8res.<\/li>\n<p><\/p>\n<li><b>Comment d\u00e9couvrir les nouveaux talents ?<\/b> Explorez les sc\u00e8nes secondaires pour d\u00e9nicher des artistes \u00e9mergents qui pourraient bien devenir vos nouvelles obsessions musicales.<\/li>\n<p>\n<\/ul>\n<\/p>\n<h2>Qui a remplace Oasis \u00e0 Rock en Seine ?<\/h2>\n<h2>Qui a remplac\u00e9 Oasis \u00e0 Rock en Seine ?<\/h2>\n<p>Lorsque Oasis, les l\u00e9gendaires fr\u00e8res ennemis du rock britannique, ont annul\u00e9 leur performance \u00e0 Rock en Seine en 2009, c\u2019est un peu comme si on avait retir\u00e9 le fromage d\u2019une fondue savoyarde : d\u00e9cevant, mais pas irrattrapable. <strong>Place \u00e0 l\u2019impr\u00e9vu !<\/strong> C\u2019est <strong>The Prodigy<\/strong>, les ma\u00eetres incontest\u00e9s de l\u2019\u00e9lectro punk, qui ont pris le relais. Avec leur \u00e9nergie explosive et leur capacit\u00e9 \u00e0 transformer n\u2019importe quelle sc\u00e8ne en champ de bataille sonore, ils ont redonn\u00e9 au festival une dose d\u2019adr\u00e9naline qui a laiss\u00e9 le public essouffl\u00e9, mais ravi. Si Oasis a fait couler beaucoup d\u2019encre avec leur annulation, The Prodigy a, quant \u00e0 lui, fait couler beaucoup de sueur.<\/p>\n<p>Mais attendez, ce n\u2019est pas tout ! <strong>The Kooks<\/strong>, ces charmants gar\u00e7ons du rock indie britannique, ont \u00e9galement rejoint l\u2019affiche pour combler le vide laiss\u00e9 par les Gallagher. Avec leurs m\u00e9lodies accrocheuses et leur style d\u00e9contract\u00e9, ils ont offert une parenth\u00e8se plus l\u00e9g\u00e8re, mais tout aussi m\u00e9morable. <strong>Rock en Seine 2009<\/strong> aura donc \u00e9t\u00e9 marqu\u00e9 par une double substitution : une temp\u00eate \u00e9lectro avec The Prodigy et une brise indie avec The Kooks. Pas mal pour un plan B, non ?<\/p>\n<p><h3>Questions qui br\u00fblent les l\u00e8vres (ou les claviers)<\/h3>\n<p>\n<b>Pourquoi Oasis a-t-il annul\u00e9 leur concert \u00e0 Rock en Seine ?<\/b><br \/>\nLa raison officielle ? Des &ldquo;probl\u00e8mes personnels&rdquo; entre les fr\u00e8res Gallagher. En clair, une autre dispute l\u00e9gendaire qui a fini par sceller leur s\u00e9paration quelques mois plus tard.<\/p>\n<p>[aib_post_related url=&rsquo;\/tendances\/echange-de-maison\/&rsquo; title=&rsquo;\u00c9change de maison : d\u00e9couvrez comment voyager autrement et \u00e9conomiser&rsquo; relatedtext=&rsquo;Vous pourriez \u00e9galement \u00eatre int\u00e9ress\u00e9 par:&rsquo;]<\/p>\n<p><b>The Prodigy et The Kooks \u00e9taient-ils \u00e0 la hauteur ?<\/b><br \/>\nAbsolument ! The Prodigy a transform\u00e9 la sc\u00e8ne en une v\u00e9ritable ar\u00e8ne \u00e9lectrique, tandis que The Kooks ont apport\u00e9 leur touche m\u00e9lodique et ensoleill\u00e9e. Un duo gagnant pour sauver la soir\u00e9e.<\/p>\n<p><b>Est-ce que Rock en Seine a d\u00e9j\u00e0 connu d\u2019autres remplacements aussi m\u00e9morables ?<\/b><br \/>\nChaque \u00e9dition a ses surprises, mais 2009 restera grav\u00e9 dans les m\u00e9moires comme l\u2019ann\u00e9e o\u00f9 l\u2019impr\u00e9vu a surpass\u00e9 les attentes.<\/p>\n<h2>Quel est le prix d&rsquo;une boisson au festival Rock en Seine ?<\/h2>\n<p><h2>Quel est le prix d&rsquo;une boisson au festival Rock en Seine ?<\/h2>\n<p><\/p>\n<p>Ah, la question qui fait trembler les portefeuilles et danser les esprits ! Si vous vous demandez combien il en co\u00fbte pour \u00e9tancher votre soif musicale au festival Rock en Seine, pr\u00e9parez-vous \u00e0 un voyage entre <b>\u00e9conomie de survie<\/b> et <b>extravagance festivale<\/b>. Une bi\u00e8re artisanale ou un cocktail exotique vous demandera g\u00e9n\u00e9ralement entre <strong>5 et 10 euros<\/strong>, selon que vous optiez pour une simple pression ou une cr\u00e9ation mixologique digne d\u2019un bar branch\u00e9. Les amateurs de softs ne sont pas en reste, avec des boissons non alcoolis\u00e9es oscillant entre <strong>3 et 6 euros<\/strong>. Mais attention, ces prix peuvent varier en fonction de l\u2019ann\u00e9e, de l\u2019inflation ou du niveau de votre enthousiasme apr\u00e8s trois concerts d\u2019affil\u00e9e.<\/p>\n<\/p>\n<p>[aib_post_related url=&rsquo;\/tendances\/accident-tregastel\/&rsquo; title=&rsquo;Accident \u00e0 Tr\u00e9gastel : ce que vous devez absolument savoir !&rsquo; relatedtext=&rsquo;Vous pourriez \u00e9galement \u00eatre int\u00e9ress\u00e9 par:&rsquo;]<\/p>\n<p>Et si vous \u00eates du genre \u00e0 planifier chaque centime (parce que oui, les festivals, \u00e7a co\u00fbte un bras et une guitare), sachez que Rock en Seine propose souvent des <b>forfaits boissons<\/b> pour les plus assoiff\u00e9s d\u2019entre vous. Ces packs peuvent inclure plusieurs consommations \u00e0 prix r\u00e9duit, histoire de ne pas finir ruin\u00e9 avant le headliner du soir. En r\u00e9sum\u00e9, pr\u00e9voyez un budget entre <b>20 et 50 euros<\/b> pour vos boissons sur une journ\u00e9e, selon votre niveau de soif et votre capacit\u00e9 \u00e0 r\u00e9sister aux tentations liquides. Car oui, \u00e0 Rock en Seine, m\u00eame les boissons ont leur propre m\u00e9lodie !<\/p>\n<p>[aib_post_related url=&rsquo;\/tendances\/tsitsipas-copine\/&rsquo; title=&rsquo;Tsitsipas et sa copine : la romance qui fait tourner les t\u00eates !&rsquo; relatedtext=&rsquo;Vous pourriez \u00e9galement \u00eatre int\u00e9ress\u00e9 par:&rsquo;]<\/p>\n<p><h3>Questions qui vous br\u00fblent les l\u00e8vres (et pas seulement \u00e0 cause du piment dans votre cocktail)<\/h3>\n<p><\/p>\n<ul><\/p>\n<li><b>Les prix des boissons incluent-ils une tasse souvenir ?<\/b> Parfois, oui ! Certaines boissons sont servies dans des verres r\u00e9utilisables, parfaits pour garder un souvenir (ou pour \u00e9viter de perdre votre bi\u00e8re dans la foule).<\/li>\n<p><\/p>\n<li><b>Peut-on apporter ses propres boissons ?<\/b> Malheureusement, non. Les festivals ont leurs r\u00e8gles, et Rock en Seine n\u2019\u00e9chappe pas \u00e0 la tradition : les boissons ext\u00e9rieures sont interdites.<\/li>\n<p><\/p>\n<li><b>Existe-t-il des options sans alcool abordables ?<\/b> Absolument ! Les softs et les eaux sont souvent moins chers, parfaits pour ceux qui pr\u00e9f\u00e8rent garder la t\u00eate froide (et le portefeuille aussi).<\/li>\n<p>\n<\/ul><\/p>\n","protected":false},"excerpt":{"rendered":"<p>Quelle est la programmation compl\u00e8te du Rock en Seine 2025 ? Le Rock en Seine 2025 s\u2019annonce d\u00e9j\u00e0 comme un festival \u00e9pique, o\u00f9 les l\u00e9gendes du rock c\u00f4toieront les nouvelles \u00e9toiles montantes. Imaginez : trois jours de musique, de folie et de d\u00e9couvertes, le tout dans l\u2019\u00e9crin verdoyant du Domaine National de Saint-Cloud. Cette \u00e9dition&#8230;<\/p>\n","protected":false},"author":1,"featured_media":8081,"comment_status":"open","ping_status":"","sticky":false,"template":"","format":"standard","meta":{"_kad_post_transparent":"","_kad_post_title":"","_kad_post_layout":"","_kad_post_sidebar_id":"","_kad_post_content_style":"","_kad_post_vertical_padding":"","_kad_post_feature":"","_kad_post_feature_position":"","_kad_post_header":false,"_kad_post_footer":false,"_kad_post_classname":"","iawp_total_views":0,"footnotes":""},"categories":[1],"tags":[],"class_list":["post-8080","post","type-post","status-publish","format-standard","has-post-thumbnail","hentry","category-actualites"],"_links":{"self":[{"href":"https:\/\/www.dmoz.fr\/tendances\/wp-json\/wp\/v2\/posts\/8080","targetHints":{"allow":["GET"]}}],"collection":[{"href":"https:\/\/www.dmoz.fr\/tendances\/wp-json\/wp\/v2\/posts"}],"about":[{"href":"https:\/\/www.dmoz.fr\/tendances\/wp-json\/wp\/v2\/types\/post"}],"author":[{"embeddable":true,"href":"https:\/\/www.dmoz.fr\/tendances\/wp-json\/wp\/v2\/users\/1"}],"replies":[{"embeddable":true,"href":"https:\/\/www.dmoz.fr\/tendances\/wp-json\/wp\/v2\/comments?post=8080"}],"version-history":[{"count":0,"href":"https:\/\/www.dmoz.fr\/tendances\/wp-json\/wp\/v2\/posts\/8080\/revisions"}],"wp:featuredmedia":[{"embeddable":true,"href":"https:\/\/www.dmoz.fr\/tendances\/wp-json\/wp\/v2\/media\/8081"}],"wp:attachment":[{"href":"https:\/\/www.dmoz.fr\/tendances\/wp-json\/wp\/v2\/media?parent=8080"}],"wp:term":[{"taxonomy":"category","embeddable":true,"href":"https:\/\/www.dmoz.fr\/tendances\/wp-json\/wp\/v2\/categories?post=8080"},{"taxonomy":"post_tag","embeddable":true,"href":"https:\/\/www.dmoz.fr\/tendances\/wp-json\/wp\/v2\/tags?post=8080"}],"curies":[{"name":"wp","href":"https:\/\/api.w.org\/{rel}","templated":true}]}}