{"id":8148,"date":"2025-09-03T16:00:25","date_gmt":"2025-09-03T15:00:25","guid":{"rendered":"https:\/\/www.dmoz.fr\/tendances\/julien-ciamaca\/"},"modified":"2025-09-03T16:00:25","modified_gmt":"2025-09-03T15:00:25","slug":"julien-ciamaca","status":"publish","type":"post","link":"https:\/\/www.dmoz.fr\/tendances\/julien-ciamaca\/","title":{"rendered":"D\u00e9couvrez les secrets de Julien Ciamaca pour r\u00e9ussir dans le digital"},"content":{"rendered":"<p><\/p>\n<div id='video-container' data-video-id='t3VpMG3x3Go' style='width:100%; height:auto; max-width:587px; position: relative;'>\n<div class='image-video-plugin' style='background:url(\"https:\/\/img.youtube.com\/vi\/t3VpMG3x3Go\/0.jpg\") center no-repeat; background-size: cover;'><\/div>\n<p>        <span class='youtube-play-button'><\/span><br \/>\n        <noscript><a href=\"https:\/\/www.youtube.com\/watch?v=t3VpMG3x3Go\" target=\"_blank\" rel=\"noopener\"><\/a><\/noscript>\n    <\/div>\n<p><\/p>\n<h2>Qu&rsquo;est devenu Julien Ciamaca ?<\/h2>\n<p>Julien Ciamaca, ce nom qui r\u00e9sonne comme une m\u00e9lodie dans l\u2019univers de la tech et de l\u2019\u00e9ducation, a su se tailler une place de choix dans le paysage num\u00e9rique fran\u00e7ais. <strong>Co-fondateur d\u2019OpenClassrooms<\/strong>, cette plateforme qui a r\u00e9volutionn\u00e9 l\u2019apprentissage en ligne, Julien a fait de l\u2019\u00e9ducation accessible \u00e0 tous son cheval de bataille. Mais apr\u00e8s avoir quitt\u00e9 le navire qu\u2019il a contribu\u00e9 \u00e0 construire, on se demande : o\u00f9 est pass\u00e9 ce visionnaire ? A-t-il troqu\u00e9 son clavier pour une vie de moine bouddhiste ou s\u2019est-il lanc\u00e9 dans une qu\u00eate secr\u00e8te pour sauver le monde ? Spoiler : c\u2019est un peu des deux.<\/p>\n<p>Aujourd\u2019hui, Julien Ciamaca s\u2019est engag\u00e9 dans une nouvelle aventure, tout aussi ambitieuse : <strong>la transition \u00e9cologique<\/strong>. Loin de se reposer sur ses lauriers, il a co-fond\u00e9 <strong>Hepha\u00efstos<\/strong>, une entreprise d\u00e9di\u00e9e \u00e0 la r\u00e9industrialisation locale et durable. Son objectif ? Redonner vie \u00e0 des savoir-faire industriels tout en respectant la plan\u00e8te. Entre ateliers de fabrication et projets innovants, Julien prouve que l\u2019on peut allier technologie et \u00e9cologie sans sacrifier l\u2019humain. Un vrai super-h\u00e9ros moderne, mais sans la cape (enfin, on suppose).<\/p>\n<p><h3>Questions que vous vous posez (et on a les r\u00e9ponses)<\/h3>\n<p><\/p>\n<ul><\/p>\n<li><b>Julien Ciamaca a-t-il quitt\u00e9 OpenClassrooms pour de bon ?<\/b> Oui, il a pris son envol pour se concentrer sur de nouveaux d\u00e9fis, mais son h\u00e9ritage reste bien vivant.<\/li>\n<p><\/p>\n<li><b>Quel est le projet actuel de Julien Ciamaca ?<\/b> Il dirige Hepha\u00efstos, une initiative qui m\u00eale r\u00e9industrialisation locale et d\u00e9veloppement durable.<\/li>\n<p><\/p>\n<li><b>Est-il toujours impliqu\u00e9 dans l\u2019\u00e9ducation ?<\/b> Indirectement, car ses projets actuels s\u2019inscrivent dans une logique de transmission des savoirs et de formation professionnelle.<\/li>\n<p><\/p>\n<li><b>Julien Ciamaca est-il un g\u00e9nie ou juste un r\u00eaveur ?<\/b> Un peu des deux, mais surtout un faiseur : il transforme ses id\u00e9es en actions concr\u00e8tes.<\/li>\n<p>\n<\/ul>\n<\/p>\n<p><h2>Qui joue le r\u00f4le de Marcel dans La gloire de mon p\u00e8re ?<\/h2>\n<p><\/p>\n<p>Dans l\u2019adaptation cin\u00e9matographique de <b>La Gloire de mon p\u00e8re<\/b>, le r\u00f4le de Marcel Pagnol jeune, alias Marcel, est interpr\u00e9t\u00e9 par le talentueux <b>Julien Ciamaca<\/b>. Ce jeune acteur, alors \u00e2g\u00e9 de seulement 11 ans lors du tournage, incarne avec une fra\u00eecheur et une authenticit\u00e9 d\u00e9concertantes le personnage central de cette \u0153uvre tir\u00e9e des souvenirs d\u2019enfance de Marcel Pagnol. Son interpr\u00e9tation, \u00e0 la fois espi\u00e8gle et touchante, capture parfaitement l\u2019esprit de l\u2019auteur et rend hommage \u00e0 cette p\u00e9riode nostalgique de la Provence des ann\u00e9es 1900. Ciamaca, malgr\u00e9 son jeune \u00e2ge, a su donner vie \u00e0 Marcel avec une justesse qui a conquis le public et les critiques.<\/p>\n<\/p>\n<p>Le choix de Julien Ciamaca pour ce r\u00f4le n\u2019\u00e9tait pas anodin. Le r\u00e9alisateur, <b>Yves Robert<\/b>, cherchait un enfant qui puisse incarner \u00e0 la fois la curiosit\u00e9, l\u2019innocence et la malice de Marcel. Avec son regard p\u00e9tillant et sa pr\u00e9sence naturelle \u00e0 l\u2019\u00e9cran, Ciamaca a su transcender le personnage, en faisant un pilier \u00e9motionnel du film. Sa performance, associ\u00e9e \u00e0 celle de <b>Philippe Caub\u00e8re<\/b> (Joseph, le p\u00e8re) et <b>Nathalie Roussel<\/b> (Augustine, la m\u00e8re), a contribu\u00e9 \u00e0 faire de <b>La Gloire de mon p\u00e8re<\/b> un classique du cin\u00e9ma fran\u00e7ais. Un r\u00f4le qui, pour Julien Ciamaca, restera sans doute grav\u00e9 dans les m\u00e9moires comme une des plus belles incarnations de l\u2019enfance \u00e0 l\u2019\u00e9cran.<\/p>\n<p>[aib_post_related url=&rsquo;\/tendances\/plus-vieille-maison-de-france\/&rsquo; title=&rsquo;La plus vieille maison de France : d\u00e9couvrez son histoire fascinante et ses secrets bien gard\u00e9s !&rsquo; relatedtext=&rsquo;Vous pourriez \u00e9galement \u00eatre int\u00e9ress\u00e9 par:&rsquo;]<\/p>\n<p><h3>Questions br\u00fblantes sur Marcel et son interpr\u00e8te<\/h3>\n<p><\/p>\n<ul><\/p>\n<li><b>Julien Ciamaca a-t-il poursuivi une carri\u00e8re d\u2019acteur apr\u00e8s ce r\u00f4le ?<\/b> Oui, mais il s\u2019est \u00e9loign\u00e9 des projecteurs apr\u00e8s quelques apparitions, pr\u00e9f\u00e9rant une vie loin du cin\u00e9ma.<\/li>\n<p><\/p>\n<li><b>Comment Julien Ciamaca a-t-il \u00e9t\u00e9 choisi pour le r\u00f4le de Marcel ?<\/b> Yves Robert l\u2019a rep\u00e9r\u00e9 lors d\u2019un casting, s\u00e9duit par sa spontan\u00e9it\u00e9 et sa ressemblance avec le jeune Pagnol.<\/li>\n<p><\/p>\n<li><b>Quel \u00e9tait le d\u00e9fi principal pour Julien Ciamaca dans ce r\u00f4le ?<\/b> Incarner Marcel Pagnol tout en restant naturel, sans tomber dans la caricature.<\/li>\n<p>\n<\/ul>\n<\/p>\n<p>[aib_post_related url=&rsquo;\/tendances\/temps-incubation-grippe\/&rsquo; title=&rsquo;Le temps d&#039;incubation de la grippe : ce que vous devez absolument savoir !&rsquo; relatedtext=&rsquo;Vous pourriez \u00e9galement \u00eatre int\u00e9ress\u00e9 par:&rsquo;]<\/p>\n<p><h2>Qui joue le r\u00f4le de Marcel Pagnol ?<\/h2>\n<p><\/p>\n<p>Ah, Marcel Pagnol ! Ce nom r\u00e9sonne comme une madeleine de Proust pour les amoureux du cin\u00e9ma et de la litt\u00e9rature fran\u00e7aise. Mais qui a eu l\u2019audace, le talent et la moustache bien taill\u00e9e pour incarner ce monument de la culture proven\u00e7ale ? <b>Daniel Auteuil<\/b>, mesdames et messieurs, est l\u2019heureux \u00e9lu. Ce com\u00e9dien hors pair, d\u00e9j\u00e0 aur\u00e9ol\u00e9 de multiples r\u00e9compenses, s\u2019est gliss\u00e9 dans la peau de Pagnol avec une gr\u00e2ce et une authenticit\u00e9 qui font mouche. Imaginez : un m\u00e9lange de charisme, de finesse et d\u2019un brin de malice, le tout saupoudr\u00e9 d\u2019un accent chantant. Du pur bonheur \u00e0 l\u2019\u00e9cran !<\/p>\n<\/p>\n<p>Dans le film <i>La Gloire de mon p\u00e8re<\/i> et <i>Le Ch\u00e2teau de ma m\u00e8re<\/i>, adapt\u00e9s des \u0153uvres autobiographiques de Pagnol, Auteuil ne se contente pas de jouer : il <b>devient<\/b> Marcel. Il capture l\u2019esprit du c\u00e9l\u00e8bre \u00e9crivain, son amour pour la Provence, sa sensibilit\u00e9 et son humour pince-sans-rire. Le r\u00e9sultat ? Un hommage vibrant \u00e0 l\u2019homme derri\u00e8re la l\u00e9gende, port\u00e9 par une interpr\u00e9tation qui fait honneur \u00e0 son h\u00e9ritage. Si Pagnol lui-m\u00eame avait pu voir \u00e7a, il aurait s\u00fbrement souri, un verre de pastis \u00e0 la main.<\/p>\n<p>[aib_post_related url=&rsquo;\/tendances\/jorge-martin-copine\/&rsquo; title=&rsquo;Jorge Martin copine : d\u00e9couvrez la femme qui fait battre son c\u0153ur !&rsquo; relatedtext=&rsquo;Vous pourriez \u00e9galement \u00eatre int\u00e9ress\u00e9 par:&rsquo;]<\/p>\n<h3>Questions qui titillent l\u2019esprit (et les m\u00e9ninges)<\/h3>\n<p><\/p>\n<ul><\/p>\n<li><b>Daniel Auteuil a-t-il toujours \u00e9t\u00e9 le premier choix pour incarner Pagnol ?<\/b> Oui, et pour cause : sa polyvalence et son aura en ont fait l\u2019interpr\u00e8te id\u00e9al d\u00e8s le d\u00e9part.<\/li>\n<p><\/p>\n<li><b>Comment s\u2019est-il pr\u00e9par\u00e9 pour ce r\u00f4le ?<\/b> En plongeant t\u00eate la premi\u00e8re dans les \u00e9crits de Pagnol et en adoptant une moustache aussi soign\u00e9e que celle du ma\u00eetre.<\/li>\n<p><\/p>\n<li><b>Pourquoi ces films sont-ils si cultes ?<\/b> Parce qu\u2019ils capturent l\u2019essence de Pagnol, gr\u00e2ce \u00e0 une interpr\u00e9tation magistrale et une mise en sc\u00e8ne qui rend hommage \u00e0 son univers.<\/li>\n<p>\n<\/ul><\/p>\n","protected":false},"excerpt":{"rendered":"<p>Qu&rsquo;est devenu Julien Ciamaca ? Julien Ciamaca, ce nom qui r\u00e9sonne comme une m\u00e9lodie dans l\u2019univers de la tech et de l\u2019\u00e9ducation, a su se tailler une place de choix dans le paysage num\u00e9rique fran\u00e7ais. Co-fondateur d\u2019OpenClassrooms, cette plateforme qui a r\u00e9volutionn\u00e9 l\u2019apprentissage en ligne, Julien a fait de l\u2019\u00e9ducation accessible \u00e0 tous son cheval&#8230;<\/p>\n","protected":false},"author":1,"featured_media":8149,"comment_status":"open","ping_status":"","sticky":false,"template":"","format":"standard","meta":{"_kad_post_transparent":"","_kad_post_title":"","_kad_post_layout":"","_kad_post_sidebar_id":"","_kad_post_content_style":"","_kad_post_vertical_padding":"","_kad_post_feature":"","_kad_post_feature_position":"","_kad_post_header":false,"_kad_post_footer":false,"_kad_post_classname":"","iawp_total_views":4,"footnotes":""},"categories":[1],"tags":[],"class_list":["post-8148","post","type-post","status-publish","format-standard","has-post-thumbnail","hentry","category-actualites"],"_links":{"self":[{"href":"https:\/\/www.dmoz.fr\/tendances\/wp-json\/wp\/v2\/posts\/8148","targetHints":{"allow":["GET"]}}],"collection":[{"href":"https:\/\/www.dmoz.fr\/tendances\/wp-json\/wp\/v2\/posts"}],"about":[{"href":"https:\/\/www.dmoz.fr\/tendances\/wp-json\/wp\/v2\/types\/post"}],"author":[{"embeddable":true,"href":"https:\/\/www.dmoz.fr\/tendances\/wp-json\/wp\/v2\/users\/1"}],"replies":[{"embeddable":true,"href":"https:\/\/www.dmoz.fr\/tendances\/wp-json\/wp\/v2\/comments?post=8148"}],"version-history":[{"count":0,"href":"https:\/\/www.dmoz.fr\/tendances\/wp-json\/wp\/v2\/posts\/8148\/revisions"}],"wp:featuredmedia":[{"embeddable":true,"href":"https:\/\/www.dmoz.fr\/tendances\/wp-json\/wp\/v2\/media\/8149"}],"wp:attachment":[{"href":"https:\/\/www.dmoz.fr\/tendances\/wp-json\/wp\/v2\/media?parent=8148"}],"wp:term":[{"taxonomy":"category","embeddable":true,"href":"https:\/\/www.dmoz.fr\/tendances\/wp-json\/wp\/v2\/categories?post=8148"},{"taxonomy":"post_tag","embeddable":true,"href":"https:\/\/www.dmoz.fr\/tendances\/wp-json\/wp\/v2\/tags?post=8148"}],"curies":[{"name":"wp","href":"https:\/\/api.w.org\/{rel}","templated":true}]}}