{"id":8154,"date":"2025-09-03T19:09:42","date_gmt":"2025-09-03T18:09:42","guid":{"rendered":"https:\/\/www.dmoz.fr\/tendances\/patron-ktm\/"},"modified":"2025-09-03T19:09:42","modified_gmt":"2025-09-03T18:09:42","slug":"patron-ktm","status":"publish","type":"post","link":"https:\/\/www.dmoz.fr\/tendances\/patron-ktm\/","title":{"rendered":"D\u00e9couvrez les secrets du patron KTM pour dominer le monde des motos"},"content":{"rendered":"<p><\/p>\n<div id='video-container' data-video-id='e10Z7UWxpts' style='width:100%; height:auto; max-width:587px; position: relative;'>\n<div class='image-video-plugin' style='background:url(\"https:\/\/img.youtube.com\/vi\/e10Z7UWxpts\/0.jpg\") center no-repeat; background-size: cover;'><\/div>\n<p>        <span class='youtube-play-button'><\/span><br \/>\n        <noscript><a href=\"https:\/\/www.youtube.com\/watch?v=e10Z7UWxpts\" target=\"_blank\" rel=\"noopener\"><\/a><\/noscript>\n    <\/div>\n<p><\/p>\n<h2>Qui est le propri\u00e9taire de KTM ?<\/h2>\n<p>Si vous vous \u00eates d\u00e9j\u00e0 demand\u00e9 qui tient les r\u00eanes de cette marque de motos aussi l\u00e9gendaire qu\u2019un kangourou en plein saut, la r\u00e9ponse est <strong>Pierer Mobility AG<\/strong>. Oui, ce nom sonne comme celui d\u2019une entreprise qui aurait \u00e9t\u00e9 fond\u00e9e dans un laboratoire secret, mais c\u2019est bien la soci\u00e9t\u00e9 m\u00e8re qui dirige KTM avec une pr\u00e9cision suisse et une audace autrichienne. Fond\u00e9e en 1934, KTM a travers\u00e9 les d\u00e9cennies comme un pilote chevronn\u00e9, et aujourd\u2019hui, elle est dirig\u00e9e par <strong>Stefan Pierer<\/strong>, un homme dont la passion pour les deux-roues est aussi \u00e9vidente que l\u2019amour d\u2019un motard pour son casque. Sous sa houlette, KTM est devenue une r\u00e9f\u00e9rence mondiale, m\u00e9langeant innovation, performance et un brin de folie.<\/p>\n<p>Mais attention, ne vous m\u00e9prenez pas : KTM n\u2019est pas juste une marque, c\u2019est une philosophie. Avec des mod\u00e8les qui vont du supermotard au rallye, en passant par les motos de route, KTM est comme un couteau suisse motoris\u00e9. Et derri\u00e8re cette diversit\u00e9, il y a une \u00e9quipe de passionn\u00e9s qui travaillent sous l\u2019\u00e9gide de Pierer Mobility AG. Alors, la prochaine fois que vous verrez une KTM filer \u00e0 toute allure, souvenez-vous : c\u2019est le fruit d\u2019une vision audacieuse et d\u2019un leadership aussi solide qu\u2019un cadre en aluminium.<\/p>\n<p><h3>Questions br\u00fblantes sur le propri\u00e9taire de KTM<\/h3>\n<p><\/p>\n<ul><\/p>\n<li><b>Qui est Stefan Pierer ?<\/b> Le PDG de Pierer Mobility AG, l\u2019homme qui orchestre la symphonie KTM depuis des ann\u00e9es.<\/li>\n<p><\/p>\n<li><b>Pierer Mobility AG est-elle seulement propri\u00e9taire de KTM ?<\/b> Non, elle g\u00e8re aussi d\u2019autres marques comme Husqvarna et GasGas, formant un v\u00e9ritable empire du deux-roues.<\/li>\n<p><\/p>\n<li><b>KTM est-elle une marque autrichienne ?<\/b> Absolument ! N\u00e9e en Autriche, elle garde ses racines tout en conqu\u00e9rant le monde.<\/li>\n<p>\n<\/ul>\n<\/p>\n<h2>Qui est le PDG de KTM ?<\/h2>\n<p>Si vous vous demandez qui tient les r\u00eanes de cette marque de motos qui fait rugir les routes et les circuits, laissez-moi vous pr\u00e9senter <strong>Stefan Pierer<\/strong>. Ce monsieur, aussi charismatique qu\u2019une moto customis\u00e9e, est le PDG de KTM depuis des ann\u00e9es. Et quand on dit KTM, on pense imm\u00e9diatement \u00e0 des machines orange qui d\u00e9fient la gravit\u00e9 et le bon sens. Stefan Pierer, c\u2019est un peu le <strong>chef d\u2019orchestre<\/strong> de cette symphonie m\u00e9canique, un visionnaire qui a su transformer une petite entreprise autrichienne en un g\u00e9ant mondial de la moto.<\/p>\n<p>Sous sa direction, KTM est devenue une r\u00e9f\u00e9rence incontournable dans l\u2019univers du deux-roues, que ce soit en motocross, en rallye ou sur la route. Pierer, c\u2019est aussi le genre de PDG qui ne se contente pas de signer des ch\u00e8ques : il est passionn\u00e9, impliqu\u00e9, et sait exactement comment faire vibrer les passionn\u00e9s de moteurs. Avec lui aux commandes, KTM a non seulement surv\u00e9cu aux turbulences \u00e9conomiques, mais elle a aussi su s\u2019imposer comme un acteur majeur, pr\u00eat \u00e0 d\u00e9fier les plus grands.<\/p>\n<p><h3>Questions br\u00fblantes sur le PDG de KTM<\/h3>\n<p><\/p>\n<ul><\/p>\n<li><b>Depuis quand Stefan Pierer est-il PDG de KTM ?<\/b> Il occupe ce poste depuis 1992, une \u00e9poque o\u00f9 les t\u00e9l\u00e9phones portables ressemblaient \u00e0 des briques et o\u00f9 KTM commen\u00e7ait \u00e0 se faire un nom.<\/li>\n<p><\/p>\n<li><b>Quel est le secret de sa r\u00e9ussite ?<\/b> Une combinaison de vision strat\u00e9gique, de passion pour la moto et d\u2019une bonne dose de courage pour prendre des risques.<\/li>\n<p><\/p>\n<li><b>Stefan Pierer est-il aussi un motard ?<\/b> Absolument ! On ne dirige pas une marque comme KTM sans avoir une vraie passion pour les deux-roues.<\/li>\n<p>\n<\/ul>\n<\/p>\n<h2>Qui est le patron de KTM MotoGP ?<\/h2>\n<p>Si vous vous demandez qui tient les r\u00eanes de KTM MotoGP, pr\u00e9parez-vous \u00e0 rencontrer un personnage aussi charismatique qu\u2019un pilote en pleine course : <strong>Pit Beirer<\/strong>. Ce monsieur, directeur sportif de KTM depuis 2015, est l\u2019homme derri\u00e8re la strat\u00e9gie audacieuse de la marque autrichienne dans le monde impitoyable de la MotoGP. Avec un \u0153il de lynx pour les talents et une d\u00e9termination \u00e0 toute \u00e9preuve, Beirer a transform\u00e9 KTM en un s\u00e9rieux concurrent, prouvant que m\u00eame les outsiders peuvent devenir des g\u00e9ants. Sous sa direction, KTM a non seulement grimp\u00e9 dans les classements, mais a aussi s\u00e9duit les fans par son esprit combatif et son audace technologique.<\/p>\n<p>Pit Beirer, c\u2019est un peu le <em>chef d\u2019orchestre<\/em> d\u2019une \u00e9quipe qui m\u00e9lange vitesse, innovation et passion. Ancien motocrossman professionnel, il conna\u00eet le sport de l\u2019int\u00e9rieur, ce qui lui permet de prendre des d\u00e9cisions \u00e9clair\u00e9es et de comprendre les besoins des pilotes. Avec lui, KTM ne se contente pas de participer, elle vise la victoire. Que ce soit en recrutant des talents comme Brad Binder ou en d\u00e9veloppant des motos toujours plus performantes, Beirer incarne l\u2019esprit KTM : <strong>audacieux, innovant et toujours en mouvement<\/strong>.<\/p>\n<p>[aib_post_related url=&rsquo;\/tendances\/pi-network-valeur-aujourdhui\/&rsquo; title=&rsquo;Pi Network valeur aujourd&#039;hui : d\u00e9couvrez pourquoi tout le monde en parle !&rsquo; relatedtext=&rsquo;Vous pourriez \u00e9galement \u00eatre int\u00e9ress\u00e9 par:&rsquo;]<\/p>\n<p><h3>Vous avez des questions ? On a les r\u00e9ponses !<\/h3>\n<p><\/p>\n<ul><\/p>\n<li><b>Quel est le r\u00f4le de Pit Beirer chez KTM MotoGP ?<\/b> Pit Beirer est le directeur sportif de KTM MotoGP, responsable de la strat\u00e9gie sportive, du recrutement des pilotes et du d\u00e9veloppement des motos.<\/li>\n<p><\/p>\n<li><b>Quelle est l\u2019exp\u00e9rience de Pit Beirer dans le monde de la moto ?<\/b> Ancien pilote de motocross professionnel, il a une connaissance approfondie du sport, ce qui lui permet de diriger KTM avec expertise.<\/li>\n<p><\/p>\n<li><b>Quelles sont les r\u00e9alisations de KTM sous sa direction ?<\/b> Sous sa houlette, KTM est devenue une \u00e9quipe redoutable en MotoGP, avec des victoires et des podiums qui ont marqu\u00e9 l\u2019histoire de la marque.<\/li>\n<p>\n<\/ul>\n<\/p>\n<h2>Qui est l&rsquo;actionnaire de KTM ?<\/h2>\n<p>Si vous vous \u00eates d\u00e9j\u00e0 demand\u00e9 qui tire les ficelles derri\u00e8re les motos KTM, ces bolides qui rugissent comme des fauves en col\u00e8re, la r\u00e9ponse est plus fascinante qu\u2019un virage serr\u00e9 sur une route de montagne. <strong>KTM AG<\/strong>, la marque autrichienne connue pour ses motos aussi puissantes que styl\u00e9es, est majoritairement d\u00e9tenue par <strong>Pierer Mobility AG<\/strong>, un g\u00e9ant de l\u2019industrie des deux-roues. Derri\u00e8re ce nom se cache Stefan Pierer, un homme d\u2019affaires autrichien qui, avec une vision aussi audacieuse qu\u2019un pilote de motocross, a transform\u00e9 KTM en un empire mondial. Mais attention, ce n\u2019est pas un one-man show ! <strong>Bajaj Auto<\/strong>, le constructeur indien, d\u00e9tient \u00e9galement une part non n\u00e9gligeable du g\u00e2teau, ajoutant une touche d\u2019exotisme \u00e0 cette collaboration internationale.<\/p>\n<p>Cette alliance entre l\u2019Europe et l\u2019Asie n\u2019est pas juste une histoire d\u2019argent, c\u2019est une synergie qui permet \u00e0 KTM de briller sur les circuits et dans les showrooms. <strong>Pierer Mobility AG<\/strong> apporte son savoir-faire technologique et son esprit comp\u00e9titif, tandis que <strong>Bajaj Auto<\/strong> ouvre les portes du march\u00e9 indien, l\u2019un des plus dynamiques au monde. Ensemble, ils forment un duo aussi efficace qu\u2019un moteur bien r\u00e9gl\u00e9, propulsant KTM vers de nouveaux sommets. Alors, la prochaine fois que vous verrez une KTM filer \u00e0 toute allure, souvenez-vous : derri\u00e8re cette machine, il y a des cerveaux et des ambitions qui ne connaissent pas la limite.<\/p>\n<p>[aib_post_related url=&rsquo;\/tendances\/petit-fosse-de-vigne-4-lettres\/&rsquo; title=&rsquo;Petit fosse de vigne : le myst\u00e8re des 4 lettres enfin r\u00e9v\u00e9l\u00e9 !&rsquo; relatedtext=&rsquo;Vous pourriez \u00e9galement \u00eatre int\u00e9ress\u00e9 par:&rsquo;]<\/p>\n<h3>Vos questions, nos r\u00e9ponses : KTM sous la loupe<\/h3>\n<p><\/p>\n<ul><\/p>\n<li><b>Qui est Stefan Pierer ?<\/b> Stefan Pierer est le PDG de Pierer Mobility AG et l\u2019un des principaux actionnaires de KTM. C\u2019est un visionnaire qui a hiss\u00e9 la marque autrichienne au rang de l\u00e9gende.<\/li>\n<p><\/p>\n<li><b>Quel est le r\u00f4le de Bajaj Auto dans KTM ?<\/b> Bajaj Auto, bas\u00e9 en Inde, d\u00e9tient une part importante de KTM et joue un r\u00f4le cl\u00e9 dans son expansion sur le march\u00e9 asiatique.<\/li>\n<p><\/p>\n<li><b>KTM est-elle une entreprise ind\u00e9pendante ?<\/b> Non, KTM est une filiale de Pierer Mobility AG, mais elle b\u00e9n\u00e9ficie d\u2019une grande autonomie dans ses op\u00e9rations et sa strat\u00e9gie.<\/li>\n<p>\n<\/ul><\/p>\n","protected":false},"excerpt":{"rendered":"<p>Qui est le propri\u00e9taire de KTM ? Si vous vous \u00eates d\u00e9j\u00e0 demand\u00e9 qui tient les r\u00eanes de cette marque de motos aussi l\u00e9gendaire qu\u2019un kangourou en plein saut, la r\u00e9ponse est Pierer Mobility AG. Oui, ce nom sonne comme celui d\u2019une entreprise qui aurait \u00e9t\u00e9 fond\u00e9e dans un laboratoire secret, mais c\u2019est bien la&#8230;<\/p>\n","protected":false},"author":1,"featured_media":8155,"comment_status":"open","ping_status":"","sticky":false,"template":"","format":"standard","meta":{"_kad_post_transparent":"","_kad_post_title":"","_kad_post_layout":"","_kad_post_sidebar_id":"","_kad_post_content_style":"","_kad_post_vertical_padding":"","_kad_post_feature":"","_kad_post_feature_position":"","_kad_post_header":false,"_kad_post_footer":false,"_kad_post_classname":"","iawp_total_views":0,"footnotes":""},"categories":[1],"tags":[],"class_list":["post-8154","post","type-post","status-publish","format-standard","has-post-thumbnail","hentry","category-actualites"],"_links":{"self":[{"href":"https:\/\/www.dmoz.fr\/tendances\/wp-json\/wp\/v2\/posts\/8154","targetHints":{"allow":["GET"]}}],"collection":[{"href":"https:\/\/www.dmoz.fr\/tendances\/wp-json\/wp\/v2\/posts"}],"about":[{"href":"https:\/\/www.dmoz.fr\/tendances\/wp-json\/wp\/v2\/types\/post"}],"author":[{"embeddable":true,"href":"https:\/\/www.dmoz.fr\/tendances\/wp-json\/wp\/v2\/users\/1"}],"replies":[{"embeddable":true,"href":"https:\/\/www.dmoz.fr\/tendances\/wp-json\/wp\/v2\/comments?post=8154"}],"version-history":[{"count":0,"href":"https:\/\/www.dmoz.fr\/tendances\/wp-json\/wp\/v2\/posts\/8154\/revisions"}],"wp:featuredmedia":[{"embeddable":true,"href":"https:\/\/www.dmoz.fr\/tendances\/wp-json\/wp\/v2\/media\/8155"}],"wp:attachment":[{"href":"https:\/\/www.dmoz.fr\/tendances\/wp-json\/wp\/v2\/media?parent=8154"}],"wp:term":[{"taxonomy":"category","embeddable":true,"href":"https:\/\/www.dmoz.fr\/tendances\/wp-json\/wp\/v2\/categories?post=8154"},{"taxonomy":"post_tag","embeddable":true,"href":"https:\/\/www.dmoz.fr\/tendances\/wp-json\/wp\/v2\/tags?post=8154"}],"curies":[{"name":"wp","href":"https:\/\/api.w.org\/{rel}","templated":true}]}}