{"id":816,"date":"2025-02-19T12:50:24","date_gmt":"2025-02-19T11:50:24","guid":{"rendered":"https:\/\/www.dmoz.fr\/tendances\/tous-anti-covid\/"},"modified":"2025-02-19T12:50:24","modified_gmt":"2025-02-19T11:50:24","slug":"tous-anti-covid","status":"publish","type":"post","link":"https:\/\/www.dmoz.fr\/tendances\/tous-anti-covid\/","title":{"rendered":"Tous anti covid : d\u00e9couvrez les astuces qui font la diff\u00e9rence !"},"content":{"rendered":"<p><\/p>\n<div id='video-container' data-video-id='aCn9_7Y4b78' style='width:100%; height:auto; max-width:587px; position: relative;'>\n<div class='image-video-plugin' style='background:url(\"https:\/\/img.youtube.com\/vi\/aCn9_7Y4b78\/0.jpg\") center no-repeat; background-size: cover;'><\/div>\n<p>        <span class='youtube-play-button'><\/span><br \/>\n        <noscript><a href=\"https:\/\/www.youtube.com\/watch?v=aCn9_7Y4b78\" target=\"_blank\" rel=\"noopener\">Play on YouTube<\/a><\/noscript>\n    <\/div>\n<p><\/p>\n<h2>La mont\u00e9e en puissance des mouvements tous anti covid<\/h2>\n<p>La mont\u00e9e en puissance des mouvements tous anti covid a pris une ampleur consid\u00e9rable, particuli\u00e8rement en France. Les manifestations, d\u2019abord \u00e9parses, se sont rapidement mu\u00e9es en un v\u00e9ritable ph\u00e9nom\u00e8ne de soci\u00e9t\u00e9, rassemblant des personnes aux opinions diverses mais unies par un m\u00eame m\u00e9contentement. Ces mouvements, souvent qualifi\u00e9s d&rsquo;anti-pass ou anti-vaccins, ont su mobiliser une large base, allant des simples citoyens aux figures publiques. Ils s\u2019expriment sur des plateformes vari\u00e9es, notamment les r\u00e9seaux sociaux, o\u00f9 la viralit\u00e9 des messages permet une diffusion rapide des id\u00e9es. Ce ph\u00e9nom\u00e8ne s\u2019inscrit dans un contexte o\u00f9 la d\u00e9fiance \u00e0 l&rsquo;\u00e9gard des autorit\u00e9s et des institutions s&rsquo;est intensifi\u00e9e, aliment\u00e9e par des discours jug\u00e9s alarmistes ou contradictoires. <\/p>\n<p><b>Les revendications de ces mouvements<\/b> sont multiples et souvent li\u00e9es \u00e0 des pr\u00e9occupations profondes concernant la libert\u00e9 individuelle, la sant\u00e9 publique et la transparence des d\u00e9cisions gouvernementales. Parmi les arguments les plus fr\u00e9quemment avanc\u00e9s, on retrouve la contestation des mesures sanitaires jug\u00e9es excessives, l\u2019exigence d\u2019une meilleure information sur les vaccins, ainsi que la d\u00e9fense des droits fondamentaux. Les manifestants se rassemblent dans les rues, brandissant des pancartes, chantant des slogans et cr\u00e9ant un v\u00e9ritable climat de contestation. Cette dynamique, bien qu\u2019elle puisse sembler chaotique, traduit une volont\u00e9 d\u2019engagement citoyen et une qu\u00eate de sens face \u00e0 une crise sanitaire qui a boulevers\u00e9 le quotidien de millions de personnes.<\/p>\n<p><b>Les m\u00e9dias jouent \u00e9galement un r\u00f4le cl\u00e9<\/b> dans cette mont\u00e9e en puissance. Ils rapportent non seulement les faits, mais aussi les \u00e9motions et les t\u00e9moignages des participants, cr\u00e9ant ainsi un \u00e9cho \u00e0 ces mouvements. Les d\u00e9bats t\u00e9l\u00e9vis\u00e9s et les articles de presse, souvent polaris\u00e9s, alimentent le discours public et influencent l\u2019opinion. Les r\u00e9seaux sociaux, en particulier, deviennent des lieux de confrontation o\u00f9 les id\u00e9es s\u2019affrontent, parfois violemment. Ce nouvel espace d\u2019expression offre une plateforme aux contestataires, leur permettant de faire entendre leur voix et de rassembler des sympathisants. Les mouvements anti covid, loin d\u2019\u00eatre homog\u00e8nes, se diversifient et se complexifient, rendant la situation encore plus difficile \u00e0 appr\u00e9hender pour les observateurs ext\u00e9rieurs.<\/p>\n<p><b>Questions fr\u00e9quentes sur les mouvements anti covid<\/b><\/p>\n<p><b>Quelles sont les principales motivations des manifestants ?<\/b><br \/>\nLes manifestants expriment des pr\u00e9occupations sur les libert\u00e9s individuelles, la transparence des d\u00e9cisions gouvernementales et les effets des vaccins. <\/p>\n<p><b>Comment ces mouvements se sont-ils organis\u00e9s ?<\/b><br \/>\nIls se sont organis\u00e9s principalement via les r\u00e9seaux sociaux, permettant une mobilisation rapide et une large diffusion des messages.<\/p>\n<p><b>Quel impact ces mouvements ont-ils sur la soci\u00e9t\u00e9 ?<\/b><br \/>\nCes mouvements refl\u00e8tent une mont\u00e9e de la d\u00e9fiance envers les autorit\u00e9s et mettent en lumi\u00e8re des divisions au sein de la soci\u00e9t\u00e9 concernant la gestion de la crise sanitaire.<\/p>\n<h2>Les actions concr\u00e8tes des citoyens face \u00e0 la pand\u00e9mie<\/h2>\n<p>Les citoyens, dans un \u00e9lan de solidarit\u00e9 sans pr\u00e9c\u00e9dent, ont su se mobiliser de mani\u00e8re proactive face \u00e0 la pand\u00e9mie. \u00c0 travers le pays, des initiatives locales ont \u00e9merg\u00e9, permettant de cr\u00e9er un r\u00e9seau d&rsquo;entraide. Par exemple, des groupes sur les r\u00e9seaux sociaux ont vu le jour, rassemblant des volontaires pr\u00eats \u00e0 aider les plus vuln\u00e9rables. Ces plateformes ont facilit\u00e9 l\u2019organisation de livraisons de courses pour les personnes \u00e2g\u00e9es ou isol\u00e9es, mais aussi la collecte de fonds pour soutenir les h\u00f4pitaux. Le partage d\u2019informations sur les gestes barri\u00e8res a \u00e9galement \u00e9t\u00e9 au c\u0153ur des pr\u00e9occupations, avec des campagnes de sensibilisation lanc\u00e9es par des citoyens eux-m\u00eames, utilisant les outils num\u00e9riques pour toucher un large public.<\/p>\n<p><b>Les actions communautaires<\/b> ont pris une ampleur significative, illustrant la capacit\u00e9 d\u2019adaptation des individus face \u00e0 la crise. Des ateliers de fabrication de masques en tissu se sont multipli\u00e9s, permettant \u00e0 des couturiers amateurs de contribuer \u00e0 l\u2019effort collectif. Ces initiatives ont non seulement permis de pallier le manque de mat\u00e9riel de protection, mais ont aussi renforc\u00e9 les liens sociaux dans des moments d\u2019incertitude. Les ateliers ont souvent \u00e9t\u00e9 organis\u00e9s dans des lieux publics comme des mairies ou des centres communautaires, o\u00f9 chacun pouvait venir donner un coup de main, tout en respectant les mesures de distanciation. Cette cr\u00e9ativit\u00e9 et cette ing\u00e9niosit\u00e9 ont prouv\u00e9 que les citoyens peuvent \u00eatre des acteurs cl\u00e9s dans la gestion de crises sanitaires.<\/p>\n<p>L\u2019engagement des citoyens s\u2019est \u00e9galement manifest\u00e9 par des actions plus larges, telles que l\u2019organisation de manifestations pacifiques pour revendiquer des mesures sanitaires plus strictes ou une meilleure prise en charge des soignants. Ces mouvements ont permis d\u2019amplifier la voix de ceux qui, souvent, se sentent oubli\u00e9s. Les p\u00e9titions en ligne ont \u00e9galement connu un essor, permettant \u00e0 des milliers de personnes de s\u2019unir autour de causes communes. Chaque signature repr\u00e9sente une volont\u00e9 collective de changement, et ces actions ont souvent trouv\u00e9 \u00e9cho dans les m\u00e9dias, sensibilisant davantage la population aux enjeux sanitaires. Au-del\u00e0 de l\u2019aspect mat\u00e9riel, c\u2019est un v\u00e9ritable mouvement de solidarit\u00e9 qui s\u2019est instaur\u00e9, renfor\u00e7ant le tissu social \u00e0 travers des valeurs d\u2019entraide et de respect.<\/p>\n<h3>Questions fr\u00e9quentes sur l&rsquo;engagement citoyen pendant la pand\u00e9mie<\/h3>\n<p><b>Comment les citoyens ont-ils organis\u00e9 des actions d&rsquo;entraide ?<\/b><br \/>\nLes citoyens ont utilis\u00e9 des plateformes num\u00e9riques pour cr\u00e9er des groupes d&rsquo;entraide, facilitant la coordination des livraisons de courses et des services d&rsquo;assistance.<\/p>\n<p><b>Quelles initiatives ont \u00e9t\u00e9 mises en place pour soutenir les soignants ?<\/b><br \/>\nDes collectes de fonds et des campagnes de sensibilisation ont \u00e9t\u00e9 lanc\u00e9es pour am\u00e9liorer les conditions de travail et de vie des professionnels de sant\u00e9.<\/p>\n<p><b>Les actions des citoyens ont-elles eu un impact mesurable ?<\/b><br \/>\nOui, ces actions ont permis de renforcer les r\u00e9seaux de solidarit\u00e9, de pallier des manques mat\u00e9riels et d\u2019influer sur les d\u00e9cisions politiques par la mobilisation collective.<\/p>\n<h2>Comprendre les motivations derri\u00e8re le slogan tous anti covid<\/h2>\n<p>Le slogan \u00ab tous anti covid \u00bb r\u00e9sonne comme un appel \u00e0 l\u2019unit\u00e9 et \u00e0 la solidarit\u00e9 face \u00e0 une crise sanitaire mondiale. Dans une soci\u00e9t\u00e9 o\u00f9 l\u2019individualisme prend souvent le pas sur le collectif, cette phrase vise \u00e0 rappeler \u00e0 chacun que la lutte contre le virus ne peut \u00eatre effective qu\u2019avec la participation de tous. La notion d\u2019unit\u00e9 est cruciale dans ce contexte, car elle renforce l\u2019id\u00e9e que chaque geste compte, que chaque effort individuel contribue \u00e0 prot\u00e9ger les autres. Ce message, \u00e0 la fois simple et puissant, s\u2019ancre dans une r\u00e9alit\u00e9 o\u00f9 l\u2019\u00e9go\u00efsme peut parfois primer sur la responsabilit\u00e9 sociale. <\/p>\n<p>La volont\u00e9 de cr\u00e9er un sentiment d\u2019appartenance \u00e0 une communaut\u00e9 engag\u00e9e est au c\u0153ur de cette d\u00e9marche. En effet, le slogan incite \u00e0 voir au-del\u00e0 de soi-m\u00eame, \u00e0 consid\u00e9rer les cons\u00e9quences de ses actions sur autrui. Cela se traduit par des gestes quotidiens, comme le port du masque ou le respect des mesures de distanciation. En int\u00e9grant la notion d\u2019\u00ab anti \u00bb, le slogan transforme l\u2019id\u00e9e de passivit\u00e9 en une dynamique active : il ne s\u2019agit pas simplement d\u2019\u00e9viter la maladie, mais de se battre ensemble contre elle. Cette lutte commune cr\u00e9e un sentiment de camaraderie, une sorte de fraternit\u00e9 face \u00e0 l\u2019adversit\u00e9, un besoin fondamental de se rassembler dans des moments de crise.<\/p>\n<p><b>Les motivations derri\u00e8re ce slogan se d\u00e9clinent \u00e9galement en plusieurs axes :<\/b><\/p>\n<ul>\n<li><b>Responsabilit\u00e9 collective :<\/b> Chacun est responsable de sa sant\u00e9 et de celle des autres.<\/li>\n<li><b>Mobilisation sociale :<\/b> Cr\u00e9er une dynamique collective pour faire face \u00e0 la pand\u00e9mie.<\/li>\n<li><b>\u00c9ducation et sensibilisation :<\/b> Informer sur les gestes barri\u00e8res et leur importance.<\/li>\n<li><b>Solidarit\u00e9 :<\/b> Renforcer les liens sociaux en p\u00e9riode d&rsquo;isolement.<\/li>\n<\/ul>\n<p>En somme, \u00ab tous anti covid \u00bb est plus qu\u2019un simple slogan ; c\u2019est un cri de ralliement qui souligne l\u2019importance de l\u2019action collective et de la responsabilit\u00e9 partag\u00e9e. En int\u00e9grant ces valeurs, la soci\u00e9t\u00e9 esp\u00e8re non seulement combattre le virus, mais aussi renforcer les liens qui unissent les individus dans une \u00e9poque o\u00f9 la distanciation physique peut entra\u00eener une distance \u00e9motionnelle.<\/p>\n<h3>Questions fr\u00e9quentes sur le slogan tous anti covid<\/h3>\n<p><b>Quelles sont les origines du slogan ?<\/b><br \/>\nLe slogan a \u00e9t\u00e9 lanc\u00e9 dans le cadre des campagnes de sensibilisation pour inciter la population \u00e0 adopter des comportements responsables face \u00e0 la pand\u00e9mie.<\/p>\n<p><b>Comment ce slogan influence-t-il le comportement des gens ?<\/b><br \/>\nIl encourage une prise de conscience collective, incitant chacun \u00e0 agir pour le bien-\u00eatre de la communaut\u00e9, ce qui peut modifier les attitudes et les comportements face aux mesures sanitaires.<\/p>\n<p><b>Y a-t-il des critiques concernant ce slogan ?<\/b><br \/>\nCertaines voix s\u2019\u00e9l\u00e8vent pour questionner l\u2019efficacit\u00e9 de ce type de message dans une soci\u00e9t\u00e9 o\u00f9 les comportements individuels peuvent \u00eatre difficiles \u00e0 changer, mais la majorit\u00e9 reconna\u00eet son r\u00f4le positif dans la mobilisation.<\/p>\n","protected":false},"excerpt":{"rendered":"<p>Play on YouTube La mont\u00e9e en puissance des mouvements tous anti covid La mont\u00e9e en puissance des mouvements tous anti covid a pris une ampleur consid\u00e9rable, particuli\u00e8rement en France. Les manifestations, d\u2019abord \u00e9parses, se sont rapidement mu\u00e9es en un v\u00e9ritable ph\u00e9nom\u00e8ne de soci\u00e9t\u00e9, rassemblant des personnes aux opinions diverses mais unies par un m\u00eame m\u00e9contentement&#8230;.<\/p>\n","protected":false},"author":1,"featured_media":817,"comment_status":"","ping_status":"","sticky":false,"template":"","format":"standard","meta":{"_kad_post_transparent":"","_kad_post_title":"","_kad_post_layout":"","_kad_post_sidebar_id":"","_kad_post_content_style":"","_kad_post_vertical_padding":"","_kad_post_feature":"","_kad_post_feature_position":"","_kad_post_header":false,"_kad_post_footer":false,"_kad_post_classname":"","iawp_total_views":0,"footnotes":""},"categories":[1],"tags":[],"class_list":["post-816","post","type-post","status-publish","format-standard","has-post-thumbnail","hentry","category-actualites"],"_links":{"self":[{"href":"https:\/\/www.dmoz.fr\/tendances\/wp-json\/wp\/v2\/posts\/816","targetHints":{"allow":["GET"]}}],"collection":[{"href":"https:\/\/www.dmoz.fr\/tendances\/wp-json\/wp\/v2\/posts"}],"about":[{"href":"https:\/\/www.dmoz.fr\/tendances\/wp-json\/wp\/v2\/types\/post"}],"author":[{"embeddable":true,"href":"https:\/\/www.dmoz.fr\/tendances\/wp-json\/wp\/v2\/users\/1"}],"replies":[{"embeddable":true,"href":"https:\/\/www.dmoz.fr\/tendances\/wp-json\/wp\/v2\/comments?post=816"}],"version-history":[{"count":0,"href":"https:\/\/www.dmoz.fr\/tendances\/wp-json\/wp\/v2\/posts\/816\/revisions"}],"wp:featuredmedia":[{"embeddable":true,"href":"https:\/\/www.dmoz.fr\/tendances\/wp-json\/wp\/v2\/media\/817"}],"wp:attachment":[{"href":"https:\/\/www.dmoz.fr\/tendances\/wp-json\/wp\/v2\/media?parent=816"}],"wp:term":[{"taxonomy":"category","embeddable":true,"href":"https:\/\/www.dmoz.fr\/tendances\/wp-json\/wp\/v2\/categories?post=816"},{"taxonomy":"post_tag","embeddable":true,"href":"https:\/\/www.dmoz.fr\/tendances\/wp-json\/wp\/v2\/tags?post=816"}],"curies":[{"name":"wp","href":"https:\/\/api.w.org\/{rel}","templated":true}]}}