{"id":8162,"date":"2025-09-03T23:10:35","date_gmt":"2025-09-03T22:10:35","guid":{"rendered":"https:\/\/www.dmoz.fr\/tendances\/sallertaine\/"},"modified":"2025-09-03T23:10:35","modified_gmt":"2025-09-03T22:10:35","slug":"sallertaine","status":"publish","type":"post","link":"https:\/\/www.dmoz.fr\/tendances\/sallertaine\/","title":{"rendered":"D\u00e9couvrez les secrets cach\u00e9s de Sallertaine, un tr\u00e9sor du marais vend\u00e9en"},"content":{"rendered":"<p><\/p>\n<div id='video-container' data-video-id='ZghyUmKLC-M' style='width:100%; height:auto; max-width:587px; position: relative;'>\n<div class='image-video-plugin' style='background:url(\"https:\/\/img.youtube.com\/vi\/ZghyUmKLC-M\/0.jpg\") center no-repeat; background-size: cover;'><\/div>\n<p>        <span class='youtube-play-button'><\/span><br \/>\n        <noscript><a href=\"https:\/\/www.youtube.com\/watch?v=ZghyUmKLC-M\" target=\"_blank\" rel=\"noopener\"><\/a><\/noscript>\n    <\/div>\n<p><\/p>\n<h2>Pourquoi deux \u00e9glises \u00e0 Sallertaine ?<\/h2>\n<p>Ah, Sallertaine, ce petit bijou vend\u00e9en qui, en plus de ses marais salants et de son charme bucolique, a d\u00e9cid\u00e9 de jouer la carte de la surench\u00e8re architecturale avec non pas une, mais deux \u00e9glises ! Si vous vous demandez pourquoi ce village a choisi de doubler la dose de spiritualit\u00e9, laissez-nous vous \u00e9clairer avec une touche d\u2019humour et une pinc\u00e9e d\u2019\u00e9l\u00e9gance.<\/p>\n<p>La premi\u00e8re, l\u2019<strong>\u00e9glise Saint-Martin<\/strong>, est une v\u00e9ritable star locale. Construite au XIIe si\u00e8cle, elle tr\u00f4ne fi\u00e8rement au c\u0153ur du village, comme pour rappeler \u00e0 tous que Sallertaine a une histoire riche et bien ancr\u00e9e. Mais voil\u00e0, au fil des si\u00e8cles, les habitants ont probablement pens\u00e9 : \u00ab Une \u00e9glise, c\u2019est bien, mais deux, c\u2019est mieux ! \u00bb Ainsi est n\u00e9e la <strong>chapelle de la Madeleine<\/strong>, plus modeste mais tout aussi charmante. Cette derni\u00e8re, situ\u00e9e un peu \u00e0 l\u2019\u00e9cart, semble jouer le r\u00f4le de la petite s\u0153ur discr\u00e8te, mais indispensable.<\/p>\n<p>Mais pourquoi deux \u00e9difices religieux dans un si petit village ? La r\u00e9ponse se niche dans l\u2019histoire et les besoins spirituels de la communaut\u00e9. L\u2019\u00e9glise Saint-Martin, avec son clocher imposant, \u00e9tait le lieu de culte principal, tandis que la chapelle de la Madeleine servait de point de ralliement pour les habitants des hameaux environnants. Une sorte de \u00ab service apr\u00e8s-vente \u00bb spirituel, si l\u2019on peut dire.<\/p>\n<p><h3>Questions que vous vous posez (sans oser le demander)<\/h3>\n<p>\n<b>Pourquoi ne pas avoir agrandi l\u2019\u00e9glise existante ?<\/b><br \/>\nParce que, visiblement, les Sallertainois ont pr\u00e9f\u00e9r\u00e9 la diversit\u00e9 architecturale \u00e0 la monotonie. Et puis, avouons-le, une deuxi\u00e8me \u00e9glise, \u00e7a fait toujours son petit effet.<\/p>\n<p>[aib_post_related url=&rsquo;\/tendances\/les-gros-patinent-bien\/&rsquo; title=&rsquo;Les gros patinent bien : d\u00e9couvrez le secret de leur aisance sur la glace !&rsquo; relatedtext=&rsquo;Vous pourriez \u00e9galement \u00eatre int\u00e9ress\u00e9 par:&rsquo;]<\/p>\n<p><b>Les deux \u00e9glises sont-elles encore utilis\u00e9es aujourd\u2019hui ?<\/b><br \/>\nAbsolument ! L\u2019\u00e9glise Saint-Martin accueille les grandes c\u00e9l\u00e9brations, tandis que la chapelle de la Madeleine sert pour des offices plus intimes. Une cohabitation harmonieuse, comme dans une bonne s\u00e9rie t\u00e9l\u00e9vis\u00e9e.<\/p>\n<p><b>Y a-t-il une rivalit\u00e9 entre les deux \u00e9glises ?<\/b><br \/>\nAucune trace de guerre des clochers \u00e0 Sallertaine. Les deux \u00e9difices se compl\u00e8tent parfaitement, comme le fromage et le vin.<\/p>\n<p>En somme (oups, pardon), ces deux \u00e9glises racontent une histoire, celle d\u2019un village qui a su allier tradition et pragmatisme, tout en offrant \u00e0 ses visiteurs un double dose de charme et de spiritualit\u00e9.<\/p>\n<h2>O\u00f9 se trouve Sallertaine en Vend\u00e9e ?<\/h2>\n<p>Sallertaine, ce petit bijou vend\u00e9en, se niche <strong>au c\u0153ur du Marais Breton<\/strong>, \u00e0 quelques encablures de la c\u00f4te Atlantique. Si vous cherchez un endroit o\u00f9 le temps semble s\u2019\u00eatre arr\u00eat\u00e9 pour savourer une tarte Tatin, vous \u00eates au bon endroit. Situ\u00e9e \u00e0 environ 20 km au sud-ouest de Challans, cette commune est entour\u00e9e de canaux, de prairies verdoyantes et de moulins \u00e0 vent qui font r\u00eaver les amateurs de paysages bucoliques. Sallertaine est \u00e9galement \u00e0 deux pas des plages de Saint-Jean-de-Monts et de Notre-Dame-de-Monts, ce qui en fait une base id\u00e9ale pour ceux qui veulent allier tranquillit\u00e9 et escapades baln\u00e9aires.<\/p>\n<p>Si vous vous demandez comment y arriver sans vous perdre dans les m\u00e9andres du marais, sachez que Sallertaine est facilement accessible par la D32. <strong>Proche de l\u2019A83<\/strong>, elle est parfaitement connect\u00e9e pour les voyageurs venant de Nantes, La Roche-sur-Yon ou m\u00eame des Sables-d\u2019Olonne. En somme, c\u2019est un point de d\u00e9part parfait pour explorer la Vend\u00e9e, que vous soyez en qu\u00eate de nature, de patrimoine ou simplement d\u2019une bonne assiette de moules-frites.<\/p>\n<p>[aib_post_related url=&rsquo;\/tendances\/remerciement-rapport-de-stage-3eme\/&rsquo; title=&rsquo;Remerciement rapport de stage 3\u00e8me : comment r\u00e9diger des remerciements qui marquent les esprits ?&rsquo; relatedtext=&rsquo;Vous pourriez \u00e9galement \u00eatre int\u00e9ress\u00e9 par:&rsquo;]<\/p>\n<h3>Questions que vous vous posez s\u00fbrement sur Sallertaine<\/h3>\n<p><\/p>\n<ul><\/p>\n<li><b>Est-ce que Sallertaine est une \u00eele ?<\/b> Oui et non ! Techniquement, c\u2019est une ancienne \u00eele entour\u00e9e de marais, mais aujourd\u2019hui, elle est reli\u00e9e \u00e0 la terre ferme par des routes et des ponts. Un charme insulaire sans les inconv\u00e9nients de la mar\u00e9e haute !<\/li>\n<p><\/p>\n<li><b>Quelles sont les activit\u00e9s \u00e0 faire autour de Sallertaine ?<\/b> Entre balades en barque dans le marais, visites de moulins et d\u00e9gustations de produits locaux, vous ne risquez pas de vous ennuyer. Et si vous aimez le v\u00e9lo, la V\u00e9lo Francette passe juste \u00e0 c\u00f4t\u00e9 !<\/li>\n<p><\/p>\n<li><b>Est-ce un bon spot pour les familles ?<\/b> Absolument ! Avec ses paysages apaisants, ses activit\u00e9s adapt\u00e9es et sa proximit\u00e9 avec la plage, Sallertaine est un paradis pour les petits comme pour les grands.<\/li>\n<p>\n<\/ul>\n<\/p>\n<h2>Quelle est l&rsquo;histoire de Sallertaine ?<\/h2>\n<p>Sallertaine, ce petit bijou nich\u00e9 au c\u0153ur du Marais Breton Vend\u00e9en, a une histoire aussi riche que son paysage est pittoresque. Fond\u00e9e au Moyen \u00c2ge, cette commune doit son nom \u00e0 un certain <em>Sallertainus<\/em>, un personnage myst\u00e9rieux qui aurait laiss\u00e9 son empreinte dans les m\u00e9andres du temps. Au fil des si\u00e8cles, Sallertaine s\u2019est d\u00e9velopp\u00e9e autour de son \u00e9glise romane, <strong>Notre-Dame-de-l\u2019Assomption<\/strong>, un \u00e9difice class\u00e9 Monument Historique qui tr\u00f4ne fi\u00e8rement depuis le XIIe si\u00e8cle. Mais ne vous y trompez pas, cette \u00e9glise n\u2019est pas qu\u2019un simple tas de pierres : elle raconte des si\u00e8cles de d\u00e9votion, de guerres et de r\u00e9silience.<\/p>\n<p>Au-del\u00e0 de ses murs ancestraux, Sallertaine a su tirer parti de son environnement unique. Situ\u00e9e entre terre et mer, elle a vu na\u00eetre une \u00e9conomie florissante autour du sel, de la p\u00eache et de l\u2019agriculture. Les marais salants, v\u00e9ritables tr\u00e9sors de la r\u00e9gion, ont fait la richesse de ses habitants pendant des g\u00e9n\u00e9rations. Aujourd\u2019hui, Sallertaine est un lieu o\u00f9 l\u2019histoire se m\u00eale \u00e0 la modernit\u00e9, o\u00f9 les traditions locales c\u00f4toient un tourisme en plein essor. Un village qui, malgr\u00e9 les si\u00e8cles, garde son charme et son authenticit\u00e9.<\/p>\n<p><h3>Les questions qui br\u00fblent les l\u00e8vres sur Sallertaine<\/h3>\n<p><\/p>\n<ul><\/p>\n<li><b>Pourquoi Sallertaine est-elle si c\u00e9l\u00e8bre ?<\/b> Gr\u00e2ce \u00e0 son \u00e9glise romane et ses marais salants, Sallertaine est un joyau historique et naturel du Marais Breton.<\/li>\n<p><\/p>\n<li><b>Qui \u00e9tait Sallertainus ?<\/b> Un personnage \u00e9nigmatique dont le nom a travers\u00e9 les \u00e2ges pour donner son identit\u00e9 \u00e0 ce village unique.<\/li>\n<p><\/p>\n<li><b>Que faire \u00e0 Sallertaine aujourd\u2019hui ?<\/b> Entre visites culturelles, balades dans les marais et d\u00e9gustation de produits locaux, Sallertaine offre une escapade inoubliable.<\/li>\n<p>\n<\/ul>\n<\/p>\n<p><h2>Quand aura lieu la F\u00eate des battages en Sallertaine ?<\/h2>\n<p><\/p>\n<p>La <b>F\u00eate des battages<\/b> \u00e0 Sallertaine, cet \u00e9v\u00e9nement incontournable qui fait vibrer les amoureux des traditions rurales, se d\u00e9roule chaque ann\u00e9e au c\u0153ur de l\u2019\u00e9t\u00e9. En 2023, elle aura lieu les <b>12 et 13 ao\u00fbt<\/b>, une date parfaite pour profiter du soleil et de l\u2019ambiance chaleureuse de cette petite commune vend\u00e9enne. Imaginez : des champs dor\u00e9s, des machines agricoles d\u2019\u00e9poque qui ronronnent, et une foule joyeuse pr\u00eate \u00e0 c\u00e9l\u00e9brer le patrimoine agricole. Si vous avez envie de vous immerger dans un univers o\u00f9 le temps semble s\u2019\u00eatre arr\u00eat\u00e9, c\u2019est le moment id\u00e9al pour r\u00e9server votre place dans ce voyage nostalgique.<\/p>\n<\/p>\n<p>Mais attention, la <b>F\u00eate des battages<\/b> n\u2019est pas qu\u2019une simple reconstitution historique. C\u2019est une v\u00e9ritable immersion dans la vie d\u2019autrefois, avec des d\u00e9monstrations de battage \u00e0 l\u2019ancienne, des concours de moissonneuses et m\u00eame des ateliers pour les enfants. Sans oublier les stands gourmands o\u00f9 d\u00e9guster des produits locaux et les animations musicales qui rythment ces deux jours de festivit\u00e9s. Alors, si vous vous demandez encore <b>\u00ab Quand aura lieu la F\u00eate des battages en Sallertaine ? \u00bb<\/b>, notez bien ces dates dans votre agenda : ce serait dommage de rater ce rendez-vous unique o\u00f9 tradition et convivialit\u00e9 se marient \u00e0 la perfection.<\/p>\n<p>[aib_post_related url=&rsquo;\/tendances\/3f-connexion\/&rsquo; title=&rsquo;3F Connexion : Le secret enfin r\u00e9v\u00e9l\u00e9 pour une connexion ultime !&rsquo; relatedtext=&rsquo;Vous pourriez \u00e9galement \u00eatre int\u00e9ress\u00e9 par:&rsquo;]<\/p>\n<h3>Vos questions, nos r\u00e9ponses : tout savoir sur la F\u00eate des battages<\/h3>\n<p><\/p>\n<ul><\/p>\n<li><b>La F\u00eate des battages a-t-elle lieu chaque ann\u00e9e ?<\/b> Oui, cet \u00e9v\u00e9nement est annuel et attire des milliers de visiteurs.<\/li>\n<p><\/p>\n<li><b>Y a-t-il des activit\u00e9s pour les enfants ?<\/b> Absolument ! Des ateliers ludiques et \u00e9ducatifs sont sp\u00e9cialement con\u00e7us pour eux.<\/li>\n<p><\/p>\n<li><b>Faut-il r\u00e9server \u00e0 l\u2019avance ?<\/b> Pas besoin de r\u00e9servation pour l\u2019entr\u00e9e, mais pr\u00e9voyez d\u2019arriver t\u00f4t pour profiter pleinement des animations.<\/li>\n<p>\n<\/ul><\/p>\n","protected":false},"excerpt":{"rendered":"<p>Pourquoi deux \u00e9glises \u00e0 Sallertaine ? Ah, Sallertaine, ce petit bijou vend\u00e9en qui, en plus de ses marais salants et de son charme bucolique, a d\u00e9cid\u00e9 de jouer la carte de la surench\u00e8re architecturale avec non pas une, mais deux \u00e9glises ! Si vous vous demandez pourquoi ce village a choisi de doubler la dose&#8230;<\/p>\n","protected":false},"author":1,"featured_media":8163,"comment_status":"open","ping_status":"","sticky":false,"template":"","format":"standard","meta":{"_kad_post_transparent":"","_kad_post_title":"","_kad_post_layout":"","_kad_post_sidebar_id":"","_kad_post_content_style":"","_kad_post_vertical_padding":"","_kad_post_feature":"","_kad_post_feature_position":"","_kad_post_header":false,"_kad_post_footer":false,"_kad_post_classname":"","iawp_total_views":1,"footnotes":""},"categories":[1],"tags":[],"class_list":["post-8162","post","type-post","status-publish","format-standard","has-post-thumbnail","hentry","category-actualites"],"_links":{"self":[{"href":"https:\/\/www.dmoz.fr\/tendances\/wp-json\/wp\/v2\/posts\/8162","targetHints":{"allow":["GET"]}}],"collection":[{"href":"https:\/\/www.dmoz.fr\/tendances\/wp-json\/wp\/v2\/posts"}],"about":[{"href":"https:\/\/www.dmoz.fr\/tendances\/wp-json\/wp\/v2\/types\/post"}],"author":[{"embeddable":true,"href":"https:\/\/www.dmoz.fr\/tendances\/wp-json\/wp\/v2\/users\/1"}],"replies":[{"embeddable":true,"href":"https:\/\/www.dmoz.fr\/tendances\/wp-json\/wp\/v2\/comments?post=8162"}],"version-history":[{"count":0,"href":"https:\/\/www.dmoz.fr\/tendances\/wp-json\/wp\/v2\/posts\/8162\/revisions"}],"wp:featuredmedia":[{"embeddable":true,"href":"https:\/\/www.dmoz.fr\/tendances\/wp-json\/wp\/v2\/media\/8163"}],"wp:attachment":[{"href":"https:\/\/www.dmoz.fr\/tendances\/wp-json\/wp\/v2\/media?parent=8162"}],"wp:term":[{"taxonomy":"category","embeddable":true,"href":"https:\/\/www.dmoz.fr\/tendances\/wp-json\/wp\/v2\/categories?post=8162"},{"taxonomy":"post_tag","embeddable":true,"href":"https:\/\/www.dmoz.fr\/tendances\/wp-json\/wp\/v2\/tags?post=8162"}],"curies":[{"name":"wp","href":"https:\/\/api.w.org\/{rel}","templated":true}]}}