{"id":8198,"date":"2025-09-04T17:30:28","date_gmt":"2025-09-04T16:30:28","guid":{"rendered":"https:\/\/www.dmoz.fr\/tendances\/fabrice-fries-2\/"},"modified":"2025-09-04T17:30:28","modified_gmt":"2025-09-04T16:30:28","slug":"fabrice-fries-2","status":"publish","type":"post","link":"https:\/\/www.dmoz.fr\/tendances\/fabrice-fries-2\/","title":{"rendered":"D\u00e9couvrez les secrets de Fabrice Fries : son parcours et ses r\u00e9ussites inspirantes"},"content":{"rendered":"<p><\/p>\n<div id='video-container' data-video-id='h99G_Z2csEE' style='width:100%; height:auto; max-width:587px; position: relative;'>\n<div class='image-video-plugin' style='background:url(\"https:\/\/img.youtube.com\/vi\/h99G_Z2csEE\/0.jpg\") center no-repeat; background-size: cover;'><\/div>\n<p>        <span class='youtube-play-button'><\/span><br \/>\n        <noscript><a href=\"https:\/\/www.youtube.com\/watch?v=h99G_Z2csEE\" target=\"_blank\" rel=\"noopener\"><\/a><\/noscript>\n    <\/div>\n<p><\/p>\n<h2>Qui est le patron de l&rsquo;agence France-Presse ?<\/h2>\n<p><h2>Qui est le patron de l&rsquo;agence France-Presse ?<\/h2>\n<p><\/p>\n<p>\u00c0 la t\u00eate de l\u2019illustre <strong>Agence France-Presse (AFP)<\/strong>, on trouve <strong>Fabrice Fries<\/strong>, un homme dont le nom sonne comme une promesse de frites croustillantes, mais dont le r\u00f4le est bien plus s\u00e9rieux. Depuis 2018, Fries dirige cette institution de l\u2019information avec un m\u00e9lange de rigueur et de vision strat\u00e9gique. Dipl\u00f4m\u00e9 de Sciences Po Paris et de l\u2019ENA, il a su gravir les \u00e9chelons avec l\u2019\u00e9l\u00e9gance d\u2019un danseur de tango, passant par des postes cl\u00e9s dans des m\u00e9dias comme Radio France et France T\u00e9l\u00e9visions. Sa mission ? Garantir que l\u2019AFP reste un phare de l\u2019information ind\u00e9pendante dans un oc\u00e9an de fake news et de tweets enflamm\u00e9s.<\/p>\n<\/p>\n<p>Mais \u00eatre le patron de l\u2019AFP, ce n\u2019est pas juste un titre ronflant sur une carte de visite. C\u2019est un m\u00e9tier de funambule, o\u00f9 il faut jongler entre les d\u00e9fis \u00e9conomiques, les enjeux technologiques et les attentes des lecteurs du monde entier. <b>Fabrice Fries<\/b> incarne cette \u00e9quilibriste moderne, naviguant entre tradition et innovation. Sous sa houlette, l\u2019AFP a renforc\u00e9 sa pr\u00e9sence num\u00e9rique, tout en pr\u00e9servant son ADN : une information fiable, v\u00e9rifi\u00e9e et sans parti pris. Alors, si vous vous demandez qui tient les r\u00eanes de cette agence centenaire, retenez ce nom : Fries, comme les frites, mais avec un go\u00fbt bien plus relev\u00e9 pour l\u2019actualit\u00e9.<\/p>\n<p><h3>Vous avez des questions ? On a les r\u00e9ponses croustillantes !<\/h3>\n<p><\/p>\n<ul><\/p>\n<li><b>Quel est le parcours de Fabrice Fries avant l\u2019AFP ?<\/b> Dipl\u00f4m\u00e9 de Sciences Po Paris et de l\u2019ENA, il a notamment travaill\u00e9 chez Radio France et France T\u00e9l\u00e9visions avant de prendre les commandes de l\u2019AFP.<\/li>\n<p><\/p>\n<li><b>Depuis quand dirige-t-il l\u2019AFP ?<\/b> Fabrice Fries est \u00e0 la t\u00eate de l\u2019AFP depuis 2018, succ\u00e9dant ainsi \u00e0 Emmanuel Hoog.<\/li>\n<p><\/p>\n<li><b>Quels sont ses d\u00e9fis majeurs ?<\/b> Entre transformation num\u00e9rique, ind\u00e9pendance \u00e9ditoriale et viabilit\u00e9 \u00e9conomique, Fries doit jongler avec des enjeux complexes pour maintenir l\u2019AFP \u00e0 la pointe de l\u2019information mondiale.<\/li>\n<p>\n<\/ul>\n<\/p>\n<h2>Qui est le propri\u00e9taire de l&rsquo;AFP ?<\/h2>\n<p>L\u2019AFP, ou Agence France-Presse, est une institution journalistique aussi embl\u00e9matique que le b\u00e9ret fran\u00e7ais. Mais qui donc d\u00e9tient les r\u00eanes de ce g\u00e9ant de l\u2019information ? <strong>Contrairement \u00e0 ce qu\u2019on pourrait imaginer, l\u2019AFP n\u2019appartient pas \u00e0 un magnat des m\u00e9dias ou \u00e0 un groupe industriel<\/strong>. Elle est en r\u00e9alit\u00e9 une entit\u00e9 ind\u00e9pendante, r\u00e9gie par un statut particulier qui la place sous la tutelle de l\u2019\u00c9tat fran\u00e7ais. Oui, vous avez bien lu : l\u2019AFP est une sorte de joyau national, mais pas au sens o\u00f9 l\u2019\u00c9tat en serait le propri\u00e9taire direct. Elle fonctionne comme une soci\u00e9t\u00e9 anonyme, mais avec un petit twist : son capital est d\u00e9tenu majoritairement par ses salari\u00e9s et par des repr\u00e9sentants de la presse fran\u00e7aise. Un mod\u00e8le hybride, comme un croissant au chocolat, \u00e0 la fois traditionnel et innovant.<\/p>\n<p><strong>Le statut de l\u2019AFP est unique en son genre<\/strong>, et c\u2019est ce qui lui permet de pr\u00e9server son ind\u00e9pendance \u00e9ditoriale. Cr\u00e9\u00e9e en 1944 pour remplacer l\u2019ancienne agence Havas, l\u2019AFP est aujourd\u2019hui l\u2019une des trois plus grandes agences de presse mondiales, aux c\u00f4t\u00e9s de Reuters et de l\u2019Associated Press. Son fonctionnement est encadr\u00e9 par une loi de 1957, qui garantit son autonomie et sa neutralit\u00e9. En somme, l\u2019AFP est un peu comme une grande famille o\u00f9 les journalistes, les m\u00e9dias fran\u00e7ais et l\u2019\u00c9tat cohabitent, chacun veillant \u00e0 ce que l\u2019agence reste fid\u00e8le \u00e0 sa mission : informer sans filtre.<\/p>\n<p><h3>Vous vous posez des questions ? On a les r\u00e9ponses !<\/h3>\n<p><\/p>\n<ul><\/p>\n<li><b>L\u2019\u00c9tat fran\u00e7ais contr\u00f4le-t-il l\u2019AFP ?<\/b> Non, l\u2019\u00c9tat ne contr\u00f4le pas l\u2019AFP. Bien qu\u2019il soit impliqu\u00e9 dans son fonctionnement via des repr\u00e9sentants au conseil d\u2019administration, l\u2019agence b\u00e9n\u00e9ficie d\u2019une ind\u00e9pendance \u00e9ditoriale totale.<\/li>\n<p><\/p>\n<li><b>Les journalistes de l\u2019AFP sont-ils actionnaires ?<\/b> Oui, les salari\u00e9s de l\u2019AFP d\u00e9tiennent une partie du capital, ce qui renforce leur engagement et leur attachement \u00e0 l\u2019ind\u00e9pendance de l\u2019agence.<\/li>\n<p><\/p>\n<li><b>L\u2019AFP est-elle une entreprise priv\u00e9e ?<\/b> Pas tout \u00e0 fait. C\u2019est une soci\u00e9t\u00e9 anonyme, mais son statut est sp\u00e9cifique et encadr\u00e9 par la loi pour garantir son impartialit\u00e9.<\/li>\n<p>\n<\/ul>\n<\/p>\n<h2>Qui est Fabrice Fries, pr\u00e9sident-directeur g\u00e9n\u00e9ral ?<\/h2>\n<p>Fabrice Fries, ce nom qui r\u00e9sonne comme une promesse d\u2019excellence et de leadership, est le <strong>pr\u00e9sident-directeur g\u00e9n\u00e9ral<\/strong> d\u2019un g\u00e9ant m\u00e9diatique bien connu : le groupe <strong>France M\u00e9dias Monde<\/strong>. Mais qui se cache derri\u00e8re ce titre aussi impressionnant qu\u2019une moustache de chat persan ? N\u00e9 en 1966, Fabrice Fries a su gravir les \u00e9chelons avec une \u00e9l\u00e9gance digne d\u2019un tango argentin. Dipl\u00f4m\u00e9 de Sciences Po Paris et de l\u2019ENA, il a d\u00e9but\u00e9 sa carri\u00e8re dans les arcanes de l\u2019administration fran\u00e7aise avant de se tourner vers le monde des m\u00e9dias, o\u00f9 il a brill\u00e9 comme une \u00e9toile filante dans un ciel d\u2019\u00e9t\u00e9.<\/p>\n<p>Depuis sa nomination \u00e0 la t\u00eate de France M\u00e9dias Monde en 2015, Fabrice Fries a red\u00e9fini les contours de la strat\u00e9gie m\u00e9diatique internationale. Sous sa houlette, des cha\u00eenes comme <strong>France 24<\/strong>, <strong>RFI<\/strong> et <strong>Monte Carlo Doualiya<\/strong> ont renforc\u00e9 leur rayonnement \u00e0 l\u2019\u00e9chelle mondiale. Son approche ? Un m\u00e9lange savant d\u2019innovation, de rigueur et d\u2019une touche de charisme qui fait mouche. On pourrait dire qu\u2019il est le <strong>chef d\u2019orchestre<\/strong> d\u2019un m\u00e9dia-symphonie, o\u00f9 chaque note compte et chaque d\u00e9cision r\u00e9sonne.<\/p>\n<p>[aib_post_related url=&rsquo;\/tendances\/cyril-hanouna-et-sa-femme-actuelle\/&rsquo; title=&rsquo;Cyril Hanouna et sa femme actuelle : r\u00e9v\u00e9lations surprenantes sur leur vie ensemble !&rsquo; relatedtext=&rsquo;Vous pourriez \u00e9galement \u00eatre int\u00e9ress\u00e9 par:&rsquo;]<\/p>\n<p><h3>Les secrets de Fabrice Fries : leadership et vision<\/h3>\n<p>\n&#8211; <strong>Un visionnaire pragmatique<\/strong> : Fabrice Fries ne se contente pas de r\u00eaver, il agit. Sa capacit\u00e9 \u00e0 anticiper les tendances m\u00e9diatiques est aussi impressionnante que sa collection de cravates.<br \/>\n&#8211; <strong>Un communicant hors pair<\/strong> : Que ce soit face \u00e0 un micro ou devant un conseil d\u2019administration, il ma\u00eetrise l\u2019art de la parole comme personne.<br \/>\n&#8211; <strong>Un d\u00e9fenseur de la diversit\u00e9<\/strong> : Sous sa direction, France M\u00e9dias Monde s\u2019est engag\u00e9 \u00e0 promouvoir une information inclusive et plurielle, parce que, soyons honn\u00eates, la monotonie, c\u2019est ennuyeux.<\/p>\n<p>[aib_post_related url=&rsquo;\/tendances\/dispositif-jeune-docteur\/&rsquo; title=&rsquo;D\u00e9couvrez le dispositif jeune docteur : une r\u00e9volution pour les futurs m\u00e9decins !&rsquo; relatedtext=&rsquo;Vous pourriez \u00e9galement \u00eatre int\u00e9ress\u00e9 par:&rsquo;]<\/p>\n<p><h3>Questions que vous vous posez s\u00fbrement sur Fabrice Fries<\/h3>\n<p>\n<b>Quel est le parcours acad\u00e9mique de Fabrice Fries ?<\/b><br \/>\nFabrice Fries est un pur produit de l\u2019\u00e9lite fran\u00e7aise : Sciences Po Paris et l\u2019ENA. Un CV qui fait r\u00eaver (ou trembler, selon votre point de vue).<\/p>\n<p><b>Quelles sont ses r\u00e9alisations majeures \u00e0 la t\u00eate de France M\u00e9dias Monde ?<\/b><br \/>\nIl a renforc\u00e9 la pr\u00e9sence internationale des cha\u00eenes du groupe, modernis\u00e9 leurs strat\u00e9gies num\u00e9riques et fait de la diversit\u00e9 un pilier de leur ligne \u00e9ditoriale. Bref, un v\u00e9ritable <strong>super-h\u00e9ros des m\u00e9dias<\/strong>.<\/p>\n<p>[aib_post_related url=&rsquo;\/tendances\/david-foenkinos-origine-parents\/&rsquo; title=&rsquo;David foenkinos : d\u00e9couvrez l&#039;origine fascinante de ses parents !&rsquo; relatedtext=&rsquo;Vous pourriez \u00e9galement \u00eatre int\u00e9ress\u00e9 par:&rsquo;]<\/p>\n<p><b>Comment d\u00e9crire son style de management ?<\/b><br \/>\nFabrice Fries est \u00e0 la fois <strong>exigeant<\/strong> et <strong>inspirant<\/strong>. Il sait motiver ses \u00e9quipes tout en gardant un \u0153il (voire deux) sur les objectifs strat\u00e9giques. Un vrai chef, quoi.<\/p>\n","protected":false},"excerpt":{"rendered":"<p>Qui est le patron de l&rsquo;agence France-Presse ? Qui est le patron de l&rsquo;agence France-Presse ? \u00c0 la t\u00eate de l\u2019illustre Agence France-Presse (AFP), on trouve Fabrice Fries, un homme dont le nom sonne comme une promesse de frites croustillantes, mais dont le r\u00f4le est bien plus s\u00e9rieux. Depuis 2018, Fries dirige cette institution de&#8230;<\/p>\n","protected":false},"author":1,"featured_media":8199,"comment_status":"open","ping_status":"","sticky":false,"template":"","format":"standard","meta":{"_kad_post_transparent":"","_kad_post_title":"","_kad_post_layout":"","_kad_post_sidebar_id":"","_kad_post_content_style":"","_kad_post_vertical_padding":"","_kad_post_feature":"","_kad_post_feature_position":"","_kad_post_header":false,"_kad_post_footer":false,"_kad_post_classname":"","iawp_total_views":4,"footnotes":""},"categories":[1],"tags":[],"class_list":["post-8198","post","type-post","status-publish","format-standard","has-post-thumbnail","hentry","category-actualites"],"_links":{"self":[{"href":"https:\/\/www.dmoz.fr\/tendances\/wp-json\/wp\/v2\/posts\/8198","targetHints":{"allow":["GET"]}}],"collection":[{"href":"https:\/\/www.dmoz.fr\/tendances\/wp-json\/wp\/v2\/posts"}],"about":[{"href":"https:\/\/www.dmoz.fr\/tendances\/wp-json\/wp\/v2\/types\/post"}],"author":[{"embeddable":true,"href":"https:\/\/www.dmoz.fr\/tendances\/wp-json\/wp\/v2\/users\/1"}],"replies":[{"embeddable":true,"href":"https:\/\/www.dmoz.fr\/tendances\/wp-json\/wp\/v2\/comments?post=8198"}],"version-history":[{"count":0,"href":"https:\/\/www.dmoz.fr\/tendances\/wp-json\/wp\/v2\/posts\/8198\/revisions"}],"wp:featuredmedia":[{"embeddable":true,"href":"https:\/\/www.dmoz.fr\/tendances\/wp-json\/wp\/v2\/media\/8199"}],"wp:attachment":[{"href":"https:\/\/www.dmoz.fr\/tendances\/wp-json\/wp\/v2\/media?parent=8198"}],"wp:term":[{"taxonomy":"category","embeddable":true,"href":"https:\/\/www.dmoz.fr\/tendances\/wp-json\/wp\/v2\/categories?post=8198"},{"taxonomy":"post_tag","embeddable":true,"href":"https:\/\/www.dmoz.fr\/tendances\/wp-json\/wp\/v2\/tags?post=8198"}],"curies":[{"name":"wp","href":"https:\/\/api.w.org\/{rel}","templated":true}]}}