{"id":822,"date":"2025-02-19T13:32:07","date_gmt":"2025-02-19T12:32:07","guid":{"rendered":"https:\/\/www.dmoz.fr\/tendances\/explosion-grenoble\/"},"modified":"2025-02-19T13:32:07","modified_gmt":"2025-02-19T12:32:07","slug":"explosion-grenoble","status":"publish","type":"post","link":"https:\/\/www.dmoz.fr\/tendances\/explosion-grenoble\/","title":{"rendered":"Explosion \u00e0 Grenoble : d\u00e9couvrez les secrets d&rsquo;un \u00e9v\u00e9nement marquant !"},"content":{"rendered":"<p><\/p>\n<div id='video-container' data-video-id='be7kvg7yLFY' style='width:100%; height:auto; max-width:587px; position: relative;'>\n<div class='image-video-plugin' style='background:url(\"https:\/\/img.youtube.com\/vi\/be7kvg7yLFY\/0.jpg\") center no-repeat; background-size: cover;'><\/div>\n<p>        <span class='youtube-play-button'><\/span><br \/>\n        <noscript><a href=\"https:\/\/www.youtube.com\/watch?v=be7kvg7yLFY\" target=\"_blank\" rel=\"noopener\">Play on YouTube<\/a><\/noscript>\n    <\/div>\n<p><\/p>\n<h2>Explosion \u00e0 Grenoble : un \u00e9v\u00e9nement marquant de l&rsquo;histoire locale<\/h2>\n<p>le 19 mars 2022, la ville de Grenoble a \u00e9t\u00e9 le th\u00e9\u00e2tre d&rsquo;une explosion qui a secou\u00e9 les fondements m\u00eames de la communaut\u00e9 locale. Cet \u00e9v\u00e9nement tragique a caus\u00e9 des dommages consid\u00e9rables et a profond\u00e9ment affect\u00e9 les habitants. L&rsquo;explosion, survenue dans un immeuble r\u00e9sidentiel, a \u00e9t\u00e9 ressentie dans plusieurs quartiers, laissant des traces ind\u00e9l\u00e9biles dans la m\u00e9moire collective. Les secours se sont rapidement mobilis\u00e9s, t\u00e9moignant d&rsquo;une solidarit\u00e9 exemplaire. Des \u00e9quipes de pompiers, de m\u00e9decins et de b\u00e9n\u00e9voles ont afflu\u00e9 sur les lieux pour porter assistance aux victimes, illustrant ainsi la force d&rsquo;une communaut\u00e9 unie face \u00e0 l&rsquo;adversit\u00e9.<\/p>\n<p><b>Les cons\u00e9quences de cette explosion ont \u00e9t\u00e9 multiples<\/b>. Sur le plan mat\u00e9riel, plusieurs b\u00e2timents ont \u00e9t\u00e9 endommag\u00e9s, et des familles se sont retrouv\u00e9es sans abri. Les autorit\u00e9s locales ont mis en place un plan d&rsquo;urgence pour aider les sinistr\u00e9s, offrant un soutien psychologique et mat\u00e9riel. Ce moment de crise a \u00e9galement mis en lumi\u00e8re les d\u00e9fis de la s\u00e9curit\u00e9 dans les zones urbaines. Les enqu\u00eates men\u00e9es par la police et les services d&rsquo;incendie ont r\u00e9v\u00e9l\u00e9 des lacunes dans la r\u00e9glementation, incitant les d\u00e9cideurs \u00e0 repenser les normes de s\u00e9curit\u00e9. Les t\u00e9moignages des habitants ont \u00e9t\u00e9 poignants, chacun racontant sa propre exp\u00e9rience, renfor\u00e7ant le sentiment d&rsquo;appartenance \u00e0 une communaut\u00e9 r\u00e9siliente.<\/p>\n<p>les r\u00e9percussions de cet \u00e9v\u00e9nement sur la vie quotidienne des Grenoblois sont palpables. La peur a laiss\u00e9 place \u00e0 un \u00e9lan de solidarit\u00e9. Des initiatives ont vu le jour pour soutenir les victimes, et des manifestations ont \u00e9t\u00e9 organis\u00e9es pour demander des mesures de s\u00e9curit\u00e9 renforc\u00e9es. Ce drame a aussi suscit\u00e9 une r\u00e9flexion sur la pr\u00e9vention des accidents dans les villes. Des forums ont \u00e9t\u00e9 mis en place, r\u00e9unissant citoyens, \u00e9lus et experts pour discuter des enjeux li\u00e9s \u00e0 la s\u00e9curit\u00e9 publique. La m\u00e9moire de cette explosion continuera de hanter les esprits, mais elle a \u00e9galement catalys\u00e9 une prise de conscience collective, rendant la ville plus vigilante face aux dangers potentiels.<\/p>\n<h3>Questions qui intriguent<\/h3>\n<ul>\n<li>Quelles ont \u00e9t\u00e9 les causes de l&rsquo;explosion \u00e0 Grenoble ?<\/li>\n<li>Comment les autorit\u00e9s ont-elles r\u00e9agi face \u00e0 cette trag\u00e9die ?<\/li>\n<li>Quels sont les impacts \u00e0 long terme sur la communaut\u00e9 locale ?<\/li>\n<li>Comment les Grenoblois se sont-ils mobilis\u00e9s apr\u00e8s l&rsquo;explosion ?<\/li>\n<li>Quelles mesures de s\u00e9curit\u00e9 ont \u00e9t\u00e9 mises en place depuis l&rsquo;incident ?<\/li>\n<\/ul>\n<p><b>La m\u00e9moire de cet \u00e9v\u00e9nement reste vive<\/b>, car il a r\u00e9v\u00e9l\u00e9 la force et la r\u00e9silience d&rsquo;une ville face \u00e0 l&rsquo;adversit\u00e9. Les Grenoblois, bien que marqu\u00e9s par cette trag\u00e9die, se sont unis pour reconstruire et se soutenir mutuellement.<\/p>\n<h2>Les causes et cons\u00e9quences de l&rsquo;explosion \u00e0 Grenoble<\/h2>\n<p>l&rsquo;explosion \u00e0 Grenoble, survenue dans un b\u00e2timent r\u00e9sidentiel, a suscit\u00e9 une vive \u00e9motion dans la population. Les causes de cet incident tragique sont multiples et complexes. En premier lieu, des investigations ont r\u00e9v\u00e9l\u00e9 qu&rsquo;une fuite de gaz serait \u00e0 l&rsquo;origine de l&rsquo;explosion. Ce type de d\u00e9faillance peut survenir \u00e0 la suite de travaux mal r\u00e9alis\u00e9s ou d&rsquo;un entretien insuffisant des installations. Les autorit\u00e9s locales ont mis en avant l&rsquo;importance de la vigilance des habitants concernant les signes d&rsquo;une \u00e9ventuelle fuite, tels que des odeurs inhabituelles ou des bruits de gaz. De plus, des facteurs environnementaux, comme le vieillissement des infrastructures, ont \u00e9galement \u00e9t\u00e9 \u00e9voqu\u00e9s. Ces \u00e9l\u00e9ments conjugu\u00e9s ont cr\u00e9\u00e9 un terreau propice \u00e0 un accident de cette ampleur.<\/p>\n<p>les cons\u00e9quences de cette explosion sont dramatiques et touchent de nombreux aspects de la vie quotidienne des Grenoblois. D&rsquo;une part, la destruction mat\u00e9rielle est consid\u00e9rable. Plusieurs appartements ont \u00e9t\u00e9 endommag\u00e9s, laissant de nombreuses familles sans abri. La solidarit\u00e9 s&rsquo;est alors manifest\u00e9e, avec des initiatives pour recueillir des fonds et offrir un h\u00e9bergement temporaire aux sinistr\u00e9s. D&rsquo;autre part, l&rsquo;impact psychologique sur les victimes et les t\u00e9moins de l&rsquo;explosion est ind\u00e9niable. Le traumatisme laiss\u00e9 par un tel \u00e9v\u00e9nement peut engendrer des troubles anxieux et des difficult\u00e9s \u00e0 retrouver un cadre de vie serein. Les services de sant\u00e9 mentale se mobilisent pour apporter le soutien n\u00e9cessaire \u00e0 ceux qui en ont besoin.<\/p>\n<p>l&rsquo;explosion \u00e0 Grenoble a \u00e9galement entra\u00een\u00e9 des cons\u00e9quences \u00e0 plus long terme, notamment sur le plan des r\u00e9glementations en mati\u00e8re de s\u00e9curit\u00e9. Les autorit\u00e9s ont d\u00e9cid\u00e9 de renforcer les contr\u00f4les et les normes de s\u00e9curit\u00e9 concernant les installations de gaz dans les b\u00e2timents. Cette d\u00e9marche vise \u00e0 pr\u00e9venir de futurs incidents similaires et \u00e0 garantir la s\u00e9curit\u00e9 des habitants. Les professionnels du b\u00e2timent sont d\u00e9sormais invit\u00e9s \u00e0 suivre des formations sp\u00e9cifiques pour mieux identifier les risques li\u00e9s aux fuites de gaz. Les le\u00e7ons tir\u00e9es de cet \u00e9v\u00e9nement tragique doivent servir d&rsquo;alerte pour am\u00e9liorer la s\u00e9curit\u00e9 dans l&rsquo;ensemble de la r\u00e9gion.<\/p>\n<h3>Questions br\u00fblantes sur l&rsquo;explosion \u00e0 Grenoble<\/h3>\n<ul>\n<li><b>Quelles sont les principales causes de l&rsquo;explosion ?<\/b> La fuite de gaz et le vieillissement des infrastructures ont \u00e9t\u00e9 identifi\u00e9s comme des facteurs cl\u00e9s.<\/li>\n<li><b>Quels sont les impacts imm\u00e9diats sur la population ?<\/b> La destruction de logements et le traumatisme psychologique des victimes sont des cons\u00e9quences majeures.<\/li>\n<li><b>Quelles mesures de s\u00e9curit\u00e9 sont mises en place ?<\/b> Des contr\u00f4les renforc\u00e9s et des formations pour les professionnels du b\u00e2timent sont d\u00e9sormais prioritaires.<\/li>\n<\/ul>\n<h2>Comment l&rsquo;explosion \u00e0 Grenoble a chang\u00e9 la perception de la s\u00e9curit\u00e9 urbaine<\/h2>\n<p>l&rsquo;explosion survenue \u00e0 Grenoble a eu un impact consid\u00e9rable sur la perception de la s\u00e9curit\u00e9 urbaine. Avant cet \u00e9v\u00e9nement tragique, la ville \u00e9tait souvent per\u00e7ue comme un havre de paix, un lieu o\u00f9 la tranquillit\u00e9 et la vie quotidienne s&rsquo;\u00e9coulaient sans heurts. Toutefois, cet incident a r\u00e9v\u00e9l\u00e9 des vuln\u00e9rabilit\u00e9s qui \u00e9taient, pour beaucoup, rest\u00e9es invisibles. Les citoyens, confront\u00e9s \u00e0 une r\u00e9alit\u00e9 brutale, ont commenc\u00e9 \u00e0 questionner la s\u00e9curit\u00e9 de leur environnement. Les autorit\u00e9s, quant \u00e0 elles, ont d\u00fb revoir leurs strat\u00e9gies de pr\u00e9vention et d&rsquo;intervention, mettant en lumi\u00e8re des failles dans le syst\u00e8me de s\u00e9curit\u00e9 d\u00e9j\u00e0 en place.<\/p>\n<p><b>Les cons\u00e9quences psychologiques de l&rsquo;explosion<\/b> ont \u00e9galement jou\u00e9 un r\u00f4le majeur dans ce changement de perception. Les habitants de Grenoble, touch\u00e9s par la peur et l&rsquo;incertitude, ont ressenti un besoin urgent de r\u00e9\u00e9valuer leur rapport \u00e0 la s\u00e9curit\u00e9. Les quartiers autrefois jug\u00e9s s\u00fbrs ont commenc\u00e9 \u00e0 susciter des appr\u00e9hensions. Les forums de discussion en ligne, les r\u00e9seaux sociaux et les m\u00e9dias ont amplifi\u00e9 cette inqui\u00e9tude, cr\u00e9ant un climat de m\u00e9fiance. Ce ph\u00e9nom\u00e8ne n&rsquo;est pas isol\u00e9, il s&rsquo;inscrit dans une tendance plus large o\u00f9 la s\u00e9curit\u00e9 devient un enjeu central dans le quotidien des citoyens. La n\u00e9cessit\u00e9 d&rsquo;une pr\u00e9sence polici\u00e8re renforc\u00e9e et de mesures de s\u00e9curit\u00e9 accrues a \u00e9merg\u00e9 comme une priorit\u00e9 dans les d\u00e9bats publics.<\/p>\n<p><b>En r\u00e9ponse \u00e0 cette situation,<\/b> plusieurs initiatives ont vu le jour pour restaurer un sentiment de s\u00e9curit\u00e9. Des campagnes de sensibilisation ont \u00e9t\u00e9 lanc\u00e9es, visant \u00e0 informer les citoyens sur les mesures de pr\u00e9vention \u00e0 adopter. Parall\u00e8lement, des projets de collaboration entre la police et les communaut\u00e9s locales ont \u00e9t\u00e9 mis en place pour renforcer la confiance. Ces d\u00e9marches visent \u00e0 cr\u00e9er un environnement o\u00f9 les citoyens se sentent acteurs de leur propre s\u00e9curit\u00e9. En int\u00e9grant des outils technologiques, comme des applications de signalement, les autorit\u00e9s cherchent \u00e0 impliquer les habitants dans la protection de leur espace de vie. Cette dynamique de co-construction de la s\u00e9curit\u00e9 marque un tournant dans la gestion des risques urbains, transformant la mani\u00e8re dont la s\u00e9curit\u00e9 est per\u00e7ue et v\u00e9cue.<\/p>\n<h3>Questions et r\u00e9flexions sur la s\u00e9curit\u00e9 urbaine \u00e0 Grenoble<\/h3>\n<p><b>Pourquoi l&rsquo;explosion a-t-elle suscit\u00e9 tant d&rsquo;inqui\u00e9tude ?<\/b><br \/>\nL&rsquo;explosion a mis en lumi\u00e8re des vuln\u00e9rabilit\u00e9s dans le tissu urbain, r\u00e9v\u00e9lant que m\u00eame les lieux les plus s\u00fbrs peuvent \u00eatre touch\u00e9s par des \u00e9v\u00e9nements violents.<\/p>\n<p><b>Quelles mesures ont \u00e9t\u00e9 prises par les autorit\u00e9s ?<\/b><br \/>\nLes autorit\u00e9s ont renforc\u00e9 la pr\u00e9sence polici\u00e8re et mis en place des campagnes de sensibilisation pour rassurer la population et restaurer la confiance.<\/p>\n<p><b>Comment les citoyens peuvent-ils participer \u00e0 la s\u00e9curit\u00e9 de leur quartier ?<\/b><br \/>\nLes citoyens sont encourag\u00e9s \u00e0 s&rsquo;impliquer dans des initiatives locales, \u00e0 signaler des comportements suspects et \u00e0 participer aux r\u00e9unions de quartier pour discuter de la s\u00e9curit\u00e9.<\/p>\n<p><b>Quelles sont les nouvelles technologies utilis\u00e9es pour am\u00e9liorer la s\u00e9curit\u00e9 ?<\/b><br \/>\nDes applications de signalement et des syst\u00e8mes de surveillance connect\u00e9s sont de plus en plus utilis\u00e9s pour permettre une communication rapide entre les citoyens et les forces de l&rsquo;ordre.<\/p>\n","protected":false},"excerpt":{"rendered":"<p>Play on YouTube Explosion \u00e0 Grenoble : un \u00e9v\u00e9nement marquant de l&rsquo;histoire locale le 19 mars 2022, la ville de Grenoble a \u00e9t\u00e9 le th\u00e9\u00e2tre d&rsquo;une explosion qui a secou\u00e9 les fondements m\u00eames de la communaut\u00e9 locale. Cet \u00e9v\u00e9nement tragique a caus\u00e9 des dommages consid\u00e9rables et a profond\u00e9ment affect\u00e9 les habitants. L&rsquo;explosion, survenue dans un&#8230;<\/p>\n","protected":false},"author":1,"featured_media":823,"comment_status":"","ping_status":"","sticky":false,"template":"","format":"standard","meta":{"_kad_post_transparent":"","_kad_post_title":"","_kad_post_layout":"","_kad_post_sidebar_id":"","_kad_post_content_style":"","_kad_post_vertical_padding":"","_kad_post_feature":"","_kad_post_feature_position":"","_kad_post_header":false,"_kad_post_footer":false,"_kad_post_classname":"","iawp_total_views":0,"footnotes":""},"categories":[1],"tags":[],"class_list":["post-822","post","type-post","status-publish","format-standard","has-post-thumbnail","hentry","category-actualites"],"_links":{"self":[{"href":"https:\/\/www.dmoz.fr\/tendances\/wp-json\/wp\/v2\/posts\/822","targetHints":{"allow":["GET"]}}],"collection":[{"href":"https:\/\/www.dmoz.fr\/tendances\/wp-json\/wp\/v2\/posts"}],"about":[{"href":"https:\/\/www.dmoz.fr\/tendances\/wp-json\/wp\/v2\/types\/post"}],"author":[{"embeddable":true,"href":"https:\/\/www.dmoz.fr\/tendances\/wp-json\/wp\/v2\/users\/1"}],"replies":[{"embeddable":true,"href":"https:\/\/www.dmoz.fr\/tendances\/wp-json\/wp\/v2\/comments?post=822"}],"version-history":[{"count":0,"href":"https:\/\/www.dmoz.fr\/tendances\/wp-json\/wp\/v2\/posts\/822\/revisions"}],"wp:featuredmedia":[{"embeddable":true,"href":"https:\/\/www.dmoz.fr\/tendances\/wp-json\/wp\/v2\/media\/823"}],"wp:attachment":[{"href":"https:\/\/www.dmoz.fr\/tendances\/wp-json\/wp\/v2\/media?parent=822"}],"wp:term":[{"taxonomy":"category","embeddable":true,"href":"https:\/\/www.dmoz.fr\/tendances\/wp-json\/wp\/v2\/categories?post=822"},{"taxonomy":"post_tag","embeddable":true,"href":"https:\/\/www.dmoz.fr\/tendances\/wp-json\/wp\/v2\/tags?post=822"}],"curies":[{"name":"wp","href":"https:\/\/api.w.org\/{rel}","templated":true}]}}