{"id":8228,"date":"2025-09-05T08:55:20","date_gmt":"2025-09-05T07:55:20","guid":{"rendered":"https:\/\/www.dmoz.fr\/tendances\/cure-dars\/"},"modified":"2025-09-05T08:55:20","modified_gmt":"2025-09-05T07:55:20","slug":"cure-dars","status":"publish","type":"post","link":"https:\/\/www.dmoz.fr\/tendances\/cure-dars\/","title":{"rendered":"D\u00e9couvrez les secrets de la cure d\u2019ars pour une transformation inattendue"},"content":{"rendered":"<p><\/p>\n<div id='video-container' data-video-id='Owq2ouPm9mA' style='width:100%; height:auto; max-width:587px; position: relative;'>\n<div class='image-video-plugin' style='background:url(\"https:\/\/img.youtube.com\/vi\/Owq2ouPm9mA\/0.jpg\") center no-repeat; background-size: cover;'><\/div>\n<p>        <span class='youtube-play-button'><\/span><br \/>\n        <noscript><a href=\"https:\/\/www.youtube.com\/watch?v=Owq2ouPm9mA\" target=\"_blank\" rel=\"noopener\"><\/a><\/noscript>\n    <\/div>\n<p><\/p>\n<h2>Le chanteur Vianney est-il un cur\u00e9 d&rsquo;Ars ?<\/h2>\n<p><h2>Le chanteur Vianney est-il un cur\u00e9 d&rsquo;Ars ?<\/h2>\n<p><\/p>\n<p>Vianney, ce nom qui r\u00e9sonne comme une m\u00e9lodie douce et envo\u00fbtante, serait-il le descendant spirituel du c\u00e9l\u00e8bre cur\u00e9 d\u2019Ars, Jean-Marie Vianney ? Si l\u2019un a consacr\u00e9 sa vie \u00e0 guider les \u00e2mes vers la lumi\u00e8re divine, l\u2019autre, avec sa guitare et sa voix envo\u00fbtante, semble toucher les c\u0153urs d\u2019une mani\u00e8re tout aussi mystique. Mais attention, ne confondons pas <b>le pr\u00eatre du XIXe si\u00e8cle<\/b> avec le <b>troubadour des temps modernes<\/b>. Si le premier \u00e9tait connu pour ses sermons enflamm\u00e9s et son d\u00e9vouement aux paroissiens, le second, lui, pr\u00e9f\u00e8re les salles de concert et les duos avec des stars internationales. Un cur\u00e9 d\u2019Ars 2.0 ? Pas vraiment, mais une inspiration spirituelle \u00e0 sa mani\u00e8re, peut-\u00eatre.<\/p>\n<\/p>\n<p>Si l\u2019on creuse un peu, on d\u00e9couvre que Vianney, de son vrai nom Vianney Bureau, porte un nom qui n\u2019est pas sans rappeler celui du saint homme. Co\u00efncidence ? Probablement. Mais avouons-le, le chanteur a su cr\u00e9er une aura presque mystique autour de lui, avec des chansons qui parlent d\u2019amour, de doutes et d\u2019espoir, un peu comme des pri\u00e8res modernes. Pourtant, l\u00e0 o\u00f9 le cur\u00e9 d\u2019Ars distribuait des conseils spirituels, Vianney, lui, offre des m\u00e9lodies qui apaisent l\u2019\u00e2me. Alors, est-il un cur\u00e9 d\u2019Ars ? Non, mais il a peut-\u00eatre h\u00e9rit\u00e9 d\u2019une part de sa mission : <b>toucher les c\u0153urs et les esprits<\/b>, m\u00eame si c\u2019est \u00e0 travers des notes de musique plut\u00f4t que des mots de r\u00e9confort.<\/p>\n<p><h3>Vianney et le cur\u00e9 d\u2019Ars : questions qui br\u00fblent les l\u00e8vres<\/h3>\n<p><\/p>\n<ul><\/p>\n<li><b>Vianney est-il un descendant du cur\u00e9 d\u2019Ars ?<\/b> Non, c\u2019est une simple co\u00efncidence de nom, mais quelle co\u00efncidence inspirante !<\/li>\n<p><\/p>\n<li><b>Le chanteur a-t-il d\u00e9j\u00e0 \u00e9voqu\u00e9 le cur\u00e9 d\u2019Ars ?<\/b> Pas \u00e0 notre connaissance, mais sa musique pourrait bien \u00eatre un hommage indirect \u00e0 l\u2019esprit de r\u00e9confort qu\u2019incarnait le saint homme.<\/li>\n<p><\/p>\n<li><b>Vianney pourrait-il devenir un cur\u00e9 moderne ?<\/b> Avec sa voix et son charisme, il pourrait certainement pr\u00eacher, mais il semble pr\u00e9f\u00e9rer les salles de concert aux \u00e9glises.<\/li>\n<p>\n<\/ul>\n<\/p>\n<h2>Que signifie cure d&rsquo;ars ?<\/h2>\n<p>La <b>cure d&rsquo;ars<\/b> est une expression qui fait r\u00e9f\u00e9rence \u00e0 une p\u00e9riode de soins ou de traitement, souvent li\u00e9e \u00e0 des pratiques m\u00e9dicales ou th\u00e9rapeutiques, qui tire son nom de la petite commune d\u2019Ars-sur-Formans, en France. Ce village est c\u00e9l\u00e8bre pour avoir \u00e9t\u00e9 le lieu de r\u00e9sidence de saint Jean-Marie Vianney, le <b>cur\u00e9 d\u2019Ars<\/b>, un pr\u00eatre r\u00e9put\u00e9 pour sa d\u00e9votion et ses gu\u00e9risons miraculeuses. Ainsi, une \u00ab\u00a0cure d&rsquo;ars\u00a0\u00bb \u00e9voque souvent une retraite spirituelle ou un temps de ressourcement, o\u00f9 l\u2019on cherche \u00e0 soigner l\u2019\u00e2me autant que le corps. C\u2019est un peu comme une pause bien-\u00eatre, mais avec une touche de mysticisme et une pinc\u00e9e de miracles (ou du moins, l\u2019espoir d\u2019en obtenir).<\/p>\n<p>[aib_post_related url=&rsquo;\/tendances\/mouche-bebe-manuel\/&rsquo; title=&rsquo;Le guide ultime pour choisir la mouche b\u00e9b\u00e9 id\u00e9ale : astuces et conseils pratiques&rsquo; relatedtext=&rsquo;Vous pourriez \u00e9galement \u00eatre int\u00e9ress\u00e9 par:&rsquo;]<\/p>\n<p>Aujourd\u2019hui, le terme est parfois utilis\u00e9 de mani\u00e8re plus large pour d\u00e9signer une <b>d\u00e9tox mentale ou physique<\/b>, o\u00f9 l\u2019on se retire du tumulte du quotidien pour se recentrer. Que ce soit dans un cadre religieux ou simplement pour profiter du calme de la campagne, une cure d\u2019ars incarne l\u2019id\u00e9e de prendre soin de soi dans un environnement propice \u00e0 la r\u00e9flexion et \u00e0 la gu\u00e9rison. C\u2019est un peu comme un spa pour l\u2019esprit, mais sans les massages aux pierres chaudes (\u00e0 moins que vous n\u2019apportiez les v\u00f4tres).<\/p>\n<p><h3>Questions fr\u00e9quentes sur la cure d\u2019ars<\/h3>\n<p><\/p>\n<ul><\/p>\n<li><b>La cure d\u2019ars est-elle uniquement religieuse ?<\/b> Pas n\u00e9cessairement ! Si elle trouve ses racines dans la spiritualit\u00e9, elle peut aussi \u00eatre v\u00e9cue comme une simple retraite pour se reconnecter \u00e0 soi-m\u00eame.<\/li>\n<p><\/p>\n<li><b>O\u00f9 puis-je faire une cure d\u2019ars ?<\/b> Bien qu\u2019Ars-sur-Formans soit le lieu embl\u00e9matique, l\u2019essentiel est de trouver un endroit calme et inspirant, que ce soit \u00e0 la campagne, \u00e0 la montagne ou m\u00eame chez soi.<\/li>\n<p><\/p>\n<li><b>Combien de temps dure une cure d\u2019ars ?<\/b> Il n\u2019y a pas de r\u00e8gle stricte. Cela peut \u00eatre un week-end, une semaine ou m\u00eame quelques heures, selon vos besoins et votre emploi du temps.<\/li>\n<p>\n<\/ul>\n<\/p>\n<h2>Comment est conserv\u00e9e la cur\u00e9 d&rsquo;Ars ?<\/h2>\n<p>[aib_post_related url=&rsquo;\/tendances\/pseudo-marrant\/&rsquo; title=&rsquo;Les pseudos marrants qui vont vous faire pleurer de rire !&rsquo; relatedtext=&rsquo;Vous pourriez \u00e9galement \u00eatre int\u00e9ress\u00e9 par:&rsquo;]<\/p>\n<p>La conservation de la cur\u00e9 d\u2019Ars, ou plut\u00f4t de <strong>Saint Jean-Marie Vianney<\/strong>, est un sujet qui m\u00eale d\u00e9votion, science et un zeste de myst\u00e8re. Le saint, connu pour son humilit\u00e9 et son d\u00e9vouement, repose aujourd\u2019hui dans la <strong>basilique d\u2019Ars-sur-Formans<\/strong>, en France. Son corps, intact depuis sa mort en 1859, est expos\u00e9 dans un <strong>reliquaire en verre<\/strong>, permettant aux p\u00e8lerins de le v\u00e9n\u00e9rer tout en \u00e9tant prot\u00e9g\u00e9 des alt\u00e9rations ext\u00e9rieures. La conservation repose sur des techniques modernes, mais aussi sur une surveillance constante pour \u00e9viter toute d\u00e9t\u00e9rioration. On pourrait presque dire que c\u2019est un travail de moine\u2026 enfin, de conservateur !<\/p>\n<p><b>Le processus de conservation<\/b> est rigoureux : le corps est maintenu dans un environnement contr\u00f4l\u00e9, avec une temp\u00e9rature et une humidit\u00e9 optimales pour pr\u00e9server les tissus. Des experts veillent au grain, utilisant des m\u00e9thodes non invasives pour \u00e9viter toute manipulation excessive. Et puis, il y a cette aura spirituelle qui semble jouer un r\u00f4le. Apr\u00e8s tout, quand on est un saint, on ne se laisse pas faire par le temps ! Les p\u00e8lerins, eux, continuent d\u2019affluer, attir\u00e9s par cette pr\u00e9sence qui, malgr\u00e9 les si\u00e8cles, reste vivante dans leur c\u0153ur.<\/p>\n<p><h3>Questions que vous vous posez (et auxquelles on r\u00e9pond avec panache)<\/h3>\n<p><\/p>\n<ul><\/p>\n<li><b>Pourquoi le corps de Saint Jean-Marie Vianney est-il intact ?<\/b> C\u2019est un m\u00e9lange de miracles (on est dans le domaine du divin, apr\u00e8s tout) et de techniques de conservation modernes. La science et la foi font bon m\u00e9nage ici.<\/li>\n<p><\/p>\n<li><b>Peut-on voir le corps du cur\u00e9 d\u2019Ars ?<\/b> Absolument ! Il est expos\u00e9 dans la basilique d\u2019Ars, pr\u00eat \u00e0 accueillir vos pri\u00e8res et vos \u00e9merveillements.<\/li>\n<p><\/p>\n<li><b>Y a-t-il des risques pour la conservation ?<\/b> Oui, mais une \u00e9quipe de sp\u00e9cialistes veille jour et nuit pour que rien ne vienne troubler le repos \u00e9ternel du saint.<\/li>\n<p>\n<\/ul>\n<\/p>\n<h2>Quelle est la taille r\u00e9elle du cur\u00e9 d&rsquo;Ars ?<\/h2>\n<p>Ah, la taille du cur\u00e9 d\u2019Ars, une question qui a fait couler autant d\u2019encre que de saintes larmes ! <strong>Jean-Marie Vianney<\/strong>, ce modeste pr\u00eatre devenu un g\u00e9ant de la spiritualit\u00e9, mesurait environ <strong>1,68 m\u00e8tre<\/strong>. Une taille plut\u00f4t moyenne pour son \u00e9poque, mais qui, soyons honn\u00eates, n\u2019a jamais emp\u00each\u00e9 quiconque de toucher le ciel. Car, avouons-le, ce n\u2019est pas la taille qui fait le saint, mais bien la grandeur de l\u2019\u00e2me. Et en la mati\u00e8re, le cur\u00e9 d\u2019Ars \u00e9tait un v\u00e9ritable colosse !<\/p>\n<p>Pourtant, certains biographes ont eu tendance \u00e0 l\u2019imaginer plus petit, comme pour souligner son humilit\u00e9 l\u00e9gendaire. Mais non, mes amis, le cur\u00e9 d\u2019Ars n\u2019\u00e9tait pas un nain spirituel ni physique. Il avait une stature bien r\u00e9elle, qui lui permettait de parcourir son village, de confesser des heures durant et de braver les intemp\u00e9ries pour sauver des \u00e2mes. Alors, <strong>1,68 m\u00e8tre<\/strong>, c\u2019est peut-\u00eatre modeste, mais c\u2019est surtout la preuve que la saintet\u00e9 n\u2019a pas besoin de talons hauts pour s\u2019\u00e9lever.<\/p>\n<p>[aib_post_related url=&rsquo;\/tendances\/bref-2-reddit\/&rsquo; title=&rsquo;Bref 2 Reddit : le myst\u00e8re derri\u00e8re les secrets les mieux gard\u00e9s !&rsquo; relatedtext=&rsquo;Vous pourriez \u00e9galement \u00eatre int\u00e9ress\u00e9 par:&rsquo;]<\/p>\n<h3>Questions qui vous br\u00fblent les l\u00e8vres (et les \u00e2mes)<\/h3>\n<p><\/p>\n<ul><\/p>\n<li><b>Le cur\u00e9 d\u2019Ars \u00e9tait-il vraiment petit ?<\/b> Non, il mesurait 1,68 m\u00e8tre, une taille tout \u00e0 fait normale pour son \u00e9poque.<\/li>\n<p><\/p>\n<li><b>Pourquoi parle-t-on autant de sa taille ?<\/b> Parce que sa modestie l\u00e9gendaire a parfois laiss\u00e9 croire qu\u2019il \u00e9tait plus petit qu\u2019il ne l\u2019\u00e9tait en r\u00e9alit\u00e9.<\/li>\n<p><\/p>\n<li><b>Est-ce que sa taille a influenc\u00e9 sa saintet\u00e9 ?<\/b> Absolument pas ! La grandeur spirituelle n\u2019a rien \u00e0 voir avec la taille des chaussures.<\/li>\n<p>\n<\/ul><\/p>\n","protected":false},"excerpt":{"rendered":"<p>Le chanteur Vianney est-il un cur\u00e9 d&rsquo;Ars ? Le chanteur Vianney est-il un cur\u00e9 d&rsquo;Ars ? Vianney, ce nom qui r\u00e9sonne comme une m\u00e9lodie douce et envo\u00fbtante, serait-il le descendant spirituel du c\u00e9l\u00e8bre cur\u00e9 d\u2019Ars, Jean-Marie Vianney ? Si l\u2019un a consacr\u00e9 sa vie \u00e0 guider les \u00e2mes vers la lumi\u00e8re divine, l\u2019autre, avec sa&#8230;<\/p>\n","protected":false},"author":1,"featured_media":8229,"comment_status":"open","ping_status":"","sticky":false,"template":"","format":"standard","meta":{"_kad_post_transparent":"","_kad_post_title":"","_kad_post_layout":"","_kad_post_sidebar_id":"","_kad_post_content_style":"","_kad_post_vertical_padding":"","_kad_post_feature":"","_kad_post_feature_position":"","_kad_post_header":false,"_kad_post_footer":false,"_kad_post_classname":"","iawp_total_views":0,"footnotes":""},"categories":[1],"tags":[],"class_list":["post-8228","post","type-post","status-publish","format-standard","has-post-thumbnail","hentry","category-actualites"],"_links":{"self":[{"href":"https:\/\/www.dmoz.fr\/tendances\/wp-json\/wp\/v2\/posts\/8228","targetHints":{"allow":["GET"]}}],"collection":[{"href":"https:\/\/www.dmoz.fr\/tendances\/wp-json\/wp\/v2\/posts"}],"about":[{"href":"https:\/\/www.dmoz.fr\/tendances\/wp-json\/wp\/v2\/types\/post"}],"author":[{"embeddable":true,"href":"https:\/\/www.dmoz.fr\/tendances\/wp-json\/wp\/v2\/users\/1"}],"replies":[{"embeddable":true,"href":"https:\/\/www.dmoz.fr\/tendances\/wp-json\/wp\/v2\/comments?post=8228"}],"version-history":[{"count":0,"href":"https:\/\/www.dmoz.fr\/tendances\/wp-json\/wp\/v2\/posts\/8228\/revisions"}],"wp:featuredmedia":[{"embeddable":true,"href":"https:\/\/www.dmoz.fr\/tendances\/wp-json\/wp\/v2\/media\/8229"}],"wp:attachment":[{"href":"https:\/\/www.dmoz.fr\/tendances\/wp-json\/wp\/v2\/media?parent=8228"}],"wp:term":[{"taxonomy":"category","embeddable":true,"href":"https:\/\/www.dmoz.fr\/tendances\/wp-json\/wp\/v2\/categories?post=8228"},{"taxonomy":"post_tag","embeddable":true,"href":"https:\/\/www.dmoz.fr\/tendances\/wp-json\/wp\/v2\/tags?post=8228"}],"curies":[{"name":"wp","href":"https:\/\/api.w.org\/{rel}","templated":true}]}}