{"id":8238,"date":"2025-09-05T14:04:47","date_gmt":"2025-09-05T13:04:47","guid":{"rendered":"https:\/\/www.dmoz.fr\/tendances\/taille-isabelle-boulay\/"},"modified":"2025-09-05T14:04:47","modified_gmt":"2025-09-05T13:04:47","slug":"taille-isabelle-boulay","status":"publish","type":"post","link":"https:\/\/www.dmoz.fr\/tendances\/taille-isabelle-boulay\/","title":{"rendered":"Taille Isabelle Boulay : d\u00e9couvrez les secrets de sa silhouette embl\u00e9matique"},"content":{"rendered":"<p><\/p>\n<div id='video-container' data-video-id='4PJaz1_VKp0' style='width:100%; height:auto; max-width:587px; position: relative;'>\n<div class='image-video-plugin' style='background:url(\"https:\/\/img.youtube.com\/vi\/4PJaz1_VKp0\/0.jpg\") center no-repeat; background-size: cover;'><\/div>\n<p>        <span class='youtube-play-button'><\/span><br \/>\n        <noscript><a href=\"https:\/\/www.youtube.com\/watch?v=4PJaz1_VKp0\" target=\"_blank\" rel=\"noopener\"><\/a><\/noscript>\n    <\/div>\n<p><\/p>\n<h2>Est-ce que Isabelle Boulay a eu un enfant avec Dupont Moretti ?<\/h2>\n<p>Ah, la vie des c\u00e9l\u00e9brit\u00e9s ! Un m\u00e9lange savoureux de rumeurs, de sp\u00e9culations et de v\u00e9rit\u00e9s parfois plus \u00e9tranges que la fiction. Alors, quand on entend murmurer qu\u2019Isabelle Boulay, la voix envo\u00fbtante du Qu\u00e9bec, aurait eu un enfant avec \u00c9ric Dupond-Moretti, le c\u00e9l\u00e8bre avocat fran\u00e7ais, on ne peut s\u2019emp\u00eacher de soulever un sourcil\u2026 ou deux. <strong>Mais qu\u2019en est-il vraiment ?<\/strong><\/p>\n<p>D\u2019abord, rassurons les curieux : non, Isabelle Boulay et \u00c9ric Dupond-Moretti n\u2019ont pas eu d\u2019enfant ensemble. Cette rumeur, aussi croustillante soit-elle, semble \u00eatre n\u00e9e d\u2019un malentendu ou d\u2019une imagination particuli\u00e8rement fertile. <strong>Isabelle Boulay<\/strong>, m\u00e8re d\u2019un gar\u00e7on nomm\u00e9 Thomas, a toujours gard\u00e9 sa vie priv\u00e9e \u00e0 l\u2019abri des projecteurs, tandis que <strong>\u00c9ric Dupond-Moretti<\/strong>, connu pour ses plaidoiries flamboyantes, n\u2019a jamais \u00e9t\u00e9 li\u00e9 \u00e0 la chanteuse sur le plan familial. Alors, si vous esp\u00e9riez un duo parent-enfant improbable, il va falloir vous contenter de leurs talents respectifs\u2026 et c\u2019est d\u00e9j\u00e0 pas mal !<\/p>\n<p><h3>Questions br\u00fblantes sur cette rumeur improbable<\/h3>\n<p><\/p>\n<ul><\/p>\n<li><b>D\u2019o\u00f9 vient cette rumeur ?<\/b> Probablement d\u2019un m\u00e9lange entre leur notori\u00e9t\u00e9 et une dose de fantasme m\u00e9diatique. Les c\u00e9l\u00e9brit\u00e9s sont souvent victimes de ces amalgames.<\/li>\n<p><\/p>\n<li><b>Isabelle Boulay et Dupond-Moretti se connaissent-ils ?<\/b> Aucune preuve ne sugg\u00e8re qu\u2019ils aient collabor\u00e9 ou m\u00eame crois\u00e9 leurs chemins. Leur univers respectif est bien distinct.<\/li>\n<p><\/p>\n<li><b>Pourquoi cette rumeur persiste-t-elle ?<\/b> Parce que les gens adorent les histoires qui m\u00ealent glamour et myst\u00e8re. Et avouons-le, un enfant Boulay-Dupond-Moretti aurait \u00e9t\u00e9\u2026 surprenant.<\/li>\n<p>\n<\/ul>\n<\/p>\n<p>En somme, cette rumeur est un parfait exemple de la fa\u00e7on dont les m\u00e9dias et l\u2019imagination collective peuvent cr\u00e9er des l\u00e9gendes urbaines. <strong>Isabelle Boulay<\/strong> et <strong>\u00c9ric Dupond-Moretti<\/strong> continuent de briller chacun dans leur domaine, sans avoir besoin d\u2019un lien familial improbable pour attirer l\u2019attention. Et c\u2019est peut-\u00eatre mieux ainsi !<\/p>\n<h2>Quelle est la diff\u00e9rence d&rsquo;\u00e2ge entre Dupont Moretti et Isabelle Boulay ?<\/h2>\n<p>Si vous vous \u00eates d\u00e9j\u00e0 demand\u00e9 si la diff\u00e9rence d\u2019\u00e2ge entre <b>\u00c9ric Dupond-Moretti<\/b>, l\u2019avocat et ministre de la Justice fran\u00e7ais, et <b>Isabelle Boulay<\/b>, la chanteuse qu\u00e9b\u00e9coise aux m\u00e9lodies envo\u00fbtantes, pourrait alimenter une conversation autour d\u2019un ap\u00e9ro, vous \u00eates au bon endroit. <b>\u00c9ric Dupond-Moretti<\/b>, n\u00e9 le 20 avril 1961, et <b>Isabelle Boulay<\/b>, n\u00e9e le 6 juillet 1972, sont s\u00e9par\u00e9s par <b>11 ans et quelques mois<\/b>. Une diff\u00e9rence qui, avouons-le, ne fait pas de lui un papy ni d\u2019elle une adolescente, mais qui pourrait susciter quelques blagues bien plac\u00e9es sur les g\u00e9n\u00e9rations et leurs pr\u00e9f\u00e9rences musicales.<\/p>\n<p>Imaginez la sc\u00e8ne : Dupond-Moretti, avec son style inimitable et son \u00e9loquence redoutable, discutant avec Boulay, dont la voix a berc\u00e9 des millions de c\u0153urs. <b>11 ans<\/b>, c\u2019est assez pour qu\u2019ils aient v\u00e9cu des \u00e9poques l\u00e9g\u00e8rement diff\u00e9rentes, mais pas assez pour qu\u2019ils ne se comprennent pas. Apr\u00e8s tout, lui a probablement d\u00e9couvert le rock des ann\u00e9es 80, tandis qu\u2019elle a grandi avec les ballades des ann\u00e9es 90. Une diff\u00e9rence d\u2019\u00e2ge qui, au fond, n\u2019est qu\u2019un d\u00e9tail face \u00e0 leurs carri\u00e8res respectives et leurs talents incontestables.<\/p>\n<p><h3>Questions qui piquent la curiosit\u00e9<\/h3>\n<ul>\n<li><b>Est-ce que cette diff\u00e9rence d\u2019\u00e2ge a un impact sur leurs carri\u00e8res ?<\/b> Absolument pas. L\u2019un plaide, l\u2019autre chante, et leurs \u00e2ges respectifs n\u2019ont jamais \u00e9t\u00e9 un frein \u00e0 leur succ\u00e8s.<\/li>\n<li><b>Pourquoi s\u2019int\u00e9resser \u00e0 cette diff\u00e9rence d\u2019\u00e2ge ?<\/b> Parce que les d\u00e9tails, m\u00eame anodins, peuvent parfois \u00eatre une source d\u2019amusement et de r\u00e9flexion.<\/li>\n<li><b>Y a-t-il des collaborations entre eux ?<\/b> Pas \u00e0 notre connaissance, mais on se prend \u00e0 r\u00eaver d\u2019un duo improbable entre l\u2019\u00e9loquence de l\u2019un et la voix de l\u2019autre.<\/li>\n<\/ul>\n<p>[aib_post_related url=&rsquo;\/tendances\/star-embracing-swordmaster\/&rsquo; title=&rsquo;Star embracing swordmaster: d\u00e9couvrez le guerrier l\u00e9gendaire qui d\u00e9fie les \u00e9toiles&rsquo; relatedtext=&rsquo;Vous pourriez \u00e9galement \u00eatre int\u00e9ress\u00e9 par:&rsquo;]<\/p>\n<h2>Quel \u00e2ge a Marcus, le fils d&rsquo;Isabelle Boulay ?<\/h2>\n<p><h2>Quel \u00e2ge a Marcus, le fils d&rsquo;Isabelle Boulay ?<\/h2>\n<p>\nMarcus, le fils de la c\u00e9l\u00e8bre chanteuse qu\u00e9b\u00e9coise Isabelle Boulay, est un jeune homme qui suscite la curiosit\u00e9 de nombreux admirateurs de sa m\u00e8re. N\u00e9 en <strong>2007<\/strong>, Marcus a donc <strong>16 ans<\/strong> en 2023. Un \u00e2ge o\u00f9 l\u2019on commence \u00e0 se faire une place dans le monde, tout en restant sous le regard bienveillant (et parfois un peu trop attentif) de ses parents. Isabelle Boulay, connue pour sa discr\u00e9tion concernant sa vie priv\u00e9e, a tout de m\u00eame partag\u00e9 quelques moments de complicit\u00e9 avec son fils, notamment sur les r\u00e9seaux sociaux, o\u00f9 elle laisse entrevoir une relation m\u00e8re-fils aussi tendre qu\u2019authentique.<\/p>\n<p>Bien qu\u2019il ne soit pas (encore) sous les projecteurs, Marcus grandit dans l\u2019ombre d\u2019une artiste adul\u00e9e, ce qui n\u2019est pas une mince affaire. \u00c0 16 ans, il explore probablement les joies et les d\u00e9fis de l\u2019adolescence, entre \u00e9tudes, passions et d\u00e9couvertes. Isabelle Boulay, quant \u00e0 elle, semble trouver un \u00e9quilibre entre sa carri\u00e8re florissante et son r\u00f4le de maman, prouvant que l\u2019on peut briller sur sc\u00e8ne tout en restant une figure aimante et pr\u00e9sente.<\/p>\n<p><h3>Curieux d\u2019en savoir plus sur Marcus ? Voici les r\u00e9ponses \u00e0 vos questions br\u00fblantes<\/h3>\n<p><\/p>\n<ul><\/p>\n<li><b>Marcus est-il actif sur les r\u00e9seaux sociaux ?<\/b> Pour l\u2019instant, Marcus pr\u00e9f\u00e8re garder un profil bas, laissant \u00e0 sa m\u00e8re le soin de partager quelques clich\u00e9s de temps en temps.<\/li>\n<p><\/p>\n<li><b>Quels sont ses centres d\u2019int\u00e9r\u00eat ?<\/b> Bien qu\u2019on ne connaisse pas ses passions en d\u00e9tail, on peut imaginer qu\u2019il partage avec Isabelle une sensibilit\u00e9 artistique, m\u00eame s\u2019il choisit de ne pas (encore) suivre ses traces.<\/li>\n<p><\/p>\n<li><b>Comment Isabelle Boulay g\u00e8re-t-elle sa vie de m\u00e8re et d\u2019artiste ?<\/b> Avec \u00e9l\u00e9gance et discr\u00e9tion, comme \u00e0 son habitude, en veillant \u00e0 pr\u00e9server l\u2019intimit\u00e9 de son fils tout en partageant quelques moments pr\u00e9cieux avec ses fans.<\/li>\n<p>\n<\/ul>\n<\/p>\n<p>[aib_post_related url=&rsquo;\/tendances\/citations-pour-la-saint-valentin\/&rsquo; title=&rsquo;Citations pour la saint-valentin : les mots qui feront fondre votre c\u0153ur&rsquo; relatedtext=&rsquo;Vous pourriez \u00e9galement \u00eatre int\u00e9ress\u00e9 par:&rsquo;]<\/p>\n<h2>Qui est le conjoint d&rsquo;Isabelle Boulay en 2025 ?<\/h2>\n<p>En 2025, Isabelle Boulay, la voix envo\u00fbtante du Qu\u00e9bec, continue de charmer ses fans, non seulement par sa musique, mais aussi par sa vie priv\u00e9e, qui suscite toujours autant de curiosit\u00e9. Si la chanteuse a toujours su garder une part de myst\u00e8re autour de ses relations amoureuses, les rumeurs et les sp\u00e9culations vont bon train. Certains murmurent qu\u2019elle partage d\u00e9sormais sa vie avec un artiste talentueux, tandis que d\u2019autres \u00e9voquent un amour discret et \u00e9loign\u00e9 des projecteurs. Une chose est s\u00fbre : Isabelle Boulay semble rayonner de bonheur, et son conjoint, qu\u2019il soit connu ou anonyme, semble jouer un r\u00f4le cl\u00e9 dans cette harmonie.<\/p>\n<p>[aib_post_related url=&rsquo;\/tendances\/forcez-votre-destin-pdf-gratuit\/&rsquo; title=&rsquo;Forcez votre destin : t\u00e9l\u00e9chargez le pdf gratuit qui change tout !&rsquo; relatedtext=&rsquo;Vous pourriez \u00e9galement \u00eatre int\u00e9ress\u00e9 par:&rsquo;]<\/p>\n<p><b>Isabelle Boulay<\/b>, connue pour sa discr\u00e9tion, n\u2019a pas encore officialis\u00e9 publiquement son union en 2025. Cependant, quelques indices laiss\u00e9s ici et l\u00e0 sur les r\u00e9seaux sociaux et dans des interviews laissent penser qu\u2019elle a trouv\u00e9 l\u2019\u00e2me s\u0153ur. Qu\u2019il s\u2019agisse d\u2019un compagnon de longue date ou d\u2019une nouvelle rencontre, une chose est certaine : son conjoint partage sans doute sa passion pour l\u2019art et la simplicit\u00e9. Apr\u00e8s tout, Isabelle Boulay n\u2019a jamais \u00e9t\u00e9 du genre \u00e0 chercher les feux de la rampe pour sa vie sentimentale, pr\u00e9f\u00e9rant laisser sa musique parler pour elle.<\/p>\n<p><h3>Les questions que tout le monde se pose sur le conjoint d&rsquo;Isabelle Boulay<\/h3>\n<p><\/p>\n<ul><\/p>\n<li><b>Est-ce que le conjoint d\u2019Isabelle Boulay est aussi dans le milieu artistique ?<\/b> Les rumeurs penchent vers un profil artistique, mais rien n\u2019est confirm\u00e9.<\/li>\n<p><\/p>\n<li><b>Pourquoi Isabelle Boulay garde-t-elle son conjoint \u00e0 l\u2019abri des m\u00e9dias ?<\/b> Par go\u00fbt de la discr\u00e9tion et pour pr\u00e9server l\u2019intimit\u00e9 de leur relation.<\/li>\n<p><\/p>\n<li><b>Y a-t-il des photos du conjoint d\u2019Isabelle Boulay en 2025 ?<\/b> Si elles existent, elles sont bien gard\u00e9es, comme un tr\u00e9sor cach\u00e9.<\/li>\n<p>\n<\/ul><\/p>\n","protected":false},"excerpt":{"rendered":"<p>Est-ce que Isabelle Boulay a eu un enfant avec Dupont Moretti ? Ah, la vie des c\u00e9l\u00e9brit\u00e9s ! Un m\u00e9lange savoureux de rumeurs, de sp\u00e9culations et de v\u00e9rit\u00e9s parfois plus \u00e9tranges que la fiction. Alors, quand on entend murmurer qu\u2019Isabelle Boulay, la voix envo\u00fbtante du Qu\u00e9bec, aurait eu un enfant avec \u00c9ric Dupond-Moretti, le c\u00e9l\u00e8bre&#8230;<\/p>\n","protected":false},"author":1,"featured_media":8239,"comment_status":"open","ping_status":"","sticky":false,"template":"","format":"standard","meta":{"_kad_post_transparent":"","_kad_post_title":"","_kad_post_layout":"","_kad_post_sidebar_id":"","_kad_post_content_style":"","_kad_post_vertical_padding":"","_kad_post_feature":"","_kad_post_feature_position":"","_kad_post_header":false,"_kad_post_footer":false,"_kad_post_classname":"","iawp_total_views":0,"footnotes":""},"categories":[1],"tags":[],"class_list":["post-8238","post","type-post","status-publish","format-standard","has-post-thumbnail","hentry","category-actualites"],"_links":{"self":[{"href":"https:\/\/www.dmoz.fr\/tendances\/wp-json\/wp\/v2\/posts\/8238","targetHints":{"allow":["GET"]}}],"collection":[{"href":"https:\/\/www.dmoz.fr\/tendances\/wp-json\/wp\/v2\/posts"}],"about":[{"href":"https:\/\/www.dmoz.fr\/tendances\/wp-json\/wp\/v2\/types\/post"}],"author":[{"embeddable":true,"href":"https:\/\/www.dmoz.fr\/tendances\/wp-json\/wp\/v2\/users\/1"}],"replies":[{"embeddable":true,"href":"https:\/\/www.dmoz.fr\/tendances\/wp-json\/wp\/v2\/comments?post=8238"}],"version-history":[{"count":0,"href":"https:\/\/www.dmoz.fr\/tendances\/wp-json\/wp\/v2\/posts\/8238\/revisions"}],"wp:featuredmedia":[{"embeddable":true,"href":"https:\/\/www.dmoz.fr\/tendances\/wp-json\/wp\/v2\/media\/8239"}],"wp:attachment":[{"href":"https:\/\/www.dmoz.fr\/tendances\/wp-json\/wp\/v2\/media?parent=8238"}],"wp:term":[{"taxonomy":"category","embeddable":true,"href":"https:\/\/www.dmoz.fr\/tendances\/wp-json\/wp\/v2\/categories?post=8238"},{"taxonomy":"post_tag","embeddable":true,"href":"https:\/\/www.dmoz.fr\/tendances\/wp-json\/wp\/v2\/tags?post=8238"}],"curies":[{"name":"wp","href":"https:\/\/api.w.org\/{rel}","templated":true}]}}