{"id":8254,"date":"2025-09-05T22:09:35","date_gmt":"2025-09-05T21:09:35","guid":{"rendered":"https:\/\/www.dmoz.fr\/tendances\/evaux-les-bains\/"},"modified":"2025-09-05T22:09:35","modified_gmt":"2025-09-05T21:09:35","slug":"evaux-les-bains","status":"publish","type":"post","link":"https:\/\/www.dmoz.fr\/tendances\/evaux-les-bains\/","title":{"rendered":"D\u00e9couvrez les secrets cach\u00e9s d\u2019Evaux Les Bains : une escapade inoubliable"},"content":{"rendered":"<p><\/p>\n<div id='video-container' data-video-id='wVr-2YxHCEg' style='width:100%; height:auto; max-width:587px; position: relative;'>\n<div class='image-video-plugin' style='background:url(\"https:\/\/img.youtube.com\/vi\/wVr-2YxHCEg\/0.jpg\") center no-repeat; background-size: cover;'><\/div>\n<p>        <span class='youtube-play-button'><\/span><br \/>\n        <noscript><a href=\"https:\/\/www.youtube.com\/watch?v=wVr-2YxHCEg\" target=\"_blank\" rel=\"noopener\"><\/a><\/noscript>\n    <\/div>\n<p><\/p>\n<h2>Quelle cure \u00e0 Evaux-les-Bains ?<\/h2>\n<p>Ah, Evaux-les-Bains, cette perle thermale nich\u00e9e au c\u0153ur de la Creuse, o\u00f9 l\u2019eau chaude coule comme une promesse de bien-\u00eatre et o\u00f9 les curistes viennent se ressourcer depuis l\u2019\u00e9poque des Romains. Mais quelle cure choisir dans ce havre de paix ? <b>La cure thermale d\u2019Evaux-les-Bains<\/b> est r\u00e9put\u00e9e pour ses eaux riches en oligo-\u00e9l\u00e9ments et en min\u00e9raux, id\u00e9ales pour soulager les rhumatismes, les troubles des voies respiratoires et les affections dermatologiques. Que vous soyez adepte des bains bouillonnants, des douches enveloppantes ou des massages tonifiants, chaque soin est une invitation \u00e0 l\u00e2cher prise et \u00e0 retrouver une sant\u00e9 de fer. Et si vous vous demandez comment conjuguer d\u00e9tente et efficacit\u00e9, sachez que les programmes sont personnalis\u00e9s pour r\u00e9pondre \u00e0 vos besoins sp\u00e9cifiques, parce que, soyons honn\u00eates, on m\u00e9rite tous un peu de chouchoutage sur mesure.<\/p>\n<p>Mais Evaux-les-Bains, ce n\u2019est pas seulement une cure, c\u2019est une exp\u00e9rience. Imaginez-vous, apr\u00e8s une journ\u00e9e de soins, fl\u00e2ner dans le parc thermal, savourer un moment de lecture au bord de la rivi\u00e8re ou m\u00eame tester les activit\u00e9s bien-\u00eatre propos\u00e9es sur place. <b>Les cures thermales<\/b> ici sont con\u00e7ues pour allier sant\u00e9 et plaisir, parce que se soigner n\u2019a pas \u00e0 \u00eatre une corv\u00e9e. Et pour ceux qui cherchent \u00e0 optimiser leur s\u00e9jour, les forfaits incluent souvent des consultations m\u00e9dicales, des ateliers nutritionnels et m\u00eame des s\u00e9ances de relaxation. Alors, que vous veniez pour soulager des douleurs chroniques ou simplement pour vous offrir une parenth\u00e8se bien-\u00eatre, Evaux-les-Bains saura vous s\u00e9duire avec son charme intemporel et ses soins sur-mesure.<\/p>\n<p><h3>Vous avez des questions ? On a les r\u00e9ponses !<\/h3>\n<p><\/p>\n<ul><\/p>\n<li><b>Quels sont les bienfaits des eaux thermales d\u2019Evaux-les-Bains ?<\/b> Les eaux riches en sodium et en silice sont particuli\u00e8rement efficaces pour les rhumatismes, les affections respiratoires et les probl\u00e8mes de peau.<\/li>\n<p><\/p>\n<li><b>Combien de temps dure une cure classique ?<\/b> Une cure traditionnelle s\u2019\u00e9tend g\u00e9n\u00e9ralement sur 18 jours, mais des s\u00e9jours plus courts sont \u00e9galement propos\u00e9s pour ceux qui manquent de temps.<\/li>\n<p><\/p>\n<li><b>Peut-on venir en famille ?<\/b> Absolument ! Evaux-les-Bains propose des activit\u00e9s pour tous, m\u00eame si la cure thermale reste r\u00e9serv\u00e9e aux adultes.<\/li>\n<p><\/p>\n<li><b>Faut-il une prescription m\u00e9dicale pour une cure ?<\/b> Oui, une ordonnance est n\u00e9cessaire pour b\u00e9n\u00e9ficier des soins thermaux rembours\u00e9s par la S\u00e9curit\u00e9 sociale.<\/li>\n<p>\n<\/ul>\n<\/p>\n<h2>Combien d&rsquo;habitants compte \u00c9vaux-les-Bains ?<\/h2>\n<p><h2>Combien d&rsquo;habitants compte \u00c9vaux-les-Bains ?<\/h2>\n<p><\/p>\n<p>\u00c9vaux-les-Bains, cette charmante commune du d\u00e9partement de la Creuse, est loin d\u2019\u00eatre une m\u00e9tropole surpeupl\u00e9e. Avec une population oscillant autour de <strong>1 300 habitants<\/strong>, cette petite ville thermale respire la tranquillit\u00e9 et le charme rural. Si vous cherchez un endroit o\u00f9 les voisins se saluent, o\u00f9 les commer\u00e7ants connaissent votre pr\u00e9nom et o\u00f9 le stress semble s\u2019\u00e9vaporer comme la vapeur des sources thermales, vous \u00eates au bon endroit. Ce chiffre, bien qu\u2019il puisse para\u00eetre modeste, est le reflet d\u2019une communaut\u00e9 soud\u00e9e et d\u2019un art de vivre \u00e0 la fran\u00e7aise, o\u00f9 chaque habitant compte \u2013 litt\u00e9ralement.<\/p>\n<\/p>\n<p>Mais ne vous y trompez pas, derri\u00e8re ce nombre apparemment modeste se cache une richesse culturelle et historique impressionnante. \u00c9vaux-les-Bains, malgr\u00e9 sa taille, attire chaque ann\u00e9e des visiteurs venus profiter de ses thermes r\u00e9put\u00e9s et de son cadre naturel pr\u00e9serv\u00e9. Alors, si vous vous demandez si cette commune est assez grande pour vous accueillir, la r\u00e9ponse est un grand <b>\u00ab oui \u00bb<\/b>. Avec ses 1 300 \u00e2mes, elle offre un \u00e9quilibre parfait entre vie locale anim\u00e9e et tranquillit\u00e9, le tout saupoudr\u00e9 d\u2019une touche de charme creusois.<\/p>\n<p><h3>Vous avez des questions ? On a les r\u00e9ponses !<\/h3>\n<p><\/p>\n<ul><\/p>\n<li><b>Combien d\u2019habitants y a-t-il exactement \u00e0 \u00c9vaux-les-Bains ?<\/b> Environ 1 300 personnes, selon les derni\u00e8res donn\u00e9es officielles.<\/li>\n<p><\/p>\n<li><b>Est-ce que la population augmente ou diminue ?<\/b> Comme beaucoup de communes rurales, \u00c9vaux-les-Bains conna\u00eet une l\u00e9g\u00e8re baisse, mais son attractivit\u00e9 touristique lui permet de rester dynamique.<\/li>\n<p><\/p>\n<li><b>Est-ce une ville anim\u00e9e malgr\u00e9 sa petite taille ?<\/b> Absolument ! Entre les thermes, les \u00e9v\u00e9nements locaux et la vie associative, il y a toujours quelque chose \u00e0 faire.<\/li>\n<p>\n<\/ul>\n<\/p>\n<h2>Qui est le maire d&rsquo;Evaux-les-Bains ?<\/h2>\n<p>[aib_post_related url=&rsquo;\/tendances\/anne-sophie-alsif-wikipedia\/&rsquo; title=&rsquo;Anne sophie alsif : d\u00e9couvrez l&#039;incroyable parcours de cette personnalit\u00e9 fascinante sur Wikipedia !&rsquo; relatedtext=&rsquo;Vous pourriez \u00e9galement \u00eatre int\u00e9ress\u00e9 par:&rsquo;]<\/p>\n<p>\u00c0 Evaux-les-Bains, charmante commune nich\u00e9e au c\u0153ur de la Creuse, la mairie est dirig\u00e9e par <strong>Michel Moine<\/strong>, un homme dont le d\u00e9vouement pour sa ville est aussi chaud que les eaux thermales locales. \u00c9lu maire en 2020, ce digne repr\u00e9sentant de la d\u00e9mocratie locale porte fi\u00e8rement l\u2019\u00e9tendard de sa commune, jonglant entre r\u00e9unions, projets municipaux et sourires \u00e9chang\u00e9s sur le march\u00e9 du samedi. Avec un sens de l\u2019humour aussi p\u00e9tillant que le gaz de ses sources thermales, il sait allier s\u00e9rieux et convivialit\u00e9 pour le plus grand bonheur des \u00c9vahonais.<\/p>\n<p>[aib_post_related url=&rsquo;\/tendances\/erreur-e90-jacuzzi-intex\/&rsquo; title=&rsquo;Comment r\u00e9soudre l\u2019erreur e90 sur votre jacuzzi intex en quelques \u00e9tapes simples&rsquo; relatedtext=&rsquo;Vous pourriez \u00e9galement \u00eatre int\u00e9ress\u00e9 par:&rsquo;]<\/p>\n<p><b>Michel Moine<\/b> est bien plus qu\u2019un simple maire : c\u2019est un passionn\u00e9 de sa r\u00e9gion, un d\u00e9fenseur du patrimoine local et un fervent promoteur du tourisme thermal. Sous sa houlette, Evaux-les-Bains continue de briller, m\u00ealant tradition et modernit\u00e9. Que ce soit pour r\u00e9nover les infrastructures, dynamiser l\u2019\u00e9conomie locale ou pr\u00e9server l\u2019environnement, il met les bouch\u00e9es doubles (et parfois m\u00eame triples) pour que sa commune reste un joyau creusois.<\/p>\n<p>[aib_post_related url=&rsquo;\/tendances\/south-park-lannale-du-destin-solutions-et-anecdotes\/&rsquo; title=&rsquo;South Park, l&#039;annale du destin : solutions et anecdotes&rsquo; relatedtext=&rsquo;Vous pourriez \u00e9galement \u00eatre int\u00e9ress\u00e9 par:&rsquo;]<\/p>\n<h3>Questions qui br\u00fblent les l\u00e8vres sur le maire d\u2019Evaux-les-Bains<\/h3>\n<p><\/p>\n<ul><\/p>\n<li><b>Quel est le parcours de Michel Moine avant de devenir maire ?<\/b> Avant de prendre les r\u00eanes de la mairie, il a \u00e9t\u00e9 impliqu\u00e9 dans diverses associations locales et a acquis une solide exp\u00e9rience dans la gestion publique.<\/li>\n<p><\/p>\n<li><b>Quels sont ses projets phares pour Evaux-les-Bains ?<\/b> Parmi ses priorit\u00e9s : la r\u00e9novation des thermes, le d\u00e9veloppement du tourisme et la pr\u00e9servation du cadre de vie.<\/li>\n<p><\/p>\n<li><b>Est-il accessible aux habitants ?<\/b> Absolument ! Michel Moine est connu pour sa proximit\u00e9 avec les citoyens, qu\u2019il rencontre r\u00e9guli\u00e8rement lors d\u2019\u00e9v\u00e9nements ou en mairie.<\/li>\n<p>\n<\/ul><\/p>\n","protected":false},"excerpt":{"rendered":"<p>Quelle cure \u00e0 Evaux-les-Bains ? Ah, Evaux-les-Bains, cette perle thermale nich\u00e9e au c\u0153ur de la Creuse, o\u00f9 l\u2019eau chaude coule comme une promesse de bien-\u00eatre et o\u00f9 les curistes viennent se ressourcer depuis l\u2019\u00e9poque des Romains. Mais quelle cure choisir dans ce havre de paix ? La cure thermale d\u2019Evaux-les-Bains est r\u00e9put\u00e9e pour ses eaux&#8230;<\/p>\n","protected":false},"author":1,"featured_media":8255,"comment_status":"open","ping_status":"","sticky":false,"template":"","format":"standard","meta":{"_kad_post_transparent":"","_kad_post_title":"","_kad_post_layout":"","_kad_post_sidebar_id":"","_kad_post_content_style":"","_kad_post_vertical_padding":"","_kad_post_feature":"","_kad_post_feature_position":"","_kad_post_header":false,"_kad_post_footer":false,"_kad_post_classname":"","iawp_total_views":1,"footnotes":""},"categories":[1],"tags":[],"class_list":["post-8254","post","type-post","status-publish","format-standard","has-post-thumbnail","hentry","category-actualites"],"_links":{"self":[{"href":"https:\/\/www.dmoz.fr\/tendances\/wp-json\/wp\/v2\/posts\/8254","targetHints":{"allow":["GET"]}}],"collection":[{"href":"https:\/\/www.dmoz.fr\/tendances\/wp-json\/wp\/v2\/posts"}],"about":[{"href":"https:\/\/www.dmoz.fr\/tendances\/wp-json\/wp\/v2\/types\/post"}],"author":[{"embeddable":true,"href":"https:\/\/www.dmoz.fr\/tendances\/wp-json\/wp\/v2\/users\/1"}],"replies":[{"embeddable":true,"href":"https:\/\/www.dmoz.fr\/tendances\/wp-json\/wp\/v2\/comments?post=8254"}],"version-history":[{"count":0,"href":"https:\/\/www.dmoz.fr\/tendances\/wp-json\/wp\/v2\/posts\/8254\/revisions"}],"wp:featuredmedia":[{"embeddable":true,"href":"https:\/\/www.dmoz.fr\/tendances\/wp-json\/wp\/v2\/media\/8255"}],"wp:attachment":[{"href":"https:\/\/www.dmoz.fr\/tendances\/wp-json\/wp\/v2\/media?parent=8254"}],"wp:term":[{"taxonomy":"category","embeddable":true,"href":"https:\/\/www.dmoz.fr\/tendances\/wp-json\/wp\/v2\/categories?post=8254"},{"taxonomy":"post_tag","embeddable":true,"href":"https:\/\/www.dmoz.fr\/tendances\/wp-json\/wp\/v2\/tags?post=8254"}],"curies":[{"name":"wp","href":"https:\/\/api.w.org\/{rel}","templated":true}]}}