{"id":8316,"date":"2025-09-07T06:00:49","date_gmt":"2025-09-07T05:00:49","guid":{"rendered":"https:\/\/www.dmoz.fr\/tendances\/fete-des-petite-copine-2023\/"},"modified":"2025-09-07T06:00:49","modified_gmt":"2025-09-07T05:00:49","slug":"fete-des-petite-copine-2023","status":"publish","type":"post","link":"https:\/\/www.dmoz.fr\/tendances\/fete-des-petite-copine-2023\/","title":{"rendered":"Id\u00e9es inoubliables pour la f\u00eate des petite copine 2023"},"content":{"rendered":"<p><\/p>\n<div id='video-container' data-video-id='sENzCDfFkT4' style='width:100%; height:auto; max-width:587px; position: relative;'>\n<div class='image-video-plugin' style='background:url(\"https:\/\/img.youtube.com\/vi\/sENzCDfFkT4\/0.jpg\") center no-repeat; background-size: cover;'><\/div>\n<p>        <span class='youtube-play-button'><\/span><br \/>\n        <noscript><a href=\"https:\/\/www.youtube.com\/watch?v=sENzCDfFkT4\" target=\"_blank\" rel=\"noopener\"><\/a><\/noscript>\n    <\/div>\n<p><\/p>\n<p><h2>Quand est la journ\u00e9e de la petite copine ?<\/h2>\n<p><\/p>\n<p>Ah, la journ\u00e9e de la petite copine ! Cette c\u00e9l\u00e9bration aussi myst\u00e9rieuse qu\u2019adorable, qui fait sourire les amoureux et grincer des dents les c\u00e9libataires. <strong>Contrairement \u00e0 la Saint-Valentin<\/strong>, cette journ\u00e9e ne suit pas un calendrier universel. En r\u00e9alit\u00e9, elle est souvent fix\u00e9e par les couples eux-m\u00eames, comme une date anniversaire de leur relation ou un moment symbolique. Certains la c\u00e9l\u00e8brent le jour de leur premier rendez-vous, d\u2019autres le jour o\u00f9 ils se sont dit \u00ab je t\u2019aime \u00bb pour la premi\u00e8re fois. C\u2019est donc une f\u00eate <strong>100% personnalis\u00e9e<\/strong>, qui prouve que l\u2019amour n\u2019a pas besoin de r\u00e8gles pour briller.<\/p>\n<\/p>\n<p>Si vous cherchez une date officielle, vous risquez de tourner en rond. <b>Pas de panique !<\/b> L\u2019essentiel est de marquer le coup avec cr\u00e9ativit\u00e9 et tendresse. Un petit cadeau, une attention sp\u00e9ciale, ou m\u00eame une journ\u00e9e rien qu\u2019\u00e0 deux suffisent \u00e0 faire de cette date un souvenir inoubliable. Et si vous n\u2019avez pas encore de \u00ab journ\u00e9e de la petite copine \u00bb, pourquoi ne pas en cr\u00e9er une ? Apr\u00e8s tout, l\u2019amour est une aventure, et chaque couple a le droit d\u2019\u00e9crire son propre sc\u00e9nario. <b>Alors, \u00e0 vos agendas, pr\u00eats, c\u00e9l\u00e9brez !<\/b><\/p>\n<p><h3>Questions fr\u00e9quentes sur la journ\u00e9e de la petite copine<\/h3>\n<p><\/p>\n<ul><\/p>\n<li><b>Est-ce que la journ\u00e9e de la petite copine a une date fixe ?<\/b> Non, c\u2019est une date personnalis\u00e9e choisie par chaque couple.<\/li>\n<p><\/p>\n<li><b>Comment choisir la date id\u00e9ale ?<\/b> Optez pour un moment symbolique, comme votre premier baiser ou votre anniversaire de couple.<\/li>\n<p><\/p>\n<li><b>Que faire pour c\u00e9l\u00e9brer cette journ\u00e9e ?<\/b> Un cadeau, une sortie romantique ou simplement du temps de qualit\u00e9 feront l\u2019affaire.<\/li>\n<p><\/p>\n<li><b>Et si on n\u2019a jamais c\u00e9l\u00e9br\u00e9 cette journ\u00e9e ?<\/b> Il n\u2019est jamais trop tard pour cr\u00e9er une nouvelle tradition amoureuse !<\/li>\n<p>\n<\/ul>\n<\/p>\n<h2>Quelle est la date de la f\u00eate du petit ami ?<\/h2>\n<p>Ah, la fameuse f\u00eate du petit ami ! Cette journ\u00e9e tant attendue o\u00f9 les amoureux c\u00e9l\u00e8brent leur moiti\u00e9 avec plus d\u2019enthousiasme que lors d\u2019un Black Friday chez un marchand de chocolats. Mais attention, ne confondez pas cette date avec celle de la Saint-Valentin, sinon vous risquez de finir sur le canap\u00e9\u2026 ou pire, sur Tinder. Alors, <strong>quelle est la date exacte<\/strong> ? La f\u00eate du petit ami, \u00e9galement connue sous le nom de &ldquo;Boyfriend\u2019s Day&rdquo;, tombe le <strong>3 octobre<\/strong>. Oui, vous avez bien lu, le 3 octobre ! Une date \u00e0 marquer d\u2019une pierre blanche (ou d\u2019un c\u0153ur rouge) dans votre agenda, histoire de ne pas l\u2019oublier sous peine de devoir offrir un cadeau de rattrapage digne d\u2019un tr\u00e9sor de pirate.<\/p>\n<p>Mais pourquoi le 3 octobre, me direz-vous ? Eh bien, personne ne le sait vraiment. C\u2019est un peu comme savoir pourquoi les chaussettes disparaissent dans la machine \u00e0 laver : un myst\u00e8re universel. Ce qui est s\u00fbr, c\u2019est que cette journ\u00e9e est l\u2019occasion parfaite pour c\u00e9l\u00e9brer votre moiti\u00e9 avec des attentions sp\u00e9ciales. <strong>Un petit-d\u00e9jeuner au lit<\/strong>, <strong>un mot doux<\/strong>, ou m\u00eame <strong>un cadeau original<\/strong> (\u00e9vitez les chaussettes, \u00e0 moins qu\u2019elles soient magiques) feront de cette journ\u00e9e un moment inoubliable. Et si vous \u00eates c\u00e9libataire, pas de panique : vous pouvez toujours c\u00e9l\u00e9brer votre meilleur ami ou votre chat. Apr\u00e8s tout, l\u2019amour sous toutes ses formes m\u00e9rite d\u2019\u00eatre f\u00eat\u00e9 !<\/p>\n<p>[aib_post_related url=&rsquo;\/tendances\/rabanne-community-fr-explorez-lunivers-et-les-actualites-de-la-marque\/&rsquo; title=&rsquo;Rabanne Community FR : explorez l&#039;univers et les actualit\u00e9s de la marque&rsquo; relatedtext=&rsquo;Vous pourriez \u00e9galement \u00eatre int\u00e9ress\u00e9 par:&rsquo;]<\/p>\n<p><h3>Questions Br\u00fblantes sur la F\u00eate du Petit Ami<\/h3>\n<p><\/p>\n<ul><\/p>\n<li><b>Pourquoi le 3 octobre ?<\/b> Parce que c\u2019est comme \u00e7a. On ne discute pas, on c\u00e9l\u00e8bre !<\/li>\n<p><\/p>\n<li><b>Et si j\u2019oublie la date ?<\/b> Pr\u00e9parez-vous \u00e0 faire preuve de cr\u00e9ativit\u00e9 pour vous rattraper. Un voyage surprise, peut-\u00eatre ?<\/li>\n<p><\/p>\n<li><b>Est-ce une f\u00eate internationale ?<\/b> Oui, mais elle est surtout populaire dans les pays anglophones. En France, on commence \u00e0 l\u2019adopter, alors soyez pionnier !<\/li>\n<p><\/p>\n<li><b>Que faire si je n\u2019ai pas de petit ami ?<\/b> F\u00eatez-vous vous-m\u00eame, votre meilleur ami, ou votre animal de compagnie. L\u2019amour, c\u2019est partout !<\/li>\n<p>\n<\/ul>\n<\/p>\n<h2>Quelle est la journ\u00e9e du 1er ao\u00fbt ?<\/h2>\n<p>Le 1er ao\u00fbt, c\u2019est un peu comme le jour o\u00f9 la Suisse sort son couteau suisse : <b>tout est possible<\/b>, mais surtout, c\u2019est la <strong>F\u00eate nationale suisse<\/strong> ! Cette journ\u00e9e, aussi appel\u00e9e &ldquo;F\u00eate de la Conf\u00e9d\u00e9ration&rdquo;, c\u00e9l\u00e8bre la naissance de la Suisse en 1291, lorsque trois cantons (Uri, Schwyz et Unterwald) ont sign\u00e9 un pacte d\u2019alliance. Imaginez un peu : trois amis d\u00e9cident de se serrer les coudes contre les m\u00e9chants voisins, et hop, un pays est n\u00e9. Depuis 1891, cette date est officiellement f\u00eat\u00e9e, et depuis 1994, c\u2019est m\u00eame un jour f\u00e9ri\u00e9. Alors, entre feux d\u2019artifice, drapeaux aux fen\u00eatres et saucisses grill\u00e9es, les Suisses savent y mettre du c\u0153ur (et du fromage) !<\/p>\n<p>Mais attention, le 1er ao\u00fbt n\u2019est pas qu\u2019une affaire de montagnes et de yodleurs. C\u2019est aussi un moment de r\u00e9flexion sur l\u2019identit\u00e9 helv\u00e9tique, un m\u00e9lange unique de traditions, de neutralit\u00e9 et de pr\u00e9cision horlog\u00e8re. Les discours officiels rappellent les valeurs de libert\u00e9, de d\u00e9mocratie et de solidarit\u00e9, tandis que les enfants d\u00e9filent avec des lanternes en papier. En somme, c\u2019est une journ\u00e9e o\u00f9 la Suisse se raconte, se c\u00e9l\u00e8bre et, surtout, se r\u00e9gale. Parce que oui, m\u00eame dans un pays r\u00e9put\u00e9 pour sa rigueur, on sait faire la f\u00eate !<\/p>\n<p>[aib_post_related url=&rsquo;\/tendances\/calendrier-f1-telecharger\/&rsquo; title=&rsquo;Calendrier F1 \u00e0 t\u00e9l\u00e9charger : ne ratez aucune course cette saison !&rsquo; relatedtext=&rsquo;Vous pourriez \u00e9galement \u00eatre int\u00e9ress\u00e9 par:&rsquo;]<\/p>\n<h3>Vous vous posez des questions sur le 1er ao\u00fbt ? On a les r\u00e9ponses !<\/h3>\n<ul>\n<li><b>Pourquoi le 1er ao\u00fbt est-il si important en Suisse ?<\/b> Parce que c\u2019est le jour o\u00f9 tout a commenc\u00e9 : le pacte de 1291 marque la fondation de la Conf\u00e9d\u00e9ration helv\u00e9tique.<\/li>\n<li><b>Comment les Suisses c\u00e9l\u00e8brent-ils cette journ\u00e9e ?<\/b> Avec des feux d\u2019artifice, des discours, des d\u00e9fil\u00e9s et, bien s\u00fbr, des repas typiques comme la raclette ou la fondue.<\/li>\n<li><b>Le 1er ao\u00fbt est-il f\u00e9ri\u00e9 partout en Suisse ?<\/b> Oui, depuis 1994, c\u2019est un jour f\u00e9ri\u00e9 dans tout le pays, m\u00eame si certaines r\u00e9gions ont leurs propres traditions.<\/li>\n<\/ul>\n<p>[aib_post_related url=&rsquo;\/tendances\/mon-espace-immo-particuliers-fr\/&rsquo; title=&rsquo;Mon espace Immo Particuliers Fr : d\u00e9couvrez l\u2019outil qui simplifie vos transactions immobili\u00e8res&rsquo; relatedtext=&rsquo;Vous pourriez \u00e9galement \u00eatre int\u00e9ress\u00e9 par:&rsquo;]<\/p>\n<h2>Quand est la f\u00eate nationale de la petite amie ?<\/h2>\n<p>Ah, la fameuse question qui fait trembler les c\u0153urs et grincer les agendas : <strong>\u00ab Quand est la f\u00eate nationale de la petite amie ? \u00bb<\/strong> Ne vous inqui\u00e9tez pas, vous n\u2019\u00eates pas seul \u00e0 chercher cette date sacr\u00e9e dans le calendrier des amoureux. En r\u00e9alit\u00e9, il n\u2019existe pas de <strong>\u00ab f\u00eate nationale de la petite amie \u00bb<\/strong> officielle, mais cela ne signifie pas que vous ne pouvez pas en inventer une ! Apr\u00e8s tout, chaque relation m\u00e9rite son propre jour de c\u00e9l\u00e9bration, un moment o\u00f9 l\u2019on peut se souvenir pourquoi on a choisi de partager sa vie avec cette personne si sp\u00e9ciale. Alors, pourquoi ne pas fixer cette date \u00e0 l\u2019anniversaire de votre premier rendez-vous, ou au jour o\u00f9 vous avez prononc\u00e9 ces trois petits mots magiques ? L\u2019important, c\u2019est de marquer le coup avec originalit\u00e9 et amour.<\/p>\n<p><b>Attention, messieurs (et mesdames), la pression est r\u00e9elle !<\/b> Si vous oubliez cette date, vous risquez de passer du statut de \u00ab petit ami mod\u00e8le \u00bb \u00e0 celui de \u00ab personne \u00e0 qui on rappelle son anniversaire de mariage trois fois par semaine \u00bb. Alors, notez-la dans votre t\u00e9l\u00e9phone, inscrivez-la en gros sur votre frigo, tatouez-la sur votre avant-bras si n\u00e9cessaire (bon, peut-\u00eatre pas). Et si vous \u00eates du genre \u00e0 procrastiner, sachez qu\u2019il existe des applis pour vous rappeler les dates importantes. Parce que, soyons honn\u00eates, personne n\u2019a envie de dormir sur le canap\u00e9 pour avoir oubli\u00e9 la \u00ab f\u00eate nationale de la petite amie \u00bb.<\/p>\n<p><h3>Questions que vous n\u2019osiez pas poser (mais que vous devriez)<\/h3>\n<ul>\n<li><b>Et si je n\u2019ai pas de petite amie ?<\/b> Pas de panique ! Vous pouvez toujours c\u00e9l\u00e9brer la f\u00eate nationale des amis, des chiens, ou m\u00eame des pizzas. L\u2019amour, sous toutes ses formes, m\u00e9rite d\u2019\u00eatre f\u00eat\u00e9.<\/li>\n<li><b>Dois-je vraiment organiser une f\u00eate ?<\/b> Pas besoin d\u2019un feu d\u2019artifice ou d\u2019un orchestre symphonique. Un petit geste attentionn\u00e9, comme un bouquet de fleurs ou un d\u00eener aux chandelles, peut suffire \u00e0 faire des \u00e9tincelles.<\/li>\n<li><b>Et si je n\u2019ai aucune id\u00e9e de la date ?<\/b> Faites preuve de cr\u00e9ativit\u00e9 ! Choisissez une date qui a du sens pour vous deux, et faites-en une tradition annuelle. Apr\u00e8s tout, l\u2019amour, c\u2019est aussi savoir improviser.<\/li>\n<\/ul>\n","protected":false},"excerpt":{"rendered":"<p>Quand est la journ\u00e9e de la petite copine ? Ah, la journ\u00e9e de la petite copine ! Cette c\u00e9l\u00e9bration aussi myst\u00e9rieuse qu\u2019adorable, qui fait sourire les amoureux et grincer des dents les c\u00e9libataires. Contrairement \u00e0 la Saint-Valentin, cette journ\u00e9e ne suit pas un calendrier universel. En r\u00e9alit\u00e9, elle est souvent fix\u00e9e par les couples eux-m\u00eames,&#8230;<\/p>\n","protected":false},"author":1,"featured_media":8317,"comment_status":"open","ping_status":"","sticky":false,"template":"","format":"standard","meta":{"_kad_post_transparent":"","_kad_post_title":"","_kad_post_layout":"","_kad_post_sidebar_id":"","_kad_post_content_style":"","_kad_post_vertical_padding":"","_kad_post_feature":"","_kad_post_feature_position":"","_kad_post_header":false,"_kad_post_footer":false,"_kad_post_classname":"","iawp_total_views":0,"footnotes":""},"categories":[1],"tags":[],"class_list":["post-8316","post","type-post","status-publish","format-standard","has-post-thumbnail","hentry","category-actualites"],"_links":{"self":[{"href":"https:\/\/www.dmoz.fr\/tendances\/wp-json\/wp\/v2\/posts\/8316","targetHints":{"allow":["GET"]}}],"collection":[{"href":"https:\/\/www.dmoz.fr\/tendances\/wp-json\/wp\/v2\/posts"}],"about":[{"href":"https:\/\/www.dmoz.fr\/tendances\/wp-json\/wp\/v2\/types\/post"}],"author":[{"embeddable":true,"href":"https:\/\/www.dmoz.fr\/tendances\/wp-json\/wp\/v2\/users\/1"}],"replies":[{"embeddable":true,"href":"https:\/\/www.dmoz.fr\/tendances\/wp-json\/wp\/v2\/comments?post=8316"}],"version-history":[{"count":0,"href":"https:\/\/www.dmoz.fr\/tendances\/wp-json\/wp\/v2\/posts\/8316\/revisions"}],"wp:featuredmedia":[{"embeddable":true,"href":"https:\/\/www.dmoz.fr\/tendances\/wp-json\/wp\/v2\/media\/8317"}],"wp:attachment":[{"href":"https:\/\/www.dmoz.fr\/tendances\/wp-json\/wp\/v2\/media?parent=8316"}],"wp:term":[{"taxonomy":"category","embeddable":true,"href":"https:\/\/www.dmoz.fr\/tendances\/wp-json\/wp\/v2\/categories?post=8316"},{"taxonomy":"post_tag","embeddable":true,"href":"https:\/\/www.dmoz.fr\/tendances\/wp-json\/wp\/v2\/tags?post=8316"}],"curies":[{"name":"wp","href":"https:\/\/api.w.org\/{rel}","templated":true}]}}