{"id":8427,"date":"2025-10-07T22:31:44","date_gmt":"2025-10-07T21:31:44","guid":{"rendered":"https:\/\/www.dmoz.fr\/tendances\/covid-variant-frankenstein-symptomes-duree-et-traitements-actuels-2\/"},"modified":"2025-10-07T22:31:44","modified_gmt":"2025-10-07T21:31:44","slug":"covid-variant-frankenstein-symptomes-duree-et-traitements-actuels-2","status":"publish","type":"post","link":"https:\/\/www.dmoz.fr\/tendances\/covid-variant-frankenstein-symptomes-duree-et-traitements-actuels-2\/","title":{"rendered":"Covid variant frankenstein : sympt\u00f4mes dur\u00e9e et traitements actuels"},"content":{"rendered":"<p><\/p>\n<div id='video-container' data-video-id='0egIyCsWWns' style='width:100%; height:auto; max-width:587px; position: relative;'>\n<div class='image-video-plugin' style='background:url(\"https:\/\/img.youtube.com\/vi\/0egIyCsWWns\/0.jpg\") center no-repeat; background-size: cover;'><\/div>\n<p>        <span class='youtube-play-button'><\/span><br \/>\n        <noscript><a href=\"https:\/\/www.youtube.com\/watch?v=0egIyCsWWns\" target=\"_blank\" rel=\"noopener\"><\/a><\/noscript>\n    <\/div>\n<p><\/p>\n<h2>Covid variant frankenstein : sympt\u00f4mes dur\u00e9e et traitements actuels<\/h2>\n<p>Le variant Frankenstein, \u00e9galement appel\u00e9 XBB.1.5, a \u00e9t\u00e9 identifi\u00e9 pour la premi\u00e8re fois en octobre 2022 aux \u00c9tats-Unis et s&rsquo;est rapidement propag\u00e9 dans plusieurs pays, notamment au Royaume-Uni, en France et en Inde. Ce sous-lignage d&rsquo;Omicron pr\u00e9sente une forte transmissibilit\u00e9 et une capacit\u00e9 accrue \u00e0 \u00e9chapper \u00e0 l&rsquo;immunit\u00e9 acquise par vaccination ou infection ant\u00e9rieure. Les sympt\u00f4mes courants incluent fi\u00e8vre, toux, fatigue, maux de gorge et congestion nasale, avec des cas rapport\u00e9s de troubles gastro-intestinaux. La dur\u00e9e des sympt\u00f4mes varie g\u00e9n\u00e9ralement entre 5 et 10 jours, bien que certains patients, notamment les personnes \u00e2g\u00e9es ou immunod\u00e9prim\u00e9es, puissent ressentir des effets prolong\u00e9s.<\/p>\n<p>Les traitements actuels reposent sur des antiviraux comme le Paxlovid (nirmatrelvir\/ritonavir) et le remdesivir, approuv\u00e9s par la FDA et l&rsquo;EMA. Les anticorps monoclonaux, tels que le bebt\u00e9lovimab, ont montr\u00e9 une efficacit\u00e9 r\u00e9duite face \u00e0 ce variant. L&rsquo;Organisation mondiale de la sant\u00e9 (OMS) recommande de maintenir les mesures de pr\u00e9vention, notamment la vaccination avec des rappels adapt\u00e9s, comme le vaccin bivalent Pfizer-BioNTech ou Moderna. Les tests PCR et antig\u00e9niques restent efficaces pour d\u00e9tecter l&rsquo;infection, mais les autorit\u00e9s sanitaires insistent sur l&rsquo;importance de l&rsquo;isolement en cas de r\u00e9sultat positif.<\/p>\n<p>[aib_post_related url=&rsquo;\/tendances\/ent77\/&rsquo; title=&rsquo;Ent77 : le secret bien gard\u00e9 qui pourrait transformer votre quotidien !&rsquo; relatedtext=&rsquo;Vous pourriez \u00e9galement \u00eatre int\u00e9ress\u00e9 par:&rsquo;]<\/p>\n<h3>Questions cl\u00e9s sur le variant Frankenstein<\/h3>\n<p><\/p>\n<ul><\/p>\n<li><strong>Quels sont les groupes les plus \u00e0 risque face au variant Frankenstein ?<\/strong><br \/>Les personnes \u00e2g\u00e9es, immunod\u00e9prim\u00e9es ou souffrant de comorbidit\u00e9s (diab\u00e8te, maladies cardiovasculaires) pr\u00e9sentent un risque accru de complications.<\/li>\n<p><\/p>\n<li><strong>Les vaccins actuels sont-ils efficaces contre ce variant ?<\/strong><br \/>Les vaccins bivalents, comme ceux de Pfizer-BioNTech et Moderna, offrent une protection renforc\u00e9e contre les formes graves, bien que l&rsquo;efficacit\u00e9 contre l&rsquo;infection soit moindre.<\/li>\n<p><\/p>\n<li><strong>Existe-t-il des traitements sp\u00e9cifiques pour ce variant ?<\/strong><br \/>Les antiviraux comme le Paxlovid et le remdesivir sont recommand\u00e9s, mais certains anticorps monoclonaux ont une efficacit\u00e9 limit\u00e9e.<\/li>\n<p>\n<\/ul><\/p>\n","protected":false},"excerpt":{"rendered":"<p>Covid variant frankenstein : sympt\u00f4mes dur\u00e9e et traitements actuels Le variant Frankenstein, \u00e9galement appel\u00e9 XBB.1.5, a \u00e9t\u00e9 identifi\u00e9 pour la premi\u00e8re fois en octobre 2022 aux \u00c9tats-Unis et s&rsquo;est rapidement propag\u00e9 dans plusieurs pays, notamment au Royaume-Uni, en France et en Inde. Ce sous-lignage d&rsquo;Omicron pr\u00e9sente une forte transmissibilit\u00e9 et une capacit\u00e9 accrue \u00e0 \u00e9chapper&#8230;<\/p>\n","protected":false},"author":1,"featured_media":8428,"comment_status":"open","ping_status":"","sticky":false,"template":"","format":"standard","meta":{"_kad_post_transparent":"","_kad_post_title":"","_kad_post_layout":"","_kad_post_sidebar_id":"","_kad_post_content_style":"","_kad_post_vertical_padding":"","_kad_post_feature":"","_kad_post_feature_position":"","_kad_post_header":false,"_kad_post_footer":false,"_kad_post_classname":"","iawp_total_views":34,"footnotes":""},"categories":[1],"tags":[],"class_list":["post-8427","post","type-post","status-publish","format-standard","has-post-thumbnail","hentry","category-actualites"],"_links":{"self":[{"href":"https:\/\/www.dmoz.fr\/tendances\/wp-json\/wp\/v2\/posts\/8427","targetHints":{"allow":["GET"]}}],"collection":[{"href":"https:\/\/www.dmoz.fr\/tendances\/wp-json\/wp\/v2\/posts"}],"about":[{"href":"https:\/\/www.dmoz.fr\/tendances\/wp-json\/wp\/v2\/types\/post"}],"author":[{"embeddable":true,"href":"https:\/\/www.dmoz.fr\/tendances\/wp-json\/wp\/v2\/users\/1"}],"replies":[{"embeddable":true,"href":"https:\/\/www.dmoz.fr\/tendances\/wp-json\/wp\/v2\/comments?post=8427"}],"version-history":[{"count":0,"href":"https:\/\/www.dmoz.fr\/tendances\/wp-json\/wp\/v2\/posts\/8427\/revisions"}],"wp:featuredmedia":[{"embeddable":true,"href":"https:\/\/www.dmoz.fr\/tendances\/wp-json\/wp\/v2\/media\/8428"}],"wp:attachment":[{"href":"https:\/\/www.dmoz.fr\/tendances\/wp-json\/wp\/v2\/media?parent=8427"}],"wp:term":[{"taxonomy":"category","embeddable":true,"href":"https:\/\/www.dmoz.fr\/tendances\/wp-json\/wp\/v2\/categories?post=8427"},{"taxonomy":"post_tag","embeddable":true,"href":"https:\/\/www.dmoz.fr\/tendances\/wp-json\/wp\/v2\/tags?post=8427"}],"curies":[{"name":"wp","href":"https:\/\/api.w.org\/{rel}","templated":true}]}}