{"id":8432,"date":"2025-10-08T00:02:48","date_gmt":"2025-10-07T23:02:48","guid":{"rendered":"https:\/\/www.dmoz.fr\/tendances\/michele-torr-qui-sont-les-hommes-qui-ont-partage-sa-vie\/"},"modified":"2025-10-08T00:02:48","modified_gmt":"2025-10-07T23:02:48","slug":"michele-torr-qui-sont-les-hommes-qui-ont-partage-sa-vie","status":"publish","type":"post","link":"https:\/\/www.dmoz.fr\/tendances\/michele-torr-qui-sont-les-hommes-qui-ont-partage-sa-vie\/","title":{"rendered":"Mich\u00e8le Torr : qui sont les hommes qui ont partag\u00e9 sa vie"},"content":{"rendered":"<p><\/p>\n<div id='video-container' data-video-id='MUCLAkOXxqA' style='width:100%; height:auto; max-width:587px; position: relative;'>\n<div class='image-video-plugin' style='background:url(\"https:\/\/img.youtube.com\/vi\/MUCLAkOXxqA\/0.jpg\") center no-repeat; background-size: cover;'><\/div>\n<p>        <span class='youtube-play-button'><\/span><br \/>\n        <noscript><a href=\"https:\/\/www.youtube.com\/watch?v=MUCLAkOXxqA\" target=\"_blank\" rel=\"noopener\"><\/a><\/noscript>\n    <\/div>\n<p><\/p>\n<h2>Mich\u00e8le Torr : qui sont les hommes qui ont partag\u00e9 sa vie<\/h2>\n<p>Mich\u00e8le Torr, n\u00e9e le 7 avril 1947 \u00e0 Pertuis, dans le Vaucluse, a partag\u00e9 sa vie avec plusieurs hommes marquants. Son premier mariage, en 1966, l\u2019unit \u00e0 l\u2019homme d\u2019affaires Jean-Pierre Talon, avec qui elle a eu son fils, Jean-Baptiste, en 1968. Le couple divorce en 1971, apr\u00e8s cinq ans de mariage. En 1973, elle \u00e9pouse le chanteur et compositeur G\u00e9rard Layani, avec qui elle collabore artistiquement sur plusieurs titres, dont <em>&ldquo;Emm\u00e8ne-moi danser ce soir&rdquo;<\/em> (1974). Leur union prend fin en 1980, mais ils continuent \u00e0 travailler ensemble professionnellement. En 1982, elle rencontre le producteur et manager Claude Figus, qui devient son compagnon jusqu\u2019\u00e0 sa mort en 2002. Figus a jou\u00e9 un r\u00f4le cl\u00e9 dans sa carri\u00e8re, notamment en produisant certains de ses albums.<\/p>\n<p>Apr\u00e8s la disparition de Claude Figus, Mich\u00e8le Torr entame une relation avec le r\u00e9alisateur et sc\u00e9nariste Jean-Luc Azoulay, connu pour son travail sur la s\u00e9rie <em>&ldquo;H\u00e9l\u00e8ne et les Gar\u00e7ons&rdquo;<\/em>. Leur collaboration artistique et personnelle dure plusieurs ann\u00e9es, bien que leur relation reste discr\u00e8te. Par la suite, elle se rapproche de l\u2019homme d\u2019affaires et producteur Jean-Pierre Pasqualini, avec qui elle partage sa vie pendant une d\u00e9cennie, jusqu\u2019en 2018. Ces diff\u00e9rentes relations ont influenc\u00e9 \u00e0 la fois sa carri\u00e8re et sa vie personnelle, marqu\u00e9es par des collaborations artistiques et des soutiens professionnels significatifs.<\/p>\n<p>[aib_post_related url=&rsquo;\/tendances\/destin-latin-en-5-lettres\/&rsquo; title=&rsquo;D\u00e9couvrez le myst\u00e8re du destin latin en 5 lettres !&rsquo; relatedtext=&rsquo;Vous pourriez \u00e9galement \u00eatre int\u00e9ress\u00e9 par:&rsquo;]<\/p>\n<h3>Questions fr\u00e9quentes sur les hommes de la vie de Mich\u00e8le Torr<\/h3>\n<ul>\n<li><strong>Qui \u00e9tait le premier mari de Mich\u00e8le Torr ?<\/strong><br \/>Jean-Pierre Talon, un homme d\u2019affaires, a \u00e9t\u00e9 le premier mari de Mich\u00e8le Torr. Ils se sont mari\u00e9s en 1966 et ont divorc\u00e9 en 1971.<\/li>\n<li><strong>Quel r\u00f4le Claude Figus a-t-il jou\u00e9 dans la vie de Mich\u00e8le Torr ?<\/strong><br \/>Claude Figus a \u00e9t\u00e9 son compagnon de 1982 jusqu\u2019\u00e0 sa mort en 2002. Il a \u00e9galement \u00e9t\u00e9 son producteur et manager, influen\u00e7ant significativement sa carri\u00e8re.<\/li>\n<li><strong>Avec qui Mich\u00e8le Torr a-t-elle collabor\u00e9 apr\u00e8s la mort de Claude Figus ?<\/strong><br \/>Apr\u00e8s Claude Figus, Mich\u00e8le Torr a eu une relation avec Jean-Luc Azoulay, r\u00e9alisateur et sc\u00e9nariste, et plus tard avec Jean-Pierre Pasqualini, un homme d\u2019affaires et producteur.<\/li>\n<\/ul>\n","protected":false},"excerpt":{"rendered":"<p>Mich\u00e8le Torr : qui sont les hommes qui ont partag\u00e9 sa vie Mich\u00e8le Torr, n\u00e9e le 7 avril 1947 \u00e0 Pertuis, dans le Vaucluse, a partag\u00e9 sa vie avec plusieurs hommes marquants. Son premier mariage, en 1966, l\u2019unit \u00e0 l\u2019homme d\u2019affaires Jean-Pierre Talon, avec qui elle a eu son fils, Jean-Baptiste, en 1968. Le couple&#8230;<\/p>\n","protected":false},"author":1,"featured_media":8433,"comment_status":"open","ping_status":"","sticky":false,"template":"","format":"standard","meta":{"_kad_post_transparent":"","_kad_post_title":"","_kad_post_layout":"","_kad_post_sidebar_id":"","_kad_post_content_style":"","_kad_post_vertical_padding":"","_kad_post_feature":"","_kad_post_feature_position":"","_kad_post_header":false,"_kad_post_footer":false,"_kad_post_classname":"","iawp_total_views":1,"footnotes":""},"categories":[1],"tags":[],"class_list":["post-8432","post","type-post","status-publish","format-standard","has-post-thumbnail","hentry","category-actualites"],"_links":{"self":[{"href":"https:\/\/www.dmoz.fr\/tendances\/wp-json\/wp\/v2\/posts\/8432","targetHints":{"allow":["GET"]}}],"collection":[{"href":"https:\/\/www.dmoz.fr\/tendances\/wp-json\/wp\/v2\/posts"}],"about":[{"href":"https:\/\/www.dmoz.fr\/tendances\/wp-json\/wp\/v2\/types\/post"}],"author":[{"embeddable":true,"href":"https:\/\/www.dmoz.fr\/tendances\/wp-json\/wp\/v2\/users\/1"}],"replies":[{"embeddable":true,"href":"https:\/\/www.dmoz.fr\/tendances\/wp-json\/wp\/v2\/comments?post=8432"}],"version-history":[{"count":0,"href":"https:\/\/www.dmoz.fr\/tendances\/wp-json\/wp\/v2\/posts\/8432\/revisions"}],"wp:featuredmedia":[{"embeddable":true,"href":"https:\/\/www.dmoz.fr\/tendances\/wp-json\/wp\/v2\/media\/8433"}],"wp:attachment":[{"href":"https:\/\/www.dmoz.fr\/tendances\/wp-json\/wp\/v2\/media?parent=8432"}],"wp:term":[{"taxonomy":"category","embeddable":true,"href":"https:\/\/www.dmoz.fr\/tendances\/wp-json\/wp\/v2\/categories?post=8432"},{"taxonomy":"post_tag","embeddable":true,"href":"https:\/\/www.dmoz.fr\/tendances\/wp-json\/wp\/v2\/tags?post=8432"}],"curies":[{"name":"wp","href":"https:\/\/api.w.org\/{rel}","templated":true}]}}