{"id":8455,"date":"2025-10-08T06:46:22","date_gmt":"2025-10-08T05:46:22","guid":{"rendered":"https:\/\/www.dmoz.fr\/tendances\/ed-gein-les-veritables-causes-de-sa-mort-et-son-histoire\/"},"modified":"2025-10-08T06:46:22","modified_gmt":"2025-10-08T05:46:22","slug":"ed-gein-les-veritables-causes-de-sa-mort-et-son-histoire","status":"publish","type":"post","link":"https:\/\/www.dmoz.fr\/tendances\/ed-gein-les-veritables-causes-de-sa-mort-et-son-histoire\/","title":{"rendered":"Ed Gein : les v\u00e9ritables causes de sa mort et son histoire"},"content":{"rendered":"<p><\/p>\n<div id='video-container' data-video-id='GBgX9wL8eQ0' style='width:100%; height:auto; max-width:587px; position: relative;'>\n<div class='image-video-plugin' style='background:url(\"https:\/\/img.youtube.com\/vi\/GBgX9wL8eQ0\/0.jpg\") center no-repeat; background-size: cover;'><\/div>\n<p>        <span class='youtube-play-button'><\/span><br \/>\n        <noscript><a href=\"https:\/\/www.youtube.com\/watch?v=GBgX9wL8eQ0\" target=\"_blank\" rel=\"noopener\"><\/a><\/noscript>\n    <\/div>\n<p><\/p>\n<h2>Ed Gein : les v\u00e9ritables causes de sa mort et son histoire<\/h2>\n<p>Ed Gein, n\u00e9 le 27 ao\u00fbt 1906 \u00e0 La Crosse, Wisconsin, est devenu une figure notoire de l\u2019histoire criminelle am\u00e9ricaine apr\u00e8s son arrestation en 1957 pour le meurtre de deux femmes, Bernice Worden et Mary Hogan. Ses crimes, marqu\u00e9s par des actes de n\u00e9crophilie et la cr\u00e9ation d\u2019objets macabres \u00e0 partir de restes humains, ont inspir\u00e9 des personnages de fiction tels que Norman Bates dans <em>Psychose<\/em> et Leatherface dans <em>Massacre \u00e0 la tron\u00e7onneuse<\/em>. Gein a \u00e9t\u00e9 d\u00e9clar\u00e9 l\u00e9galement fou en 1958 et intern\u00e9 \u00e0 l\u2019h\u00f4pital psychiatrique Central State de Waupun, o\u00f9 il a pass\u00e9 la majeure partie de sa vie. Il est d\u00e9c\u00e9d\u00e9 le 26 juillet 1984 \u00e0 l\u2019\u00e2ge de 77 ans des suites de complications respiratoires li\u00e9es \u00e0 un cancer du poumon et \u00e0 une insuffisance cardiaque.<\/p>\n<p>La vie de Gein a \u00e9t\u00e9 marqu\u00e9e par une enfance difficile sous l\u2019influence d\u2019une m\u00e8re aust\u00e8re, Augusta Gein, qui lui inculquait une vision puritaine et r\u00e9pressive de la sexualit\u00e9. Apr\u00e8s la mort de ses parents, il a v\u00e9cu isol\u00e9 dans leur ferme de Plainfield, Wisconsin, o\u00f9 il a commenc\u00e9 \u00e0 exhumer des cadavres dans les cimeti\u00e8res locaux. Ses crimes ont \u00e9t\u00e9 d\u00e9couverts lors d\u2019une perquisition qui a r\u00e9v\u00e9l\u00e9 des objets macabres fabriqu\u00e9s \u00e0 partir de peaux humaines, des cr\u00e2nes transform\u00e9s en bols et des masques faciaux. Bien que Gein n\u2019ait \u00e9t\u00e9 condamn\u00e9 que pour deux meurtres, son h\u00e9ritage macabre continue d\u2019influencer la culture populaire et les \u00e9tudes criminologiques.<\/p>\n<p>[aib_post_related url=&rsquo;\/tendances\/rabanne-community-fr-explorez-lunivers-et-les-actualites-de-la-marque\/&rsquo; title=&rsquo;Rabanne Community FR : explorez l&#039;univers et les actualit\u00e9s de la marque&rsquo; relatedtext=&rsquo;Vous pourriez \u00e9galement \u00eatre int\u00e9ress\u00e9 par:&rsquo;]<\/p>\n<p><h3>Questions cl\u00e9s sur Ed Gein et sa mort<\/h3>\n<p><\/p>\n<ul><\/p>\n<li><strong>Quelles ont \u00e9t\u00e9 les causes exactes de la mort d\u2019Ed Gein ?<\/strong><br \/>Ed Gein est d\u00e9c\u00e9d\u00e9 le 26 juillet 1984 des suites de complications respiratoires dues \u00e0 un cancer du poumon et \u00e0 une insuffisance cardiaque.<\/li>\n<p><\/p>\n<li><strong>O\u00f9 Ed Gein a-t-il pass\u00e9 la majeure partie de sa vie apr\u00e8s son arrestation ?<\/strong><br \/>Il a \u00e9t\u00e9 intern\u00e9 \u00e0 l\u2019h\u00f4pital psychiatrique Central State de Waupun, Wisconsin, apr\u00e8s avoir \u00e9t\u00e9 d\u00e9clar\u00e9 l\u00e9galement fou en 1958.<\/li>\n<p><\/p>\n<li><strong>Quels \u00e9l\u00e9ments de la vie de Gein ont influenc\u00e9 ses crimes ?<\/strong><br \/>Son enfance marqu\u00e9e par l\u2019influence r\u00e9pressive de sa m\u00e8re, Augusta Gein, et son isolement social ont jou\u00e9 un r\u00f4le cl\u00e9 dans le d\u00e9veloppement de ses comportements criminels.<\/li>\n<p>\n<\/ul><\/p>\n","protected":false},"excerpt":{"rendered":"<p>Ed Gein : les v\u00e9ritables causes de sa mort et son histoire Ed Gein, n\u00e9 le 27 ao\u00fbt 1906 \u00e0 La Crosse, Wisconsin, est devenu une figure notoire de l\u2019histoire criminelle am\u00e9ricaine apr\u00e8s son arrestation en 1957 pour le meurtre de deux femmes, Bernice Worden et Mary Hogan. Ses crimes, marqu\u00e9s par des actes de&#8230;<\/p>\n","protected":false},"author":1,"featured_media":8456,"comment_status":"open","ping_status":"","sticky":false,"template":"","format":"standard","meta":{"_kad_post_transparent":"","_kad_post_title":"","_kad_post_layout":"","_kad_post_sidebar_id":"","_kad_post_content_style":"","_kad_post_vertical_padding":"","_kad_post_feature":"","_kad_post_feature_position":"","_kad_post_header":false,"_kad_post_footer":false,"_kad_post_classname":"","iawp_total_views":23,"footnotes":""},"categories":[1],"tags":[],"class_list":["post-8455","post","type-post","status-publish","format-standard","has-post-thumbnail","hentry","category-actualites"],"_links":{"self":[{"href":"https:\/\/www.dmoz.fr\/tendances\/wp-json\/wp\/v2\/posts\/8455","targetHints":{"allow":["GET"]}}],"collection":[{"href":"https:\/\/www.dmoz.fr\/tendances\/wp-json\/wp\/v2\/posts"}],"about":[{"href":"https:\/\/www.dmoz.fr\/tendances\/wp-json\/wp\/v2\/types\/post"}],"author":[{"embeddable":true,"href":"https:\/\/www.dmoz.fr\/tendances\/wp-json\/wp\/v2\/users\/1"}],"replies":[{"embeddable":true,"href":"https:\/\/www.dmoz.fr\/tendances\/wp-json\/wp\/v2\/comments?post=8455"}],"version-history":[{"count":0,"href":"https:\/\/www.dmoz.fr\/tendances\/wp-json\/wp\/v2\/posts\/8455\/revisions"}],"wp:featuredmedia":[{"embeddable":true,"href":"https:\/\/www.dmoz.fr\/tendances\/wp-json\/wp\/v2\/media\/8456"}],"wp:attachment":[{"href":"https:\/\/www.dmoz.fr\/tendances\/wp-json\/wp\/v2\/media?parent=8455"}],"wp:term":[{"taxonomy":"category","embeddable":true,"href":"https:\/\/www.dmoz.fr\/tendances\/wp-json\/wp\/v2\/categories?post=8455"},{"taxonomy":"post_tag","embeddable":true,"href":"https:\/\/www.dmoz.fr\/tendances\/wp-json\/wp\/v2\/tags?post=8455"}],"curies":[{"name":"wp","href":"https:\/\/api.w.org\/{rel}","templated":true}]}}