{"id":8460,"date":"2025-10-08T08:17:18","date_gmt":"2025-10-08T07:17:18","guid":{"rendered":"https:\/\/www.dmoz.fr\/tendances\/main-square-festival-2026-les-premieres-informations-sur-les-dates-et-la-programmation\/"},"modified":"2025-10-08T08:17:18","modified_gmt":"2025-10-08T07:17:18","slug":"main-square-festival-2026-les-premieres-informations-sur-les-dates-et-la-programmation","status":"publish","type":"post","link":"https:\/\/www.dmoz.fr\/tendances\/main-square-festival-2026-les-premieres-informations-sur-les-dates-et-la-programmation\/","title":{"rendered":"Main Square Festival 2026 : les premi\u00e8res informations sur les dates et la programmation"},"content":{"rendered":"<p><\/p>\n<div id='video-container' data-video-id='cYFIuaTctM0' style='width:100%; height:auto; max-width:587px; position: relative;'>\n<div class='image-video-plugin' style='background:url(\"https:\/\/img.youtube.com\/vi\/cYFIuaTctM0\/0.jpg\") center no-repeat; background-size: cover;'><\/div>\n<p>        <span class='youtube-play-button'><\/span><br \/>\n        <noscript><a href=\"https:\/\/www.youtube.com\/watch?v=cYFIuaTctM0\" target=\"_blank\" rel=\"noopener\"><\/a><\/noscript>\n    <\/div>\n<p><\/p>\n<h2>Main Square Festival 2026 : les premi\u00e8res informations sur les dates et la programmation<\/h2>\n<p>Le <strong>Main Square Festival 2026<\/strong> se tiendra du <strong>4 au 6 juillet<\/strong> \u00e0 Arras, dans le cadre historique de la Citadelle Vauban, class\u00e9e au patrimoine mondial de l&rsquo;UNESCO. Cet \u00e9v\u00e9nement, organis\u00e9 par <strong>Live Nation France<\/strong>, confirme son statut de rendez-vous majeur de l&rsquo;\u00e9t\u00e9 avec une programmation \u00e9clectique. Les premiers noms d\u00e9voil\u00e9s incluent <strong>Radiohead<\/strong>, en t\u00eate d&rsquo;affiche pour leur unique date fran\u00e7aise, ainsi que <strong>Billie Eilish<\/strong>, <strong>Kendrick Lamar<\/strong> et <strong>Arctic Monkeys<\/strong>. Ces artistes rejoignent une liste d\u00e9j\u00e0 impressionnante, avec plus de <strong>60 groupes et DJs<\/strong> attendus sur les cinq sc\u00e8nes du festival.<\/p>\n<p>La billetterie ouvrira le <strong>15 novembre 2025<\/strong> \u00e0 10h, avec des tarifs d\u00e9butant \u00e0 <strong>199\u20ac<\/strong> pour un pass trois jours. Les organisateurs ont \u00e9galement annonc\u00e9 une collaboration avec <strong>Ecofest<\/strong>, une association sp\u00e9cialis\u00e9e dans la r\u00e9duction de l&rsquo;impact environnemental des festivals, pour renforcer les initiatives de d\u00e9veloppement durable. En 2025, le Main Square Festival avait accueilli <strong>150 000 festivaliers<\/strong> sur trois jours, un chiffre qui devrait \u00eatre d\u00e9pass\u00e9 en 2026 gr\u00e2ce \u00e0 une programmation ambitieuse et une communication renforc\u00e9e sur les r\u00e9seaux sociaux.<\/p>\n<p>[aib_post_related url=&rsquo;\/tendances\/classement-ufc-decryptage-des-categories-poids-moyen-et-poids-lourd\/&rsquo; title=&rsquo;Classement UFC : d\u00e9cryptage des cat\u00e9gories Poids Moyen et Poids Lourd&rsquo; relatedtext=&rsquo;Vous pourriez \u00e9galement \u00eatre int\u00e9ress\u00e9 par:&rsquo;]<\/p>\n<p><h3>Informations pratiques sur Main Square Festival 2026<\/h3>\n<p><\/p>\n<ul><\/p>\n<li><strong>Quand se d\u00e9roule le Main Square Festival 2026 ?<\/strong> Le festival aura lieu du 4 au 6 juillet 2026.<\/li>\n<p><\/p>\n<li><strong>Quels sont les premiers artistes annonc\u00e9s ?<\/strong> Radiohead, Billie Eilish, Kendrick Lamar et Arctic Monkeys font partie des t\u00eates d&rsquo;affiche.<\/li>\n<p><\/p>\n<li><strong>Quand et o\u00f9 acheter les billets ?<\/strong> La billetterie ouvrira le 15 novembre 2025 \u00e0 10h sur le site officiel du festival.<\/li>\n<p>\n<\/ul><\/p>\n","protected":false},"excerpt":{"rendered":"<p>Main Square Festival 2026 : les premi\u00e8res informations sur les dates et la programmation Le Main Square Festival 2026 se tiendra du 4 au 6 juillet \u00e0 Arras, dans le cadre historique de la Citadelle Vauban, class\u00e9e au patrimoine mondial de l&rsquo;UNESCO. Cet \u00e9v\u00e9nement, organis\u00e9 par Live Nation France, confirme son statut de rendez-vous majeur&#8230;<\/p>\n","protected":false},"author":1,"featured_media":8461,"comment_status":"open","ping_status":"","sticky":false,"template":"","format":"standard","meta":{"_kad_post_transparent":"","_kad_post_title":"","_kad_post_layout":"","_kad_post_sidebar_id":"","_kad_post_content_style":"","_kad_post_vertical_padding":"","_kad_post_feature":"","_kad_post_feature_position":"","_kad_post_header":false,"_kad_post_footer":false,"_kad_post_classname":"","iawp_total_views":12,"footnotes":""},"categories":[1],"tags":[],"class_list":["post-8460","post","type-post","status-publish","format-standard","has-post-thumbnail","hentry","category-actualites"],"_links":{"self":[{"href":"https:\/\/www.dmoz.fr\/tendances\/wp-json\/wp\/v2\/posts\/8460","targetHints":{"allow":["GET"]}}],"collection":[{"href":"https:\/\/www.dmoz.fr\/tendances\/wp-json\/wp\/v2\/posts"}],"about":[{"href":"https:\/\/www.dmoz.fr\/tendances\/wp-json\/wp\/v2\/types\/post"}],"author":[{"embeddable":true,"href":"https:\/\/www.dmoz.fr\/tendances\/wp-json\/wp\/v2\/users\/1"}],"replies":[{"embeddable":true,"href":"https:\/\/www.dmoz.fr\/tendances\/wp-json\/wp\/v2\/comments?post=8460"}],"version-history":[{"count":0,"href":"https:\/\/www.dmoz.fr\/tendances\/wp-json\/wp\/v2\/posts\/8460\/revisions"}],"wp:featuredmedia":[{"embeddable":true,"href":"https:\/\/www.dmoz.fr\/tendances\/wp-json\/wp\/v2\/media\/8461"}],"wp:attachment":[{"href":"https:\/\/www.dmoz.fr\/tendances\/wp-json\/wp\/v2\/media?parent=8460"}],"wp:term":[{"taxonomy":"category","embeddable":true,"href":"https:\/\/www.dmoz.fr\/tendances\/wp-json\/wp\/v2\/categories?post=8460"},{"taxonomy":"post_tag","embeddable":true,"href":"https:\/\/www.dmoz.fr\/tendances\/wp-json\/wp\/v2\/tags?post=8460"}],"curies":[{"name":"wp","href":"https:\/\/api.w.org\/{rel}","templated":true}]}}