{"id":8482,"date":"2025-10-08T13:56:39","date_gmt":"2025-10-08T12:56:39","guid":{"rendered":"https:\/\/www.dmoz.fr\/tendances\/greve-sncf-et-ratp-les-previsions-de-trafic-et-les-secteurs-touches\/"},"modified":"2025-10-08T13:56:39","modified_gmt":"2025-10-08T12:56:39","slug":"greve-sncf-et-ratp-les-previsions-de-trafic-et-les-secteurs-touches","status":"publish","type":"post","link":"https:\/\/www.dmoz.fr\/tendances\/greve-sncf-et-ratp-les-previsions-de-trafic-et-les-secteurs-touches\/","title":{"rendered":"Gr\u00e8ve SNCF et RATP : les pr\u00e9visions de trafic et les secteurs touch\u00e9s"},"content":{"rendered":"<p><\/p>\n<div id='video-container' data-video-id='TVoz-VKOBpU' style='width:100%; height:auto; max-width:587px; position: relative;'>\n<div class='image-video-plugin' style='background:url(\"https:\/\/img.youtube.com\/vi\/TVoz-VKOBpU\/0.jpg\") center no-repeat; background-size: cover;'><\/div>\n<p>        <span class='youtube-play-button'><\/span><br \/>\n        <noscript><a href=\"https:\/\/www.youtube.com\/watch?v=TVoz-VKOBpU\" target=\"_blank\" rel=\"noopener\"><\/a><\/noscript>\n    <\/div>\n<p><\/p>\n<h2>Gr\u00e8ve SNCF et RATP : les pr\u00e9visions de trafic et les secteurs touch\u00e9s<\/h2>\n<p>La gr\u00e8ve pr\u00e9vue les 15 et 16 novembre 2023 par la CGT, l\u2019UNSA et Sud-Rail impacte significativement les r\u00e9seaux de la SNCF et de la RATP. Selon les pr\u00e9visions de la SNCF, seulement 30 % des trains TGV et Intercit\u00e9s seront en circulation, tandis que les TER seront perturb\u00e9s \u00e0 hauteur de 50 %. Du c\u00f4t\u00e9 de la RATP, la ligne 14, enti\u00e8rement automatis\u00e9e, fonctionnera normalement, mais les lignes 1, 4 et 13 seront fortement r\u00e9duites, avec un trafic estim\u00e9 \u00e0 20 % de la normale. Les usagers sont invit\u00e9s \u00e0 privil\u00e9gier le t\u00e9l\u00e9travail ou \u00e0 anticiper leurs d\u00e9placements.<\/p>\n<p>[aib_post_related url=&rsquo;\/tendances\/enfant-papillon\/&rsquo; title=&rsquo;L&#039;envol fascinant de l&#039;enfant papillon : d\u00e9couvrez un monde de magie et de transformation !&rsquo; relatedtext=&rsquo;Vous pourriez \u00e9galement \u00eatre int\u00e9ress\u00e9 par:&rsquo;]<\/p>\n<p>Les secteurs les plus touch\u00e9s incluent l\u2019\u00cele-de-France, o\u00f9 les liaisons RER A et B seront particuli\u00e8rement perturb\u00e9es, avec un trafic limit\u00e9 \u00e0 10 % aux heures de pointe. En r\u00e9gion, les gares de Lyon-Part-Dieu, Marseille-Saint-Charles et Lille-Flandres signalent des annulations massives de trains r\u00e9gionaux et nationaux. Les syndicats d\u00e9noncent les conditions de travail et r\u00e9clament une revalorisation salariale, tandis que la direction de la SNCF et de la RATP appelle \u00e0 la n\u00e9gociation pour limiter l\u2019impact sur les usagers.<\/p>\n<p>[aib_post_related url=&rsquo;\/tendances\/maladie-de-lyme-traitement\/&rsquo; title=&rsquo;Maladie de Lyme traitement : d\u00e9couvrez les solutions efficaces pour en finir&rsquo; relatedtext=&rsquo;Vous pourriez \u00e9galement \u00eatre int\u00e9ress\u00e9 par:&rsquo;]<\/p>\n<p><h3>Informations pratiques sur la gr\u00e8ve SNCF et RATP<\/h3>\n<ul>\n<li><strong>Quelles lignes RATP sont les plus touch\u00e9es ?<\/strong> Les lignes 1, 4 et 13 sont fortement perturb\u00e9es, avec un trafic r\u00e9duit \u00e0 20 % de la normale.<\/li>\n<li><strong>Quel est l\u2019impact sur les TGV et Intercit\u00e9s ?<\/strong> Seulement 30 % des TGV et Intercit\u00e9s circuleront les 15 et 16 novembre.<\/li>\n<li><strong>Les RER sont-ils concern\u00e9s par la gr\u00e8ve ?<\/strong> Oui, les RER A et B seront particuli\u00e8rement perturb\u00e9s, avec un trafic limit\u00e9 \u00e0 10 % aux heures de pointe.<\/li>\n<\/ul>\n","protected":false},"excerpt":{"rendered":"<p>Gr\u00e8ve SNCF et RATP : les pr\u00e9visions de trafic et les secteurs touch\u00e9s La gr\u00e8ve pr\u00e9vue les 15 et 16 novembre 2023 par la CGT, l\u2019UNSA et Sud-Rail impacte significativement les r\u00e9seaux de la SNCF et de la RATP. Selon les pr\u00e9visions de la SNCF, seulement 30 % des trains TGV et Intercit\u00e9s seront en&#8230;<\/p>\n","protected":false},"author":1,"featured_media":8483,"comment_status":"open","ping_status":"","sticky":false,"template":"","format":"standard","meta":{"_kad_post_transparent":"","_kad_post_title":"","_kad_post_layout":"","_kad_post_sidebar_id":"","_kad_post_content_style":"","_kad_post_vertical_padding":"","_kad_post_feature":"","_kad_post_feature_position":"","_kad_post_header":false,"_kad_post_footer":false,"_kad_post_classname":"","iawp_total_views":0,"footnotes":""},"categories":[1],"tags":[],"class_list":["post-8482","post","type-post","status-publish","format-standard","has-post-thumbnail","hentry","category-actualites"],"_links":{"self":[{"href":"https:\/\/www.dmoz.fr\/tendances\/wp-json\/wp\/v2\/posts\/8482","targetHints":{"allow":["GET"]}}],"collection":[{"href":"https:\/\/www.dmoz.fr\/tendances\/wp-json\/wp\/v2\/posts"}],"about":[{"href":"https:\/\/www.dmoz.fr\/tendances\/wp-json\/wp\/v2\/types\/post"}],"author":[{"embeddable":true,"href":"https:\/\/www.dmoz.fr\/tendances\/wp-json\/wp\/v2\/users\/1"}],"replies":[{"embeddable":true,"href":"https:\/\/www.dmoz.fr\/tendances\/wp-json\/wp\/v2\/comments?post=8482"}],"version-history":[{"count":0,"href":"https:\/\/www.dmoz.fr\/tendances\/wp-json\/wp\/v2\/posts\/8482\/revisions"}],"wp:featuredmedia":[{"embeddable":true,"href":"https:\/\/www.dmoz.fr\/tendances\/wp-json\/wp\/v2\/media\/8483"}],"wp:attachment":[{"href":"https:\/\/www.dmoz.fr\/tendances\/wp-json\/wp\/v2\/media?parent=8482"}],"wp:term":[{"taxonomy":"category","embeddable":true,"href":"https:\/\/www.dmoz.fr\/tendances\/wp-json\/wp\/v2\/categories?post=8482"},{"taxonomy":"post_tag","embeddable":true,"href":"https:\/\/www.dmoz.fr\/tendances\/wp-json\/wp\/v2\/tags?post=8482"}],"curies":[{"name":"wp","href":"https:\/\/api.w.org\/{rel}","templated":true}]}}