{"id":8486,"date":"2025-10-08T14:59:21","date_gmt":"2025-10-08T13:59:21","guid":{"rendered":"https:\/\/www.dmoz.fr\/tendances\/fete-des-grands-meres-2025-la-date-officielle-et-des-idees-pour-la-celebrer\/"},"modified":"2025-10-08T14:59:21","modified_gmt":"2025-10-08T13:59:21","slug":"fete-des-grands-meres-2025-la-date-officielle-et-des-idees-pour-la-celebrer","status":"publish","type":"post","link":"https:\/\/www.dmoz.fr\/tendances\/fete-des-grands-meres-2025-la-date-officielle-et-des-idees-pour-la-celebrer\/","title":{"rendered":"F\u00eate des grands-m\u00e8res 2025 : la date officielle et des id\u00e9es pour la c\u00e9l\u00e9brer"},"content":{"rendered":"<p><\/p>\n<div id='video-container' data-video-id='GkL7hMjbjLo' style='width:100%; height:auto; max-width:587px; position: relative;'>\n<div class='image-video-plugin' style='background:url(\"https:\/\/img.youtube.com\/vi\/GkL7hMjbjLo\/0.jpg\") center no-repeat; background-size: cover;'><\/div>\n<p>        <span class='youtube-play-button'><\/span><br \/>\n        <noscript><a href=\"https:\/\/www.youtube.com\/watch?v=GkL7hMjbjLo\" target=\"_blank\" rel=\"noopener\"><\/a><\/noscript>\n    <\/div>\n<p><\/p>\n<h2>F\u00eate des grands-m\u00e8res 2025 : la date officielle et des id\u00e9es pour la c\u00e9l\u00e9brer<\/h2>\n<p>La <strong>F\u00eate des grands-m\u00e8res 2025<\/strong> se tiendra le <strong>dimanche 2 mars<\/strong>, une date fix\u00e9e selon la tradition instaur\u00e9e en 1987 par la marque <strong>Caf\u00e9 Grand\u2019M\u00e8re<\/strong> du groupe <strong>Kraft Foods<\/strong>. Cette journ\u00e9e, d\u00e9di\u00e9e \u00e0 honorer les a\u00een\u00e9es, est c\u00e9l\u00e9br\u00e9e chaque ann\u00e9e le premier dimanche de mars. En France, cette f\u00eate a pris une ampleur significative, avec des initiatives comme celles de la <strong>F\u00e9d\u00e9ration des Grands-M\u00e8res Actives (FGMA)<\/strong>, qui organise des \u00e9v\u00e9nements locaux pour renforcer les liens interg\u00e9n\u00e9rationnels.<\/p>\n<p>Pour marquer cette occasion, plusieurs id\u00e9es peuvent \u00eatre envisag\u00e9es : offrir un atelier cr\u00e9atif dans un lieu comme <strong>Les Ateliers de la Bonne Graine<\/strong> \u00e0 Paris, partager un repas familial pr\u00e9par\u00e9 avec des recettes traditionnelles, ou encore offrir un livre tel que <em>&ldquo;Le Grand Livre de ma grand-m\u00e8re&rdquo;<\/em> de <strong>Christine Beigel<\/strong>. Les <strong>jardins botaniques<\/strong>, comme ceux de <strong>Lyon<\/strong> ou <strong>Nantes<\/strong>, proposent souvent des visites guid\u00e9es sp\u00e9ciales pour cette journ\u00e9e, permettant de passer un moment convivial en plein air.<\/p>\n<p>[aib_post_related url=&rsquo;\/tendances\/emilien-jacquelin\/&rsquo; title=&rsquo;Emilien Jacquelin : le champion aux multiples facettes qui \u00e9tonne le monde du biathlon&rsquo; relatedtext=&rsquo;Vous pourriez \u00e9galement \u00eatre int\u00e9ress\u00e9 par:&rsquo;]<\/p>\n<h3>Informations pratiques sur la F\u00eate des grands-m\u00e8res 2025<\/h3>\n<p><\/p>\n<ul><\/p>\n<li><strong>Quelle est la date officielle de la F\u00eate des grands-m\u00e8res en 2025 ?<\/strong> La F\u00eate des grands-m\u00e8res 2025 aura lieu le dimanche 2 mars.<\/li>\n<p><\/p>\n<li><strong>Quelles activit\u00e9s sont recommand\u00e9es pour c\u00e9l\u00e9brer cette journ\u00e9e ?<\/strong> Des ateliers cr\u00e9atifs, des repas familiaux ou des visites dans des jardins botaniques sont des options populaires.<\/li>\n<p><\/p>\n<li><strong>Quelle organisation soutient activement cette f\u00eate en France ?<\/strong> La F\u00e9d\u00e9ration des Grands-M\u00e8res Actives (FGMA) organise r\u00e9guli\u00e8rement des \u00e9v\u00e9nements pour cette occasion.<\/li>\n<p>\n<\/ul><\/p>\n","protected":false},"excerpt":{"rendered":"<p>F\u00eate des grands-m\u00e8res 2025 : la date officielle et des id\u00e9es pour la c\u00e9l\u00e9brer La F\u00eate des grands-m\u00e8res 2025 se tiendra le dimanche 2 mars, une date fix\u00e9e selon la tradition instaur\u00e9e en 1987 par la marque Caf\u00e9 Grand\u2019M\u00e8re du groupe Kraft Foods. Cette journ\u00e9e, d\u00e9di\u00e9e \u00e0 honorer les a\u00een\u00e9es, est c\u00e9l\u00e9br\u00e9e chaque ann\u00e9e le&#8230;<\/p>\n","protected":false},"author":1,"featured_media":8487,"comment_status":"open","ping_status":"","sticky":false,"template":"","format":"standard","meta":{"_kad_post_transparent":"","_kad_post_title":"","_kad_post_layout":"","_kad_post_sidebar_id":"","_kad_post_content_style":"","_kad_post_vertical_padding":"","_kad_post_feature":"","_kad_post_feature_position":"","_kad_post_header":false,"_kad_post_footer":false,"_kad_post_classname":"","iawp_total_views":4,"footnotes":""},"categories":[1],"tags":[],"class_list":["post-8486","post","type-post","status-publish","format-standard","has-post-thumbnail","hentry","category-actualites"],"_links":{"self":[{"href":"https:\/\/www.dmoz.fr\/tendances\/wp-json\/wp\/v2\/posts\/8486","targetHints":{"allow":["GET"]}}],"collection":[{"href":"https:\/\/www.dmoz.fr\/tendances\/wp-json\/wp\/v2\/posts"}],"about":[{"href":"https:\/\/www.dmoz.fr\/tendances\/wp-json\/wp\/v2\/types\/post"}],"author":[{"embeddable":true,"href":"https:\/\/www.dmoz.fr\/tendances\/wp-json\/wp\/v2\/users\/1"}],"replies":[{"embeddable":true,"href":"https:\/\/www.dmoz.fr\/tendances\/wp-json\/wp\/v2\/comments?post=8486"}],"version-history":[{"count":0,"href":"https:\/\/www.dmoz.fr\/tendances\/wp-json\/wp\/v2\/posts\/8486\/revisions"}],"wp:featuredmedia":[{"embeddable":true,"href":"https:\/\/www.dmoz.fr\/tendances\/wp-json\/wp\/v2\/media\/8487"}],"wp:attachment":[{"href":"https:\/\/www.dmoz.fr\/tendances\/wp-json\/wp\/v2\/media?parent=8486"}],"wp:term":[{"taxonomy":"category","embeddable":true,"href":"https:\/\/www.dmoz.fr\/tendances\/wp-json\/wp\/v2\/categories?post=8486"},{"taxonomy":"post_tag","embeddable":true,"href":"https:\/\/www.dmoz.fr\/tendances\/wp-json\/wp\/v2\/tags?post=8486"}],"curies":[{"name":"wp","href":"https:\/\/api.w.org\/{rel}","templated":true}]}}