{"id":8546,"date":"2025-11-17T19:18:47","date_gmt":"2025-11-17T18:18:47","guid":{"rendered":"https:\/\/www.dmoz.fr\/tendances\/reforme-retraites-senat\/"},"modified":"2025-11-17T19:18:47","modified_gmt":"2025-11-17T18:18:47","slug":"reforme-retraites-senat","status":"publish","type":"post","link":"https:\/\/www.dmoz.fr\/tendances\/reforme-retraites-senat\/","title":{"rendered":"R\u00e9forme des retraites le passage au S\u00e9nat, une \u00e9tape cl\u00e9 qui a red\u00e9fini les points de crispation du d\u00e9bat public"},"content":{"rendered":"<p><strong>En bref<\/strong> : La r\u00e9forme des retraites en 2025 est \u00e0 un moment crucial, avec son passage au S\u00e9nat qui a profond\u00e9ment redistribu\u00e9 les cartes dans un contexte de points de crispation importants. Les enjeux de cette r\u00e9vision l\u00e9gislative creusent la division entre acteurs politiques et public, tout en confrontant le blocage parlementaire et la n\u00e9cessit\u00e9 d\u2019un consensus. Ce d\u00e9bat public intense refl\u00e8te les d\u00e9fis du syst\u00e8me social fran\u00e7ais face aux r\u00e9alit\u00e9s d\u00e9mographiques et \u00e9conomiques. De nombreux s\u00e9nateurs, notamment Elisabeth Doineau, envisagent d\u00e9j\u00e0 la possibilit\u00e9 d\u2019un r\u00e9tablissement de la r\u00e9forme en cas de suspension, soulignant l\u2019impact d\u2019un tel vote sur la trajectoire future des retraites. Les discussions oscillent entre croyances irreversibles et ajustements temporaires, avec la question centrale de la compensation financi\u00e8re au c\u0153ur des n\u00e9gociations. La complexit\u00e9 de cette \u00e9tape au Parlement illustre bien la tension entre volont\u00e9 politique et r\u00e9alit\u00e9s sociales, o\u00f9 chaque d\u00e9cision pourrait fa\u00e7onner le futur de millions de retrait\u00e9s. La lecture des enjeux permet de mieux comprendre pourquoi le passage au S\u00e9nat demeure une \u00e9tape d\u00e9terminante dans ce processus. <\/p>\n\n<script type=\"application\/ld+json\">{\"@context\":\"https:\\\/\\\/schema.org\",\"@type\":\"Product\",\"name\":\"La retraite des salari\\u00e9s\",\"aggregateRating\":{\"ratingValue\":0,\"reviewCount\":0}}<\/script>\n<div class=\"amazon-products\" data-template=\"grid_1x\">\n<div class=\"amazon-product\">\n<div class=\"amazon-product-content\">\n<div class=\"amazon-product-thumbnail\">\n<img decoding=\"async\" src=\"https:\/\/m.media-amazon.com\/images\/I\/31o7W-WKlPL._AC_UL320_.jpg\" alt=\"La retraite des salari\u00e9s\" title=\"\">\n<\/div>\n<div class=\"amazon-product-title\">La retraite des salari\u00e9s<\/div>\n<div class=\"amazon-product-price\">21\u20ac<\/div>\n<\/div>\n<div class=\"amazon-product-button\">\n<a href=\"https:\/\/www.amazon.fr\/dp\/2865215644\" target=\"_blank\" rel=\"nofollow noopener\">\n<svg xmlns=\"http:\/\/www.w3.org\/2000\/svg\" viewBox=\"0 0 24 24\" fill=\"none\" stroke=\"currentColor\" stroke-width=\"2\" stroke-linecap=\"round\" stroke-linejoin=\"round\" ><circle cx=\"8\" cy=\"21\" r=\"1\"\/><circle cx=\"19\" cy=\"21\" r=\"1\"\/><path d=\"M2.05 2.05h2l2.66 12.42a2 2 0 0 0 2 1.58h9.78a2 2 0 0 0 1.95-1.57l1.65-7.43H5.12\"\/><\/svg>\n<\/a>\n<\/div>\n<\/div>\n<div class=\"amazon-product\">\n<div class=\"amazon-product-content\">\n<div class=\"amazon-product-thumbnail\">\n<img decoding=\"async\" src=\"https:\/\/m.media-amazon.com\/images\/I\/81HXHHVeH2L._AC_UL320_.jpg\" alt=\"Les fiches pratiques du patrimoine\" title=\"\">\n<\/div>\n<div class=\"amazon-product-title\">Les fiches pratiques du patrimoine<\/div>\n<div class=\"amazon-product-price\">41\u20ac<\/div>\n<\/div>\n<div class=\"amazon-product-button\">\n<a href=\"https:\/\/www.amazon.fr\/dp\/2757906135\" target=\"_blank\" rel=\"nofollow noopener\">\n<svg xmlns=\"http:\/\/www.w3.org\/2000\/svg\" viewBox=\"0 0 24 24\" fill=\"none\" stroke=\"currentColor\" stroke-width=\"2\" stroke-linecap=\"round\" stroke-linejoin=\"round\" ><circle cx=\"8\" cy=\"21\" r=\"1\"\/><circle cx=\"19\" cy=\"21\" r=\"1\"\/><path d=\"M2.05 2.05h2l2.66 12.42a2 2 0 0 0 2 1.58h9.78a2 2 0 0 0 1.95-1.57l1.65-7.43H5.12\"\/><\/svg>\n<\/a>\n<\/div>\n<\/div>\n<div class=\"amazon-product\">\n<div class=\"amazon-product-content\">\n<div class=\"amazon-product-thumbnail\">\n<img decoding=\"async\" src=\"https:\/\/m.media-amazon.com\/images\/I\/71in64bVv7L._AC_UL320_.jpg\" alt=\"LE TEMPS RETROUVE, MENSUEL DE LA RETRAITE N\u00b010, JUILLET, AOUT 1987. LE DEFI, TOUR DE FRANCE A LA VOILE. 21 RETRAITES DEFENDENT NOS COULEURS.\" title=\"\">\n<\/div>\n<div class=\"amazon-product-title\">LE TEMPS RETROUVE, MENSUEL DE LA RETRAITE N\u00b010, JUILLET, AOUT 1987. LE DEFI, TOUR DE FRANCE A LA VOILE. 21 RETRAITES DEFENDENT NOS COULEURS.<\/div>\n<div class=\"amazon-product-price\">$<\/div>\n<\/div>\n<div class=\"amazon-product-button\">\n<a href=\"https:\/\/www.amazon.fr\/dp\/B0096AD4OY\" target=\"_blank\" rel=\"nofollow noopener\">\n<svg xmlns=\"http:\/\/www.w3.org\/2000\/svg\" viewBox=\"0 0 24 24\" fill=\"none\" stroke=\"currentColor\" stroke-width=\"2\" stroke-linecap=\"round\" stroke-linejoin=\"round\" ><circle cx=\"8\" cy=\"21\" r=\"1\"\/><circle cx=\"19\" cy=\"21\" r=\"1\"\/><path d=\"M2.05 2.05h2l2.66 12.42a2 2 0 0 0 2 1.58h9.78a2 2 0 0 0 1.95-1.57l1.65-7.43H5.12\"\/><\/svg>\n<\/a>\n<\/div>\n<\/div>\n<\/div>\n\n\n<h2 class=\"wp-block-heading\">Le passage au S\u00e9nat, \u00e9tape cl\u00e9 dans la r\u00e9forme des retraites de 2025<\/h2>\n\n<p>Le 12 novembre 2025, le passage au S\u00e9nat a constitu\u00e9 une \u00e9tape d\u00e9cisive dans le processus de la r\u00e9forme des retraites. Alors que le gouvernement souhaitait maintenir une avanc\u00e9e rapide, cette session a \u00e9t\u00e9 marqu\u00e9e par des d\u00e9bats houleux et une volont\u00e9 affich\u00e9e de r\u00e9tablir ou de modifier le dispositif selon la position des s\u00e9nateurs. Ce moment r\u00e9v\u00e8le l\u2019ampleur des points de crispation, notamment concernant l\u2019\u00e2ge de d\u00e9part et les modalit\u00e9s de revalorisation, qui restent au c\u0153ur du <a href=\"https:\/\/www.dmoz.fr\/tendances\/retraites-comprendre-les-enjeux-et-perspectives\/\">d\u00e9bat public<\/a>. La tension entre majorit\u00e9 et opposition traduit la complexit\u00e9 de la r\u00e9vision l\u00e9gislative, dans un contexte o\u00f9 chaque vote peut faire basculer la trajectoire de la r\u00e9forme.<\/p>\n\n<h3 class=\"wp-block-heading\">R\u00e9organisation du calendrier l\u00e9gislatif et ses enjeux<\/h3>\n\n<ul class=\"wp-block-list\"><li>La majorit\u00e9 s\u00e9natoriale envisage de r\u00e9tablir la r\u00e9forme en cas de suspension par l\u2019Assembl\u00e9e nationale.<\/li><li>Les s\u00e9nateurs centristes insistent sur la n\u00e9cessit\u00e9 de faire face \u00e0 de \u00ab\u00a0r\u00e9alit\u00e9s d\u00e9mographiques\u00a0\u00bb exacerbant le d\u00e9ficit des retraites.<\/li><li>Les blocages parlementaires refl\u00e8tent la fracture politique, rendant toute d\u00e9cision susceptible d\u2019impacter durablement le syst\u00e8me.<\/li><\/ul>\n\n<h2 class=\"wp-block-heading\">Les points de crispation majeurs durant ce passage au S\u00e9nat<\/h2>\n\n<p>Les discussions ont \u00e9t\u00e9 notamment centr\u00e9es sur les modalit\u00e9s de financement et l\u2019\u00e2ge pivot, deux \u00e9l\u00e9ments qui cristallisent l\u2019opposition. Alors que l\u2019un souhaite une r\u00e9vision plus souple, l\u2019autre insiste sur la n\u00e9cessit\u00e9 d\u2019une r\u00e9forme d\u00e9finitive pour assurer l\u2019\u00e9quilibre \u00e0 long terme. Les s\u00e9nateurs ont aussi abord\u00e9 la question des compensations financi\u00e8res, qui reste encore floue en cette \u00e9tape, alimentant d\u2019ultimes d\u00e9bats avant la ratification finale. La d\u00e9cision de <a href=\"https:\/\/www.dmoz.fr\/tendances\/lci-info\/\">r\u00e9gler la question financi\u00e8re<\/a> de fa\u00e7on claire pourrait ouvrir la voie \u00e0 une adoption plus ferme ou, au contraire, \u00e0 une nouvelle suspension. La tension est palpable alors que les enjeux de ce moment d\u00e9cisif d\u00e9passent largement le cadre parlementaire, incarnant un v\u00e9ritable enjeu de soci\u00e9t\u00e9.<\/p>\n\n<h3 class=\"wp-block-heading\">Les enjeux pour la future retraite et la soci\u00e9t\u00e9 fran\u00e7aise<\/h3>\n\n<ol class=\"wp-block-list\"><li><strong>Red\u00e9finir la trajectoire des retraites<\/strong> : Harmoniser les dispositifs tout en r\u00e9pondant aux imp\u00e9ratifs d\u00e9mographiques.<\/li><li><strong>Assurer la p\u00e9rennit\u00e9 financi\u00e8re<\/strong> : Trouver un consensus pour stabiliser le financement du syst\u00e8me social.<\/li><li><strong>G\u00e9rer les r\u00e9sistances sociales<\/strong> : Concilier la volont\u00e9 gouvernementale et la pression publique.<\/li><li><strong>Garantir l\u2019\u00e9quit\u00e9 interg\u00e9n\u00e9rationnelle<\/strong> : \u00c9viter de p\u00e9naliser une g\u00e9n\u00e9ration au b\u00e9n\u00e9fice d\u2019une autre.<\/li><\/ol>\n\n<h2 class=\"wp-block-heading\">Les enjeux m\u00e9thodologiques et politiques de la r\u00e9vision l\u00e9gislative<\/h2>\n\n<p>La confidence des s\u00e9nateurs comme Elisabeth Doineau indique une tendance claire pour la suite : si la r\u00e9forme venait \u00e0 \u00eatre suspendue, la majorit\u00e9 s\u00e9natoriale entendrait la r\u00e9tablir. Ce qui soul\u00e8ve une question essentielle : la <a href=\"https:\/\/www.dmoz.fr\/tendances\/cour-des-comptes-retraites\/\">transparence financi\u00e8re<\/a> et le contr\u00f4le de l\u2019\u00c9tat sur ce processus restent cruciaux pour l\u00e9gitimer la d\u00e9cision. La tactique parlementaire doit jongler avec le souci de faire accepter la r\u00e9forme tout en \u00e9vitant d\u2019alimenter l\u2019instabilit\u00e9, notamment en p\u00e9riode d\u2019incertitude \u00e9conomique et sociale. Le contexte actuel fragilise tout consensus potentiel, mais montre aussi l\u2019importance de l\u2019\u00e9change entre acteurs pour sortir d\u2019un blocage durable.<\/p>\n\n<h2 class=\"wp-block-heading\">Les strat\u00e9gies politiques face aux blocages parlementaires<\/h2>\n\n<p>L\u2019attitude de l\u2019ex\u00e9cutif, entre d\u00e9calage et explicitations, t\u00e9moigne d\u2019une volont\u00e9 de pr\u00e9server la l\u00e9gitimit\u00e9 de la r\u00e9forme. La manoeuvre de la lettre rectificative d\u00e9pos\u00e9e par S\u00e9bastien Lecornu, souvent per\u00e7ue comme un <a href=\"https:\/\/www.dmoz.fr\/tendances\/actualites-macron\/\">d\u00e9calage strat\u00e9gique<\/a>, d\u00e9rive d\u2019une tentative d\u2019apaiser les tensions tout en assurant la continuit\u00e9 de la r\u00e9forme. Toutefois, cette m\u00e9thode soul\u00e8ve des interrogations sur la cr\u00e9dibilit\u00e9 de l\u2019engagement gouvernemental et la perception du consensus politique, qui reste fragile face aux r\u00e9sistances sociales. La question de la <a href=\"https:\/\/www.dmoz.fr\/tendances\/bfmtv-champs-elysees\/\">gestion des compromis<\/a> devient alors centrale dans cette phase de n\u00e9gociation, o\u00f9 chaque mesure peut influencer la stabilit\u00e9 du syst\u00e8me ou alimenter un nouveau cycle de blocages.<\/p>\n\n<h3 class=\"wp-block-heading\">Les perspectives d\u2019avenir pour une r\u00e9forme responsable<\/h3>\n\n<ul class=\"wp-block-list\"><li>Maintenir un dialogue constant entre l\u00e9gislateurs et parties prenantes.<\/li><li>Adopter une strat\u00e9gie flexible tout en gardant l\u2019objectif de long terme.<\/li><li>Renforcer la transparence pour rassurer l\u2019opinion publique et les acteurs sociaux.<\/li><li>Pr\u00e9parer la l\u00e9gislation pour anticiper d\u2019\u00e9ventuelles nouvelles r\u00e9sistances.<\/li><\/ul>\n\n<h2 class=\"wp-block-heading\">Questions fr\u00e9quentes (FAQ)<\/h2>\n\n<script type=\"application\/ld+json\">\n{\"@context\":\"https:\/\/schema.org\",\"@type\":\"FAQPage\",\"mainEntity\":[{\"@type\":\"Question\",\"name\":\"Que signifie la suspension de la ru00e9forme des retraites au Parlement ?\",\"acceptedAnswer\":{\"@type\":\"Answer\",\"text\":\"Elle du00e9signe l'arru00eat temporaire de la progression du projet de loi, permettant aux acteurs parlementaires de nu00e9gocier ou de revoir certains u00e9lu00e9ments avant une possible reprise.\"}},{\"@type\":\"Question\",\"name\":\"Quel ru00f4le joue le Su00e9nat dans la ru00e9forme des retraites en 2025 ?\",\"acceptedAnswer\":{\"@type\":\"Answer\",\"text\":\"Il constitue une u00e9tape cruciale, car ses votes peuvent confirmer ou modifier le cap fixu00e9 par lu2019Assemblu00e9e nationale, tout en influenu00e7ant la perception publique et la stabilitu00e9 du processus lu00e9gislatif.\"}},{\"@type\":\"Question\",\"name\":\"Quels sont les principaux points de crispation dans le du00e9bat ?\",\"acceptedAnswer\":{\"@type\":\"Answer\",\"text\":\"Les du00e9bats portent surtout sur l'u00e2ge de du00e9part, le financement et la compensation financiu00e8re, qui restent encore sujets u00e0 discussions et tensions entre les diffu00e9rentes formations politiques.\"}},{\"@type\":\"Question\",\"name\":\"Comment le gouvernement compte-t-il assurer lu2019u00e9quilibre financier des retraites ?\",\"acceptedAnswer\":{\"@type\":\"Answer\",\"text\":\"Par le biais de mesures telles que la ru00e9duction des revalorisations ou la ru00e9vision des paramu00e8tres de calcul, tout en cherchant u00e0 maintenir la lu00e9gitimitu00e9 politique du projet.\"}}]}\n<\/script>\n<h3>Que signifie la suspension de la r\u00e9forme des retraites au Parlement ?<\/h3>\n<p>Elle d\u00e9signe l&rsquo;arr\u00eat temporaire de la progression du projet de loi, permettant aux acteurs parlementaires de n\u00e9gocier ou de revoir certains \u00e9l\u00e9ments avant une possible reprise.<\/p>\n<h3>Quel r\u00f4le joue le S\u00e9nat dans la r\u00e9forme des retraites en 2025 ?<\/h3>\n<p>Il constitue une \u00e9tape cruciale, car ses votes peuvent confirmer ou modifier le cap fix\u00e9 par l\u2019Assembl\u00e9e nationale, tout en influen\u00e7ant la perception publique et la stabilit\u00e9 du processus l\u00e9gislatif.<\/p>\n<h3>Quels sont les principaux points de crispation dans le d\u00e9bat ?<\/h3>\n<p>Les d\u00e9bats portent surtout sur l&rsquo;\u00e2ge de d\u00e9part, le financement et la compensation financi\u00e8re, qui restent encore sujets \u00e0 discussions et tensions entre les diff\u00e9rentes formations politiques.<\/p>\n<h3>Comment le gouvernement compte-t-il assurer l\u2019\u00e9quilibre financier des retraites ?<\/h3>\n<p>Par le biais de mesures telles que la r\u00e9duction des revalorisations ou la r\u00e9vision des param\u00e8tres de calcul, tout en cherchant \u00e0 maintenir la l\u00e9gitimit\u00e9 politique du projet.<\/p>\n\n","protected":false},"excerpt":{"rendered":"<p>En bref : La r\u00e9forme des retraites en 2025 est \u00e0 un moment crucial, avec son passage au S\u00e9nat qui a profond\u00e9ment redistribu\u00e9 les cartes dans un contexte de points de crispation importants. Les enjeux de cette r\u00e9vision l\u00e9gislative creusent la division entre acteurs politiques et public, tout en confrontant le blocage parlementaire et la&#8230;<\/p>\n","protected":false},"author":1,"featured_media":0,"comment_status":"open","ping_status":"","sticky":false,"template":"","format":"standard","meta":{"_kad_post_transparent":"","_kad_post_title":"","_kad_post_layout":"","_kad_post_sidebar_id":"","_kad_post_content_style":"","_kad_post_vertical_padding":"","_kad_post_feature":"","_kad_post_feature_position":"","_kad_post_header":false,"_kad_post_footer":false,"_kad_post_classname":"","iawp_total_views":3,"footnotes":""},"categories":[1],"tags":[70,69,71,72,68],"class_list":["post-8546","post","type-post","status-publish","format-standard","hentry","category-actualites","tag-debat-public","tag-passage-au-senat","tag-points-de-crispation","tag-politique-francaise","tag-reforme-des-retraites"],"_links":{"self":[{"href":"https:\/\/www.dmoz.fr\/tendances\/wp-json\/wp\/v2\/posts\/8546","targetHints":{"allow":["GET"]}}],"collection":[{"href":"https:\/\/www.dmoz.fr\/tendances\/wp-json\/wp\/v2\/posts"}],"about":[{"href":"https:\/\/www.dmoz.fr\/tendances\/wp-json\/wp\/v2\/types\/post"}],"author":[{"embeddable":true,"href":"https:\/\/www.dmoz.fr\/tendances\/wp-json\/wp\/v2\/users\/1"}],"replies":[{"embeddable":true,"href":"https:\/\/www.dmoz.fr\/tendances\/wp-json\/wp\/v2\/comments?post=8546"}],"version-history":[{"count":0,"href":"https:\/\/www.dmoz.fr\/tendances\/wp-json\/wp\/v2\/posts\/8546\/revisions"}],"wp:attachment":[{"href":"https:\/\/www.dmoz.fr\/tendances\/wp-json\/wp\/v2\/media?parent=8546"}],"wp:term":[{"taxonomy":"category","embeddable":true,"href":"https:\/\/www.dmoz.fr\/tendances\/wp-json\/wp\/v2\/categories?post=8546"},{"taxonomy":"post_tag","embeddable":true,"href":"https:\/\/www.dmoz.fr\/tendances\/wp-json\/wp\/v2\/tags?post=8546"}],"curies":[{"name":"wp","href":"https:\/\/api.w.org\/{rel}","templated":true}]}}